{"id":28802,"date":"2021-11-08T10:13:11","date_gmt":"2021-11-08T13:13:11","guid":{"rendered":"https:\/\/atecordoba.org\/?p=28802"},"modified":"2021-11-08T10:13:45","modified_gmt":"2021-11-08T13:13:45","slug":"la-cymat-realizo-inspecciones-de-dependencias-de-la-fuerza-aerea-en-caba-y-provincia-de-buenos-aires","status":"publish","type":"post","link":"https:\/\/atecordoba.org\/?p=28802","title":{"rendered":"La CyMAT realiz\u00f3 inspecciones de dependencias de la Fuerza A\u00e9rea en CABA y Provincia de Buenos Aires"},"content":{"rendered":"\n<figure class=\"wp-block-gallery columns-4 is-cropped wp-block-gallery-1 is-layout-flex wp-block-gallery-is-layout-flex\"><ul class=\"blocks-gallery-grid\"><li class=\"blocks-gallery-item\"><figure><img loading=\"lazy\" decoding=\"async\" width=\"1024\" height=\"576\" src=\"https:\/\/atecordoba.org\/wp-content\/uploads\/2021\/11\/IMG-20211108-WA0052-1024x576.jpg\" alt=\"\" data-id=\"28803\" data-full-url=\"https:\/\/atecordoba.org\/wp-content\/uploads\/2021\/11\/IMG-20211108-WA0052.jpg\" data-link=\"https:\/\/atecordoba.org\/?attachment_id=28803\" class=\"wp-image-28803\" srcset=\"https:\/\/atecordoba.org\/wp-content\/uploads\/2021\/11\/IMG-20211108-WA0052-1024x576.jpg 1024w, https:\/\/atecordoba.org\/wp-content\/uploads\/2021\/11\/IMG-20211108-WA0052-300x169.jpg 300w, https:\/\/atecordoba.org\/wp-content\/uploads\/2021\/11\/IMG-20211108-WA0052-768x432.jpg 768w, https:\/\/atecordoba.org\/wp-content\/uploads\/2021\/11\/IMG-20211108-WA0052-1536x864.jpg 1536w, https:\/\/atecordoba.org\/wp-content\/uploads\/2021\/11\/IMG-20211108-WA0052-750x422.jpg 750w, https:\/\/atecordoba.org\/wp-content\/uploads\/2021\/11\/IMG-20211108-WA0052-1140x641.jpg 1140w, https:\/\/atecordoba.org\/wp-content\/uploads\/2021\/11\/IMG-20211108-WA0052.jpg 1600w\" sizes=\"auto, (max-width: 1024px) 100vw, 1024px\" \/><\/figure><\/li><li class=\"blocks-gallery-item\"><figure><img loading=\"lazy\" decoding=\"async\" width=\"576\" height=\"1024\" src=\"https:\/\/atecordoba.org\/wp-content\/uploads\/2021\/11\/IMG-20211108-WA0054-576x1024.jpg\" alt=\"\" data-id=\"28804\" data-full-url=\"https:\/\/atecordoba.org\/wp-content\/uploads\/2021\/11\/IMG-20211108-WA0054.jpg\" data-link=\"https:\/\/atecordoba.org\/?attachment_id=28804\" class=\"wp-image-28804\" srcset=\"https:\/\/atecordoba.org\/wp-content\/uploads\/2021\/11\/IMG-20211108-WA0054-576x1024.jpg 576w, https:\/\/atecordoba.org\/wp-content\/uploads\/2021\/11\/IMG-20211108-WA0054-169x300.jpg 169w, https:\/\/atecordoba.org\/wp-content\/uploads\/2021\/11\/IMG-20211108-WA0054.jpg 720w\" sizes=\"auto, (max-width: 576px) 100vw, 576px\" \/><\/figure><\/li><li class=\"blocks-gallery-item\"><figure><img loading=\"lazy\" decoding=\"async\" width=\"576\" height=\"1024\" src=\"https:\/\/atecordoba.org\/wp-content\/uploads\/2021\/11\/IMG-20211108-WA0050-576x1024.jpg\" alt=\"\" data-id=\"28805\" data-full-url=\"https:\/\/atecordoba.org\/wp-content\/uploads\/2021\/11\/IMG-20211108-WA0050.jpg\" data-link=\"https:\/\/atecordoba.org\/?attachment_id=28805\" class=\"wp-image-28805\" srcset=\"https:\/\/atecordoba.org\/wp-content\/uploads\/2021\/11\/IMG-20211108-WA0050-576x1024.jpg 576w, https:\/\/atecordoba.org\/wp-content\/uploads\/2021\/11\/IMG-20211108-WA0050-169x300.jpg 169w, https:\/\/atecordoba.org\/wp-content\/uploads\/2021\/11\/IMG-20211108-WA0050-768x1365.jpg 768w, https:\/\/atecordoba.org\/wp-content\/uploads\/2021\/11\/IMG-20211108-WA0050-864x1536.jpg 864w, https:\/\/atecordoba.org\/wp-content\/uploads\/2021\/11\/IMG-20211108-WA0050-750x1333.jpg 750w, https:\/\/atecordoba.org\/wp-content\/uploads\/2021\/11\/IMG-20211108-WA0050.jpg 900w\" sizes=\"auto, (max-width: 576px) 100vw, 576px\" \/><\/figure><\/li><li class=\"blocks-gallery-item\"><figure><img loading=\"lazy\" decoding=\"async\" width=\"1024\" height=\"576\" src=\"https:\/\/atecordoba.org\/wp-content\/uploads\/2021\/11\/IMG-20211108-WA0051-1024x576.jpg\" alt=\"\" data-id=\"28806\" data-full-url=\"https:\/\/atecordoba.org\/wp-content\/uploads\/2021\/11\/IMG-20211108-WA0051.jpg\" data-link=\"https:\/\/atecordoba.org\/?attachment_id=28806\" class=\"wp-image-28806\" srcset=\"https:\/\/atecordoba.org\/wp-content\/uploads\/2021\/11\/IMG-20211108-WA0051-1024x576.jpg 1024w, https:\/\/atecordoba.org\/wp-content\/uploads\/2021\/11\/IMG-20211108-WA0051-300x169.jpg 300w, https:\/\/atecordoba.org\/wp-content\/uploads\/2021\/11\/IMG-20211108-WA0051-768x432.jpg 768w, https:\/\/atecordoba.org\/wp-content\/uploads\/2021\/11\/IMG-20211108-WA0051-1536x864.jpg 1536w, https:\/\/atecordoba.org\/wp-content\/uploads\/2021\/11\/IMG-20211108-WA0051-750x422.jpg 750w, https:\/\/atecordoba.org\/wp-content\/uploads\/2021\/11\/IMG-20211108-WA0051-1140x641.jpg 1140w, https:\/\/atecordoba.org\/wp-content\/uploads\/2021\/11\/IMG-20211108-WA0051.jpg 1600w\" sizes=\"auto, (max-width: 1024px) 100vw, 1024px\" \/><\/figure><\/li><\/ul><\/figure>\n\n\n\n<p>Entre los d\u00edas 1 al 4 de noviembre 2021 se llev\u00f3 a cabo la inspecci\u00f3n por la Comisi\u00f3n de Condiciones y Medio Ambiente de Trabajo (CyMAT FA) en dependencias de la Fuerza A\u00e9rea Argentina ubicadas en la Ciudad Aut\u00f3noma de Buenos Aires (CABA) y en la Provincia de Buenos Aires.<\/p>\n\n\n\n<p>Las unidades relevadas fueron Hospital Aeron\u00e1utico Central, Edificio C\u00f3ndor, Centro Asistencial Retiro, Instituto Geri\u00e1trico Ezeiza, Primera Brigada A\u00e9rea El Palomar y el Centro Asistencial Palomar.<\/p>\n\n\n\n<p>Aprovechando el relevamiento la comisi\u00f3n conformada por los tres gremios y el Estado, la cual por parte de ATE fue representada por Javier Bracamonte, paritario nacional CyMAT, se mantuvieron reuniones con los directores de los diferentes departamentos y directores generales de dicha fuerza para presentar a la sub delegaci\u00f3n en forma oficial y plantear los inconvenientes que se fueron detectando a lo largo de las inspecciones y denuncias que la comisi\u00f3n ha ido recibiendo durante el periodo de pandemia, haciendo \u00e9nfasis en el cumplimiento de las normativas y el protocolo de prevenci\u00f3n y actuaci\u00f3n en casos sospechosos o positivos de Covid 19.<\/p>\n\n\n\n<p>La falta de inversi\u00f3n y mantenimiento de los edificios de la Fuerza A\u00e9rea fue una constante en todas las dependencias, se detectaron falta de sanitarios acordes a la cantidad de personas que circulan, tanto personal propio, como personas de tr\u00e1nsito.<\/p>\n\n\n\n<p>En el Hospital Aeron\u00e1utico Central, para sorpresa nuestra, no cuentan con los dispencer de alcohol en gel o al 70% en los espacios comunes y p\u00fablicos, cuentan con solo dos sanitarios habilitados, uno en planta baja y otro en segundo piso, peines de consultorios externos sin ning\u00fan tipo de ventilaci\u00f3n, aglomeraci\u00f3n de personas en los pasillos y falta al 100% de carteler\u00eda preventiva y demarcaciones de circulaci\u00f3n.<\/p>\n\n\n\n<p>El edificio C\u00f3ndor, si bien es administrativo, no escapa a la falta de los dispecer de alcohol y la falta de informaci\u00f3n para la prevenci\u00f3n de Covid 19 en espacios de circulaci\u00f3n p\u00fablicas y oficinas. Las situaciones particulares en el edificio C\u00f3ndor fueron comunicadas mediante audiencia con el Jefe del Cuartel General Comodoro C. Vald\u00e9s.&nbsp; &nbsp;<\/p>\n\n\n\n<p>El resto de las dependencias se encontraron con algunas faltas de carteler\u00edas preventivas, pero mejor equipadas que las anteriores.<\/p>\n\n\n\n<p>Las falencias detectadas fueron informadas al Comodoro Ricardo Valladares y al Comodoro Lucero, quienes se mostraron interesados y colaborativos para subsanar la situaci\u00f3n a la brevedad, aparte de elevar los pedidos y sugerencias de la comisi\u00f3n, a sus superiores. Por otro lado tambi\u00e9n se les record\u00f3 que las cabinas sanitizantes no se encuentran homologadas por la ANMAT, por lo cual no pueden obligar al personal o al p\u00fablico en general a hacer uso de las mismas, y que si bien se est\u00e1 volviendo a un trabajo presencial se deben mantener los aforos de acuerdo a la capacidad permitida por protocolo, de los espacios laborales manteniendo el distanciamiento y la ventilaci\u00f3n cruzada, el uso de barbijo, la provisi\u00f3n de alcohol y en lugares de atenci\u00f3n al p\u00fablico los separadores acr\u00edlicos o mascaras protectoras personales.<\/p>\n\n\n\n<p>La pr\u00f3xima semana se realizar\u00e1n visitas de la comisi\u00f3n, en dependencias de C\u00f3rdoba Capital, entre las cuales se visitar\u00e1: ESFA, EAM, Hospital Aeron\u00e1utico, Departamento Odontol\u00f3gico, INMAE, Geri\u00e1trico e IUA, para realizar las recorridas e inspecciones correspondientes.<\/p>\n","protected":false},"excerpt":{"rendered":"<p>Entre los d\u00edas 1 al 4 de noviembre 2021 se llev\u00f3 a cabo la inspecci\u00f3n por la Comisi\u00f3n de Condiciones y Medio Ambiente de Trabajo (CyMAT FA) en dependencias de la Fuerza A\u00e9rea Argentina ubicadas en la Ciudad Aut\u00f3noma de Buenos Aires (CABA) y en la Provincia de Buenos Aires. Las unidades relevadas fueron Hospital [&hellip;]<\/p>\n","protected":false},"author":7,"featured_media":28807,"comment_status":"open","ping_status":"open","sticky":false,"template":"","format":"standard","meta":{"_exactmetrics_skip_tracking":false,"_exactmetrics_sitenote_active":false,"_exactmetrics_sitenote_note":"","_exactmetrics_sitenote_category":0,"jnews-multi-image_gallery":[],"jnews_single_post":{"subtitle":"La pr\u00f3xima semana se realizar\u00e1n visitas de la comisi\u00f3n, en dependencias de C\u00f3rdoba Capital, entre las cuales se visitar\u00e1: ESFA, EAM, Hospital Aeron\u00e1utico, Departamento Odontol\u00f3gico, INMAE, Geri\u00e1trico e IUA, para realizar las recorridas e inspecciones correspondientes.","format":"standard","video":"","gallery":"","source_name":"","source_url":"","via_name":"","via_url":"","override":[{"template":"1","single_blog_custom":"","parallax":"1","fullscreen":"1","layout":"right-sidebar","sidebar":"default-sidebar","second_sidebar":"default-sidebar","sticky_sidebar":"1","share_position":"top","share_float_style":"share-monocrhome","show_share_counter":"1","show_view_counter":"1","show_featured":"1","show_post_meta":"1","show_post_author":"1","show_post_author_image":"1","show_post_date":"1","post_date_format":"default","post_date_format_custom":"Y\/m\/d","show_post_category":"1","post_reading_time_wpm":"300","zoom_button_out_step":"2","zoom_button_in_step":"3","show_post_tag":"1","show_prev_next_post":"1","show_popup_post":"1","number_popup_post":"1"}],"image_override":[{"single_post_thumbnail_size":"crop-500","single_post_gallery_size":"crop-500"}],"trending_post_position":"meta","trending_post_label":"Trending","sponsored_post_label":"Sponsored by","sponsored_post_name":"","sponsored_post_url":"","sponsored_post_logo":"","sponsored_post_desc":""},"jnews_primary_category":{"id":""},"jnews_social_meta":[],"jnews_review":[],"enable_review":"","type":"","name":"","summary":"","brand":"","sku":"","good":[],"bad":[],"score_override":"","override_value":"","rating":[],"price":[],"jnews_override_counter":[],"jnews_post_split":[],"footnotes":""},"categories":[549,18],"tags":[],"class_list":["post-28802","post","type-post","status-publish","format-standard","has-post-thumbnail","hentry","category-cymat","category-nacionales"],"jetpack_featured_media_url":"https:\/\/atecordoba.org\/wp-content\/uploads\/2021\/11\/recorte-e1636377180497.jpg","_links":{"self":[{"href":"https:\/\/atecordoba.org\/index.php?rest_route=\/wp\/v2\/posts\/28802","targetHints":{"allow":["GET"]}}],"collection":[{"href":"https:\/\/atecordoba.org\/index.php?rest_route=\/wp\/v2\/posts"}],"about":[{"href":"https:\/\/atecordoba.org\/index.php?rest_route=\/wp\/v2\/types\/post"}],"author":[{"embeddable":true,"href":"https:\/\/atecordoba.org\/index.php?rest_route=\/wp\/v2\/users\/7"}],"replies":[{"embeddable":true,"href":"https:\/\/atecordoba.org\/index.php?rest_route=%2Fwp%2Fv2%2Fcomments&post=28802"}],"version-history":[{"count":1,"href":"https:\/\/atecordoba.org\/index.php?rest_route=\/wp\/v2\/posts\/28802\/revisions"}],"predecessor-version":[{"id":28808,"href":"https:\/\/atecordoba.org\/index.php?rest_route=\/wp\/v2\/posts\/28802\/revisions\/28808"}],"wp:featuredmedia":[{"embeddable":true,"href":"https:\/\/atecordoba.org\/index.php?rest_route=\/wp\/v2\/media\/28807"}],"wp:attachment":[{"href":"https:\/\/atecordoba.org\/index.php?rest_route=%2Fwp%2Fv2%2Fmedia&parent=28802"}],"wp:term":[{"taxonomy":"category","embeddable":true,"href":"https:\/\/atecordoba.org\/index.php?rest_route=%2Fwp%2Fv2%2Fcategories&post=28802"},{"taxonomy":"post_tag","embeddable":true,"href":"https:\/\/atecordoba.org\/index.php?rest_route=%2Fwp%2Fv2%2Ftags&post=28802"}],"curies":[{"name":"wp","href":"https:\/\/api.w.org\/{rel}","templated":true}]}}