{"id":28799,"date":"2021-11-08T09:59:21","date_gmt":"2021-11-08T12:59:21","guid":{"rendered":"https:\/\/atecordoba.org\/?p=28799"},"modified":"2021-11-08T10:00:56","modified_gmt":"2021-11-08T13:00:56","slug":"holmberg-10-de-aumento-salarial-para-el-ultimo-trimestre-de-2021","status":"publish","type":"post","link":"https:\/\/atecordoba.org\/?p=28799","title":{"rendered":"Holmberg: 10% de aumento salarial para el \u00faltimo trimestre de 2021"},"content":{"rendered":"\n<div class=\"wp-block-image\"><figure class=\"aligncenter size-full\"><img decoding=\"async\" src=\"https:\/\/atecordoba.org\/wp-content\/uploads\/2021\/11\/Holmberg-letrero.jpg\" alt=\"\" class=\"wp-image-28800\" \/><\/figure><\/div>\n\n\n\n<p>El pasado 25 de octubre la seccional ATE R\u00edo Cuarto cerr\u00f3 la paritaria anual en la Municipalidad de Holmberg con un incremento del 10% en los haberes de las y los municipales de la localidad.<\/p>\n\n\n\n<p>La secretaria General de ATE R\u00edo Cuarto, Rafaela Alcoba, junto al secretario Gremial, Pablo Irusta, y el delegado sectorial Sergio de Haes, mantuvieron una audiencia con el intendente Miguel \u00c1ngel Negro, donde se acord\u00f3, adem\u00e1s, un incremento salarial con los haberes de enero de 2022, establecido a partir del porcentaje resultante entre la diferencia del \u00edndice de inflaci\u00f3n de Indec y el aumento otorgado en 2021.<\/p>\n\n\n\n<p>Vale se\u00f1alar que durante el primer semestre de 2021 la Municipalidad hab\u00eda otorgado un incremento del 15%.<\/p>\n\n\n\n<p><\/p>\n","protected":false},"excerpt":{"rendered":"<p>El pasado 25 de octubre la seccional ATE R\u00edo Cuarto cerr\u00f3 la paritaria anual en la Municipalidad de Holmberg con un incremento del 10% en los haberes de las y los municipales de la localidad. La secretaria General de ATE R\u00edo Cuarto, Rafaela Alcoba, junto al secretario Gremial, Pablo Irusta, y el delegado sectorial Sergio [&hellip;]<\/p>\n","protected":false},"author":7,"featured_media":28800,"comment_status":"open","ping_status":"open","sticky":false,"template":"","format":"standard","meta":{"_exactmetrics_skip_tracking":false,"_exactmetrics_sitenote_active":false,"_exactmetrics_sitenote_note":"","_exactmetrics_sitenote_category":0,"jnews-multi-image_gallery":[],"jnews_single_post":{"subtitle":"El acuerdo incluye una cl\u00e1usula donde la comuna compensar\u00e1 con un aumento salarial hasta completar el aumento de la inflaci\u00f3n que registra el Indec. ","format":"standard","video":"","gallery":"","source_name":"","source_url":"","via_name":"","via_url":"","override":[{"template":"1","single_blog_custom":"","parallax":"1","fullscreen":"1","layout":"right-sidebar","sidebar":"default-sidebar","second_sidebar":"default-sidebar","sticky_sidebar":"1","share_position":"top","share_float_style":"share-monocrhome","show_share_counter":"1","show_view_counter":"1","show_featured":"1","show_post_meta":"1","show_post_author":"1","show_post_author_image":"1","show_post_date":"1","post_date_format":"default","post_date_format_custom":"Y\/m\/d","show_post_category":"1","post_reading_time_wpm":"300","zoom_button_out_step":"2","zoom_button_in_step":"3","show_post_tag":"1","show_prev_next_post":"1","show_popup_post":"1","number_popup_post":"1"}],"image_override":[{"single_post_thumbnail_size":"crop-500","single_post_gallery_size":"crop-500"}],"trending_post_position":"meta","trending_post_label":"Trending","sponsored_post_label":"Sponsored by","sponsored_post_name":"","sponsored_post_url":"","sponsored_post_logo":"","sponsored_post_desc":""},"jnews_primary_category":{"id":""},"jnews_social_meta":[],"jnews_review":[],"enable_review":"","type":"","name":"","summary":"","brand":"","sku":"","good":[],"bad":[],"score_override":"","override_value":"","rating":[],"price":[],"jnews_override_counter":[],"jnews_post_split":[],"footnotes":""},"categories":[20,12],"tags":[622],"class_list":["post-28799","post","type-post","status-publish","format-standard","has-post-thumbnail","hentry","category-municipales","category-rio-cuarto","tag-holmberg"],"jetpack_featured_media_url":"https:\/\/atecordoba.org\/wp-content\/uploads\/2021\/11\/Holmberg-letrero-e1636376350936.jpg","_links":{"self":[{"href":"https:\/\/atecordoba.org\/index.php?rest_route=\/wp\/v2\/posts\/28799","targetHints":{"allow":["GET"]}}],"collection":[{"href":"https:\/\/atecordoba.org\/index.php?rest_route=\/wp\/v2\/posts"}],"about":[{"href":"https:\/\/atecordoba.org\/index.php?rest_route=\/wp\/v2\/types\/post"}],"author":[{"embeddable":true,"href":"https:\/\/atecordoba.org\/index.php?rest_route=\/wp\/v2\/users\/7"}],"replies":[{"embeddable":true,"href":"https:\/\/atecordoba.org\/index.php?rest_route=%2Fwp%2Fv2%2Fcomments&post=28799"}],"version-history":[{"count":1,"href":"https:\/\/atecordoba.org\/index.php?rest_route=\/wp\/v2\/posts\/28799\/revisions"}],"predecessor-version":[{"id":28801,"href":"https:\/\/atecordoba.org\/index.php?rest_route=\/wp\/v2\/posts\/28799\/revisions\/28801"}],"wp:featuredmedia":[{"embeddable":true,"href":"https:\/\/atecordoba.org\/index.php?rest_route=\/wp\/v2\/media\/28800"}],"wp:attachment":[{"href":"https:\/\/atecordoba.org\/index.php?rest_route=%2Fwp%2Fv2%2Fmedia&parent=28799"}],"wp:term":[{"taxonomy":"category","embeddable":true,"href":"https:\/\/atecordoba.org\/index.php?rest_route=%2Fwp%2Fv2%2Fcategories&post=28799"},{"taxonomy":"post_tag","embeddable":true,"href":"https:\/\/atecordoba.org\/index.php?rest_route=%2Fwp%2Fv2%2Ftags&post=28799"}],"curies":[{"name":"wp","href":"https:\/\/api.w.org\/{rel}","templated":true}]}}