{"id":28794,"date":"2021-11-05T13:48:36","date_gmt":"2021-11-05T16:48:36","guid":{"rendered":"https:\/\/atecordoba.org\/?p=28794"},"modified":"2021-11-05T13:57:16","modified_gmt":"2021-11-05T16:57:16","slug":"dialectica-de-la-guerra-interimperialista-un-libro-sobre-el-mundo-desde-la-perspectiva-obrera","status":"publish","type":"post","link":"https:\/\/atecordoba.org\/?p=28794","title":{"rendered":"Dial\u00e9ctica de la Guerra Interimperialista, un libro sobre el mundo desde la perspectiva obrera"},"content":{"rendered":"\n<div class=\"wp-block-image\"><figure class=\"alignleft size-large is-resized\"><img loading=\"lazy\" decoding=\"async\" src=\"https:\/\/atecordoba.org\/wp-content\/uploads\/2021\/11\/Dialectica_rang.jpg\" alt=\"\" class=\"wp-image-28796\" width=\"379\" height=\"614\" \/><\/figure><\/div>\n\n\n\n<p>Frente al mundo movilizado por las grietas comerciales y militares que resquebrajan el status quo, donde salieron a la luz con la pandemia no solo los animales escondidos de nuestra mirada cotidiana sino tambi\u00e9n la profundas contradicciones y miserias que envuelven el sistema de producci\u00f3n y trabajo, un trabajador estatal como Carlos Rang tiene mucho para decir y lo plasm\u00f3 en su libro de reciente aparici\u00f3n &#8220;Dial\u00e9ctica de la Guerra Interimperialista&#8221;, con subt\u00edtulo &#8216;La estrategia de los pueblos&#8217;, donde aborda las tensiones que se cruzan, y a veces chocan, en un planeta siempre convulsionado. <\/p>\n\n\n\n<p>Integrante del Consejo Directivo Provincial de ATE C\u00f3rdoba, delegado de la Secretar\u00eda de Agricultura Familiar (SAF) y docente universitario, Rang le entra al hueso con convicci\u00f3n de clase y por eso gusta decir que &#8220;el trabajo es un escrito personal pero fruto de un debate colectivo, de la participaci\u00f3n de las y los trabajadores y el aporte de compa\u00f1eros de distintos sectores que venimos discutiendo hace un tiempo la realidad mundial, desde la perspectiva obrera&#8221;.<\/p>\n\n\n\n<p><strong>\u00bfC\u00f3mo se explica este orden mundial que la pandemia dej\u00f3 a flor de piel?<\/strong><\/p>\n\n\n\n<p>Hace un tiempo que vemos como la clase trabajadora viene enfrent\u00e1ndose al capital. Desde 1989 con el Caracazo para adelante, luchando con una perspectiva de transformaci\u00f3n social, agudizada a partir de la crisis de 2008, con fuertes movimientos en 2017 y 2019 en Argentina, pero tambi\u00e9n en otros pa\u00edses Latinoamericanos donde las y los trabajadores se organizaron en el marco de la pandemia para resistir las pol\u00edticas de imposici\u00f3n del capital.<\/p>\n\n\n\n<p>En esta etapa el capitalismo empieza mostrar una descomposici\u00f3n, llev\u00e1ndose puesto a los pueblos con m\u00e1s miseria y precarizaci\u00f3n y, en el medio, aparece un debate donde se ponen en juego nuevas tecnolog\u00edas para el apoyo de las fuerzas productivas, una cuarta revoluci\u00f3n industrial, que ha tocado los intereses de las distintas fracciones de clase y particularmente produjo una metamorfosis en el mundo del trabajo.<\/p>\n\n\n\n<p><strong>\u00bfHac\u00eda donde vamos?<\/strong><\/p>\n\n\n\n<p>Es una transici\u00f3n a un nuevo orden con el pasaje del globalismo neoliberal, al globalismo neoprogresista. Algunos autores los definen a este pasaje del Consenso de Washington al Consenso de Cornwall.<\/p>\n\n\n\n<p>Esto se manifiesta con crisis m\u00faltiples, y tensiones globales que profundiza la guerra Interimperialista, d\u00f3nde el fen\u00f3meno se nos presenta como confrontaci\u00f3n de distintos proyectos estrat\u00e9gicos entre Globalistas Multilaterales con su vertientes neoprogresistas asentadas en las grandes fondos financieras y sus plataformas, los Unipolaristas Continentalistas del viejo imperialismo multinacional, los Nacionalistas conservadores y el llamado nuevo &#8220;Multipolarismo Relativo&#8221;, con cabecera en la Organizaci\u00f3n de la Cooperaci\u00f3n de Shangh\u00e1i.<\/p>\n\n\n\n<div class=\"wp-block-image\"><figure class=\"alignright size-large is-resized\"><img loading=\"lazy\" decoding=\"async\" src=\"https:\/\/atecordoba.org\/wp-content\/uploads\/2021\/11\/IMG-20211103-WA0005-1024x640.jpg\" alt=\"\" class=\"wp-image-28795\" width=\"512\" height=\"320\" srcset=\"https:\/\/atecordoba.org\/wp-content\/uploads\/2021\/11\/IMG-20211103-WA0005-1024x640.jpg 1024w, https:\/\/atecordoba.org\/wp-content\/uploads\/2021\/11\/IMG-20211103-WA0005-300x188.jpg 300w, https:\/\/atecordoba.org\/wp-content\/uploads\/2021\/11\/IMG-20211103-WA0005-768x480.jpg 768w, https:\/\/atecordoba.org\/wp-content\/uploads\/2021\/11\/IMG-20211103-WA0005-750x469.jpg 750w, https:\/\/atecordoba.org\/wp-content\/uploads\/2021\/11\/IMG-20211103-WA0005-1140x713.jpg 1140w, https:\/\/atecordoba.org\/wp-content\/uploads\/2021\/11\/IMG-20211103-WA0005.jpg 1280w\" sizes=\"auto, (max-width: 512px) 100vw, 512px\" \/><\/figure><\/div>\n\n\n\n<p>Esto se da en un momento de la historia que la crisis estructural org\u00e1nica del capital manifiesta una profundizaci\u00f3n de s\u00edntomas financieros, como la crisis global de la deuda, las burbujas especulativas y la inflaci\u00f3n por emisi\u00f3n donde se pone en juego el nuevo sistema monetario global.<\/p>\n\n\n\n<p><strong>\u00bfComo encuentra a la clase trabajadora este cuadro?<\/strong><\/p>\n\n\n\n<p>Esto se da en medio de una tremenda desigualdad social donde se puede ver con la pandemia como se profundizo la misma, en un mundo dominado por la prepotencia de las mercanc\u00edas de un capitalismo en descomposici\u00f3n, en su fase financiera de plataformas, d\u00f3nde vemos que ayudado por la digitalizaci\u00f3n ha podido dar un salto en la concentraci\u00f3n y la centralizaci\u00f3n generando m\u00e1s precarizaci\u00f3n, miseria, continentes y pa\u00edses a la deriva con la poblaci\u00f3n sin inmunizar y con el agravamiento del cambio clim\u00e1tico y la destrucci\u00f3n de nuestro planeta.<br>La pregunta que nos hacemos como clase trabajadora es de c\u00f3mo retomar la iniciativa de organizar el poder para superar revolucionariamente el sistema en medio de esta gran crisis y disputa interimperialista y su caos sist\u00e9mico.<\/p>\n\n\n\n<p>Para escuchar la conversaci\u00f3n completa ingresar <a href=\"https:\/\/ar.radiocut.fm\/audiocut\/carlos-rang-presentacion-del-libro-dialectica-guerra-interimperialista\/\">ac\u00e1<\/a>.<\/p>\n","protected":false},"excerpt":{"rendered":"<p>Frente al mundo movilizado por las grietas comerciales y militares que resquebrajan el status quo, donde salieron a la luz con la pandemia no solo los animales escondidos de nuestra mirada cotidiana sino tambi\u00e9n la profundas contradicciones y miserias que envuelven el sistema de producci\u00f3n y trabajo, un trabajador estatal como Carlos Rang tiene mucho [&hellip;]<\/p>\n","protected":false},"author":7,"featured_media":28796,"comment_status":"open","ping_status":"open","sticky":false,"template":"","format":"standard","meta":{"_exactmetrics_skip_tracking":false,"_exactmetrics_sitenote_active":false,"_exactmetrics_sitenote_note":"","_exactmetrics_sitenote_category":0,"jnews-multi-image_gallery":[],"jnews_single_post":{"subtitle":"El dirigente de ATE Carlos Rang escribi\u00f3 un libro, publicado por Acerc\u00e1ndonos Ediciones, que funciona como herramienta para ayudar a entender el mundo que nos rodea.","format":"standard","video":"","gallery":"","source_name":"","source_url":"","via_name":"","via_url":"","override":[{"template":"1","single_blog_custom":"","parallax":"1","fullscreen":"1","layout":"right-sidebar","sidebar":"default-sidebar","second_sidebar":"default-sidebar","sticky_sidebar":"1","share_position":"top","share_float_style":"share-monocrhome","show_share_counter":"1","show_view_counter":"1","show_featured":"1","show_post_meta":"1","show_post_author":"1","show_post_author_image":"1","show_post_date":"1","post_date_format":"default","post_date_format_custom":"Y\/m\/d","show_post_category":"1","post_reading_time_wpm":"300","zoom_button_out_step":"2","zoom_button_in_step":"3","show_post_tag":"1","show_prev_next_post":"1","show_popup_post":"1","number_popup_post":"1"}],"image_override":[{"single_post_thumbnail_size":"crop-500","single_post_gallery_size":"crop-500"}],"trending_post_position":"meta","trending_post_label":"Trending","sponsored_post_label":"Sponsored by","sponsored_post_name":"","sponsored_post_url":"","sponsored_post_logo":"","sponsored_post_desc":""},"jnews_primary_category":{"id":""},"jnews_social_meta":[],"jnews_review":[],"enable_review":"","type":"","name":"","summary":"","brand":"","sku":"","good":[],"bad":[],"score_override":"","override_value":"","rating":[],"price":[],"jnews_override_counter":[],"jnews_post_split":[],"footnotes":""},"categories":[108],"tags":[959,960,958],"class_list":["post-28794","post","type-post","status-publish","format-standard","has-post-thumbnail","hentry","category-internacional","tag-carlos-rang","tag-dialectica-de-la-guerra-interimperialista","tag-libro"],"jetpack_featured_media_url":"https:\/\/atecordoba.org\/wp-content\/uploads\/2021\/11\/Dialectica_rang-e1636130907306.jpg","_links":{"self":[{"href":"https:\/\/atecordoba.org\/index.php?rest_route=\/wp\/v2\/posts\/28794","targetHints":{"allow":["GET"]}}],"collection":[{"href":"https:\/\/atecordoba.org\/index.php?rest_route=\/wp\/v2\/posts"}],"about":[{"href":"https:\/\/atecordoba.org\/index.php?rest_route=\/wp\/v2\/types\/post"}],"author":[{"embeddable":true,"href":"https:\/\/atecordoba.org\/index.php?rest_route=\/wp\/v2\/users\/7"}],"replies":[{"embeddable":true,"href":"https:\/\/atecordoba.org\/index.php?rest_route=%2Fwp%2Fv2%2Fcomments&post=28794"}],"version-history":[{"count":2,"href":"https:\/\/atecordoba.org\/index.php?rest_route=\/wp\/v2\/posts\/28794\/revisions"}],"predecessor-version":[{"id":28798,"href":"https:\/\/atecordoba.org\/index.php?rest_route=\/wp\/v2\/posts\/28794\/revisions\/28798"}],"wp:featuredmedia":[{"embeddable":true,"href":"https:\/\/atecordoba.org\/index.php?rest_route=\/wp\/v2\/media\/28796"}],"wp:attachment":[{"href":"https:\/\/atecordoba.org\/index.php?rest_route=%2Fwp%2Fv2%2Fmedia&parent=28794"}],"wp:term":[{"taxonomy":"category","embeddable":true,"href":"https:\/\/atecordoba.org\/index.php?rest_route=%2Fwp%2Fv2%2Fcategories&post=28794"},{"taxonomy":"post_tag","embeddable":true,"href":"https:\/\/atecordoba.org\/index.php?rest_route=%2Fwp%2Fv2%2Ftags&post=28794"}],"curies":[{"name":"wp","href":"https:\/\/api.w.org\/{rel}","templated":true}]}}