{"id":28788,"date":"2021-11-05T10:19:14","date_gmt":"2021-11-05T13:19:14","guid":{"rendered":"https:\/\/atecordoba.org\/?p=28788"},"modified":"2021-11-05T10:21:25","modified_gmt":"2021-11-05T13:21:25","slug":"pami-eleccion-de-delegados-en-la-ugl-de-cordoba-capital","status":"publish","type":"post","link":"https:\/\/atecordoba.org\/?p=28788","title":{"rendered":"PAMI: Elecci\u00f3n de delegados en la UGL de C\u00f3rdoba Capital"},"content":{"rendered":"\n<div class=\"wp-block-image\"><figure class=\"aligncenter size-large is-resized\"><img loading=\"lazy\" decoding=\"async\" src=\"https:\/\/atecordoba.org\/wp-content\/uploads\/2021\/11\/flyer-eleccion-pami-1024x576.jpg\" alt=\"\" class=\"wp-image-28789\" width=\"768\" height=\"432\" \/><\/figure><\/div>\n\n\n\n<p>Con una amplia participaci\u00f3n de las y los trabajadores de la sede C\u00f3rdoba Capital, el personal de PAMI eligi\u00f3 el martes pasado al nuevo cuerpo de delegadas y delegados que tendr\u00e1n mandato por los pr\u00f3ximos dos a\u00f1os.<\/p>\n\n\n\n<p>En la oportunidad resultaron electas y electos Elisa Ojeda, Noem\u00ed L\u00f3pez, Carlos Centeno, Ana Laura Di Cola , mar\u00eda Gracia Nu\u00f1ez y Carolina Rold\u00e1n.<\/p>\n\n\n\n<div class=\"wp-block-image\"><figure class=\"alignright size-large is-resized\"><img loading=\"lazy\" decoding=\"async\" src=\"https:\/\/atecordoba.org\/wp-content\/uploads\/2021\/11\/02_11_Eleccion_Pami-1.jpeg\" alt=\"\" class=\"wp-image-28790\" width=\"384\" height=\"395\" srcset=\"https:\/\/atecordoba.org\/wp-content\/uploads\/2021\/11\/02_11_Eleccion_Pami-1.jpeg 768w, https:\/\/atecordoba.org\/wp-content\/uploads\/2021\/11\/02_11_Eleccion_Pami-1-292x300.jpeg 292w, https:\/\/atecordoba.org\/wp-content\/uploads\/2021\/11\/02_11_Eleccion_Pami-1-750x771.jpeg 750w\" sizes=\"auto, (max-width: 384px) 100vw, 384px\" \/><figcaption>El nuevo cuerpo de delegados y delegadas de ATE PAMI.<\/figcaption><\/figure><\/div>\n\n\n\n<p>&#8220;Estamos muy contentos por este encuentro masivo y la concurrencia mayoritaria a la votaci\u00f3n de delegados. El PAMI en pandemia es uno de los organismos en la primera l\u00ednea y los delegados siempre estuvimos acompa\u00f1ando a los compa\u00f1eros en las distintas agencias. Las y los trabajadores votaron en gran medida apoyando la acci\u00f3n gremial de ATE durante todo este tiempo y porque somos el primer gremio del sector en salir a plantear lo que estamos necesitando en el organismo ante la patronal&#8221;, coment\u00f3 Ojeda en una entrevista que dio al programa de radio Entre todos y todas, que la Secretaria de Prensa de ATE C\u00f3rdoba emite por GENFM 107.5.<\/p>\n\n\n\n<p>Referido a la <a href=\"https:\/\/atecordoba.org\/?p=28697\">agenda de reclamos que lleva adelante ATE<\/a> en el organismo, Ojeda detall\u00f3 que &#8220;a nivel salarial estamos en una situaci\u00f3n bastante fea, transversal a lo que viven todas y todos los trabajadores&#8221;.<\/p>\n\n\n\n<p>Pero sum\u00f3 que &#8220;el PAMI es un ente aut\u00e1rquico con presupuesto propio designado por el Congreso pero manejado por el Ministerio de Econom\u00eda porque est\u00e1 intervenido desde 2003, cuando legalmente tiene que estar gestionada por un directorio conformado por los centros de jubilados, los gremios, entre otros. Nosotros exigimos que se normalice el funcionamiento del PAMI en funci\u00f3n de la ley que lo reglamenta&#8221;.<\/p>\n\n\n\n<p>&#8220;Hay problemas sin resolver: no tenemos respuesta a los pedidos de traslados por necesidad familiar, cosa que est\u00e1 contemplada en el convenio colectivo, de la misma forma el hijo de un trabajador fallecido que sea sost\u00e9n de familia tiene derecho a incorporarse al plantel de personal y es otro punto del convenio que las autoridades no aplican&#8221;, concluy\u00f3 la delegada de ATE.<\/p>\n","protected":false},"excerpt":{"rendered":"<p>Con una amplia participaci\u00f3n de las y los trabajadores de la sede C\u00f3rdoba Capital, el personal de PAMI eligi\u00f3 el martes pasado al nuevo cuerpo de delegadas y delegados que tendr\u00e1n mandato por los pr\u00f3ximos dos a\u00f1os. En la oportunidad resultaron electas y electos Elisa Ojeda, Noem\u00ed L\u00f3pez, Carlos Centeno, Ana Laura Di Cola , [&hellip;]<\/p>\n","protected":false},"author":7,"featured_media":28789,"comment_status":"open","ping_status":"open","sticky":false,"template":"","format":"standard","meta":{"_exactmetrics_skip_tracking":false,"_exactmetrics_sitenote_active":false,"_exactmetrics_sitenote_note":"","_exactmetrics_sitenote_category":0,"jnews-multi-image_gallery":[],"jnews_single_post":{"subtitle":"Se destac\u00f3 la amplia participaci\u00f3n del padr\u00f3n habilitado, lo que indica el apoyo que despierta la acci\u00f3n gremial de ATE en el organismo.","format":"standard","video":"","gallery":"","source_name":"","source_url":"","via_name":"","via_url":"","override":[{"template":"1","single_blog_custom":"","parallax":"1","fullscreen":"1","layout":"right-sidebar","sidebar":"default-sidebar","second_sidebar":"default-sidebar","sticky_sidebar":"1","share_position":"top","share_float_style":"share-monocrhome","show_share_counter":"1","show_view_counter":"1","show_featured":"1","show_post_meta":"1","show_post_author":"1","show_post_author_image":"1","show_post_date":"1","post_date_format":"default","post_date_format_custom":"Y\/m\/d","show_post_category":"1","post_reading_time_wpm":"300","zoom_button_out_step":"2","zoom_button_in_step":"3","show_post_tag":"1","show_prev_next_post":"1","show_popup_post":"1","number_popup_post":"1"}],"image_override":[{"single_post_thumbnail_size":"crop-500","single_post_gallery_size":"crop-500"}],"trending_post_position":"meta","trending_post_label":"Trending","sponsored_post_label":"Sponsored by","sponsored_post_name":"","sponsored_post_url":"","sponsored_post_logo":"","sponsored_post_desc":""},"jnews_primary_category":{"id":""},"jnews_social_meta":[],"jnews_review":[],"enable_review":"","type":"","name":"","summary":"","brand":"","sku":"","good":[],"bad":[],"score_override":"","override_value":"","rating":[],"price":[],"jnews_override_counter":[],"jnews_post_split":[],"footnotes":""},"categories":[18],"tags":[796,57],"class_list":["post-28788","post","type-post","status-publish","format-standard","has-post-thumbnail","hentry","category-nacionales","tag-elecciones-delegados","tag-pami"],"jetpack_featured_media_url":"https:\/\/atecordoba.org\/wp-content\/uploads\/2021\/11\/flyer-eleccion-pami-e1636118346700.jpg","_links":{"self":[{"href":"https:\/\/atecordoba.org\/index.php?rest_route=\/wp\/v2\/posts\/28788","targetHints":{"allow":["GET"]}}],"collection":[{"href":"https:\/\/atecordoba.org\/index.php?rest_route=\/wp\/v2\/posts"}],"about":[{"href":"https:\/\/atecordoba.org\/index.php?rest_route=\/wp\/v2\/types\/post"}],"author":[{"embeddable":true,"href":"https:\/\/atecordoba.org\/index.php?rest_route=\/wp\/v2\/users\/7"}],"replies":[{"embeddable":true,"href":"https:\/\/atecordoba.org\/index.php?rest_route=%2Fwp%2Fv2%2Fcomments&post=28788"}],"version-history":[{"count":2,"href":"https:\/\/atecordoba.org\/index.php?rest_route=\/wp\/v2\/posts\/28788\/revisions"}],"predecessor-version":[{"id":28793,"href":"https:\/\/atecordoba.org\/index.php?rest_route=\/wp\/v2\/posts\/28788\/revisions\/28793"}],"wp:featuredmedia":[{"embeddable":true,"href":"https:\/\/atecordoba.org\/index.php?rest_route=\/wp\/v2\/media\/28789"}],"wp:attachment":[{"href":"https:\/\/atecordoba.org\/index.php?rest_route=%2Fwp%2Fv2%2Fmedia&parent=28788"}],"wp:term":[{"taxonomy":"category","embeddable":true,"href":"https:\/\/atecordoba.org\/index.php?rest_route=%2Fwp%2Fv2%2Fcategories&post=28788"},{"taxonomy":"post_tag","embeddable":true,"href":"https:\/\/atecordoba.org\/index.php?rest_route=%2Fwp%2Fv2%2Ftags&post=28788"}],"curies":[{"name":"wp","href":"https:\/\/api.w.org\/{rel}","templated":true}]}}