{"id":28782,"date":"2021-11-04T14:49:37","date_gmt":"2021-11-04T17:49:37","guid":{"rendered":"https:\/\/atecordoba.org\/?p=28782"},"modified":"2021-11-04T14:50:39","modified_gmt":"2021-11-04T17:50:39","slug":"ate-reabre-la-paritaria-en-alpa-corral","status":"publish","type":"post","link":"https:\/\/atecordoba.org\/?p=28782","title":{"rendered":"ATE reabre la paritaria en Alpa Corral"},"content":{"rendered":"\n<div class=\"wp-block-image\"><figure class=\"aligncenter size-large is-resized\"><img loading=\"lazy\" decoding=\"async\" src=\"https:\/\/atecordoba.org\/wp-content\/uploads\/2021\/11\/252622504_4510203232358500_5609226596354919864_n.jpg\" alt=\"\" class=\"wp-image-28783\" width=\"720\" height=\"678\" \/><\/figure><\/div>\n\n\n\n<p>En el d\u00eda de ayer el secretario Gremial de la seccional ATE R\u00edo Cuarto, Pablo Irusta, junto al director del Departamento de Salud Laboral de ATE C\u00f3rdoba, Mat\u00edas Giuliani, y el trabajador de la ANAC e integrante del mismo organismo, Carlos Ferreti, se hicieron presentes en la localidad de Alpa Corral, donde fueron recibidos por la intendenta Mar\u00eda N\u00e9lida Ortiz.<\/p>\n\n\n\n<p>Tras quedar en reuni\u00f3n con la secretaria Administrativa del municipio, Vanina Gonz\u00e1lez, se hizo un repaso del a\u00f1o, ya que en abril se hab\u00eda logrado un incremento del 38%, pero con el pase de algunos \u00edtems al b\u00e1sico ese aumento qued\u00f3 reflejado en un 42%, una de las paritarias m\u00e1s altas de la seccional R\u00edo Cuarto. &#8220;Estaba previsto que la mesa paritaria reabrirla en mayo, luego en julio, pero por cuestiones relacionadas con la pandemia, reci\u00e9n ayer se reabri\u00f3 dicha paritaria&#8221;, explic\u00f3 Giuliani.<\/p>\n\n\n\n<div class=\"wp-block-image\"><figure class=\"aligncenter size-large is-resized\"><img loading=\"lazy\" decoding=\"async\" src=\"https:\/\/atecordoba.org\/wp-content\/uploads\/2021\/11\/dispensario-1024x831.png\" alt=\"\" class=\"wp-image-28784\" width=\"768\" height=\"623\" srcset=\"https:\/\/atecordoba.org\/wp-content\/uploads\/2021\/11\/dispensario-1024x831.png 1024w, https:\/\/atecordoba.org\/wp-content\/uploads\/2021\/11\/dispensario-300x244.png 300w, https:\/\/atecordoba.org\/wp-content\/uploads\/2021\/11\/dispensario-768x624.png 768w, https:\/\/atecordoba.org\/wp-content\/uploads\/2021\/11\/dispensario-750x609.png 750w, https:\/\/atecordoba.org\/wp-content\/uploads\/2021\/11\/dispensario-1140x926.png 1140w, https:\/\/atecordoba.org\/wp-content\/uploads\/2021\/11\/dispensario.png 1191w\" sizes=\"auto, (max-width: 768px) 100vw, 768px\" \/><\/figure><\/div>\n\n\n\n<p>El planteo de ATE es llevar la recomposici\u00f3n salarial al 50% y as\u00ed fue propuesto a la funcionaria por lo que se pas\u00f3 a un cuarto intermedio a la espera que el ejecutivo municipal eval\u00fae la moci\u00f3n. Adem\u00e1s, se asegur\u00f3 que va a realizarse la entrega de una caja navide\u00f1a para todos y todas las municipales, m\u00e1s all\u00e1 de su condici\u00f3n contractual.<\/p>\n\n\n\n<p><strong>Inspecci\u00f3n<\/strong><\/p>\n\n\n\n<p>Por otro lado, y atento a que estaba pendiente desde el primer semestre del a\u00f1o, la delegaci\u00f3n de ATE realiz\u00f3 una inspecci\u00f3n de condiciones y medio ambiente de trabajo en las distintas reparticiones municipales, tanto para constatar c\u00f3mo desarrollan sus tareas las y los compa\u00f1eros de los distintos sectores como para que la comuna incorpore las mejoras realizadas a la ART.<\/p>\n\n\n\n<p>De esta forma, la comitiva recorri\u00f3 los sectores donde ATE tiene afiliados (radio municipal, corral\u00f3n y dispensario). En el Corral\u00f3n, adem\u00e1s, se realiz\u00f3 una asamblea, quedando programada la elecci\u00f3n de delegados en el lugar.<\/p>\n","protected":false},"excerpt":{"rendered":"<p>En el d\u00eda de ayer el secretario Gremial de la seccional ATE R\u00edo Cuarto, Pablo Irusta, junto al director del Departamento de Salud Laboral de ATE C\u00f3rdoba, Mat\u00edas Giuliani, y el trabajador de la ANAC e integrante del mismo organismo, Carlos Ferreti, se hicieron presentes en la localidad de Alpa Corral, donde fueron recibidos por [&hellip;]<\/p>\n","protected":false},"author":7,"featured_media":28783,"comment_status":"open","ping_status":"open","sticky":false,"template":"","format":"standard","meta":{"_exactmetrics_skip_tracking":false,"_exactmetrics_sitenote_active":false,"_exactmetrics_sitenote_note":"","_exactmetrics_sitenote_category":0,"jnews-multi-image_gallery":[],"jnews_single_post":{"subtitle":"Nuestra entidad gremial plante\u00f3 un aumento que alcance un 50% para todas y todos los municipales para el 2021.","format":"standard","video":"","gallery":"","source_name":"","source_url":"","via_name":"","via_url":"","override":[{"template":"1","single_blog_custom":"","parallax":"1","fullscreen":"1","layout":"right-sidebar","sidebar":"default-sidebar","second_sidebar":"default-sidebar","sticky_sidebar":"1","share_position":"top","share_float_style":"share-monocrhome","show_share_counter":"1","show_view_counter":"1","show_featured":"1","show_post_meta":"1","show_post_author":"1","show_post_author_image":"1","show_post_date":"1","post_date_format":"default","post_date_format_custom":"Y\/m\/d","show_post_category":"1","post_reading_time_wpm":"300","zoom_button_out_step":"2","zoom_button_in_step":"3","show_post_tag":"1","show_prev_next_post":"1","show_popup_post":"1","number_popup_post":"1"}],"image_override":[{"single_post_thumbnail_size":"crop-500","single_post_gallery_size":"crop-500"}],"trending_post_position":"meta","trending_post_label":"Trending","sponsored_post_label":"Sponsored by","sponsored_post_name":"","sponsored_post_url":"","sponsored_post_logo":"","sponsored_post_desc":""},"jnews_primary_category":{"id":""},"jnews_social_meta":[],"jnews_review":[],"enable_review":"","type":"","name":"","summary":"","brand":"","sku":"","good":[],"bad":[],"score_override":"","override_value":"","rating":[],"price":[],"jnews_override_counter":[],"jnews_post_split":[],"footnotes":""},"categories":[20,12],"tags":[800],"class_list":["post-28782","post","type-post","status-publish","format-standard","has-post-thumbnail","hentry","category-municipales","category-rio-cuarto","tag-alpa-corral"],"jetpack_featured_media_url":"https:\/\/atecordoba.org\/wp-content\/uploads\/2021\/11\/252622504_4510203232358500_5609226596354919864_n-e1636048160672.jpg","_links":{"self":[{"href":"https:\/\/atecordoba.org\/index.php?rest_route=\/wp\/v2\/posts\/28782","targetHints":{"allow":["GET"]}}],"collection":[{"href":"https:\/\/atecordoba.org\/index.php?rest_route=\/wp\/v2\/posts"}],"about":[{"href":"https:\/\/atecordoba.org\/index.php?rest_route=\/wp\/v2\/types\/post"}],"author":[{"embeddable":true,"href":"https:\/\/atecordoba.org\/index.php?rest_route=\/wp\/v2\/users\/7"}],"replies":[{"embeddable":true,"href":"https:\/\/atecordoba.org\/index.php?rest_route=%2Fwp%2Fv2%2Fcomments&post=28782"}],"version-history":[{"count":1,"href":"https:\/\/atecordoba.org\/index.php?rest_route=\/wp\/v2\/posts\/28782\/revisions"}],"predecessor-version":[{"id":28785,"href":"https:\/\/atecordoba.org\/index.php?rest_route=\/wp\/v2\/posts\/28782\/revisions\/28785"}],"wp:featuredmedia":[{"embeddable":true,"href":"https:\/\/atecordoba.org\/index.php?rest_route=\/wp\/v2\/media\/28783"}],"wp:attachment":[{"href":"https:\/\/atecordoba.org\/index.php?rest_route=%2Fwp%2Fv2%2Fmedia&parent=28782"}],"wp:term":[{"taxonomy":"category","embeddable":true,"href":"https:\/\/atecordoba.org\/index.php?rest_route=%2Fwp%2Fv2%2Fcategories&post=28782"},{"taxonomy":"post_tag","embeddable":true,"href":"https:\/\/atecordoba.org\/index.php?rest_route=%2Fwp%2Fv2%2Ftags&post=28782"}],"curies":[{"name":"wp","href":"https:\/\/api.w.org\/{rel}","templated":true}]}}