{"id":2878,"date":"2013-06-12T16:28:17","date_gmt":"2013-06-12T19:28:17","guid":{"rendered":"http:\/\/www.atecordoba.org\/?p=2878"},"modified":"2013-06-12T16:28:17","modified_gmt":"2013-06-12T19:28:17","slug":"se-realizo-el-primer-plenario-de-municipales-2013-en-villa-maria","status":"publish","type":"post","link":"https:\/\/atecordoba.org\/?p=2878","title":{"rendered":"Se realiz\u00f3 el primer plenario de municipales 2013 en Villa Mar\u00eda"},"content":{"rendered":"<p><em>Con la presencia de compa\u00f1eros del CDP y de las tres seccionales de C\u00f3rdoba, trabajadores municipales realizaron un encuentro provincial con el objetivo de profundizar la tarea organizativa en el sector. Compa\u00f1eros del CDN y de provincia de Buenos Aires aportaron su experiencia de crecimiento en base a ejes definidos de trabajo.<\/em><\/p>\n<p style=\"text-align: center;\"><a href=\"http:\/\/www.atecordoba.org\/wp-content\/uploads\/2013\/06\/encuentro-municipales-villa-maria.jpg\"><img loading=\"lazy\" decoding=\"async\" class=\"aligncenter  wp-image-2879\" title=\"encuentro municipales villa maria\" src=\"http:\/\/www.atecordoba.org\/wp-content\/uploads\/2013\/06\/encuentro-municipales-villa-maria-1024x768.jpg\" alt=\"\" width=\"922\" height=\"691\" \/><\/a><\/p>\n<p>El plenario se llev\u00f3 a cabo el viernes 7 de mayo, en cumplimiento de las l\u00edneas de acci\u00f3n resueltas durante el \u00faltimo congreso provincial. Este 1\u00ba Encuentro Provincial de Trabajadores Municipales tuvo como anfitri\u00f3n al secretario General de la seccional Villa Mar\u00eda, Walter Secondino, y cont\u00f3 con la participaci\u00f3n del secretario de Interior del CDP, Lu\u00eds Barcena, el secretario Gremial, Diego Guerra, el secretario de Organizaci\u00f3n, Alejandro Charra, y el vocal provincial V\u00edctor Lecuona. Junto a los secretarios Generales de R\u00edo Tercero y R\u00edo Cuarto, Cristian Colman y Federico Giuliani, los compa\u00f1eros recibieron al compa\u00f1ero Claudio Ar\u00e9valo, del Equipo Organizativo Gremial del CDN, y al secretario General de ATE-Ituzaing\u00f3 (provincia de Buenos Aires), Tony Borja.<\/p>\n<p>Entre otros compa\u00f1eros presentes, trabajadores municipales de Las Perdices, Tio Pujio, San Agust\u00edn, Unquillo y R\u00edo Cuarto, debatieron la perspectiva que se abre en C\u00f3rdoba, tras el fallo judicial que ratific\u00f3 el \u00e1mbito de representaci\u00f3n de ATE en el sector.<\/p>\n<p>\u201cVamos a extender a ATE en todo el territorio provincial\u201d, anunci\u00f3 B\u00e1rcena ante los compa\u00f1eros presentes.<\/p>\n<p>El plenario resolvi\u00f3 planificar una pol\u00edtica integral para el sector, promoviendo la eliminaci\u00f3n del trabajo precario, combatiendo las cooperativas y fundaciones creadas por los municipios, analizando presupuestos municipales y haciendo relevamientos de personal. Este \u00faltimo punto es clave para tener un cuadro completo del sector, ya que contratos basura, monotributistas, subsidiados, beneficiarios de planes sociales o programas de promoci\u00f3n, o dependientes de cooperativas y fundaciones son figuras reiteradas entre las metodolog\u00edas de precarizaci\u00f3n que utilizan los distintos departamentos ejecutivos.<\/p>\n<p>En ese marco, es fundamental regionalizar el abordaje pol\u00edtico-gremial, analizar las grandes diferencias salariales entre localidades, que atentan contra el principio de \u2018a igual tarea, igual salario\u2019, as\u00ed como la degradaci\u00f3n salarial dentro de cada municipio entre precarizados y titulares de cargos que desarrollan la misma funci\u00f3n.<\/p>\n<p>A su turno, los compa\u00f1eros Ar\u00e9valo y Borja comentaron la historia del crecimiento de ATE en el \u00e1mbito de los trabajadores municipales, describiendo los impedimentos que hab\u00edan tenido hasta romper las barreras que impon\u00edan patronales y gremios amarillos, para concluir se\u00f1alando c\u00f3mo se expandieron territorialmente para obtener la mayor\u00eda de los municipios con delegados. Esto dio como resultado el armado seccionales con trabajadores municipales con pol\u00edtica Integradora, en lo colectivo, con todos los trabajadores Nacionales y Provinciales.<\/p>\n<p>Finalmente, el plenario acord\u00f3 que el pr\u00f3ximo 3 de julio se realizar\u00e1 el 2\u00ba Encuentro Municipal en la ciudad de Rio Cuarto.<\/p>\n","protected":false},"excerpt":{"rendered":"<p>Con la presencia de compa\u00f1eros del CDP y de las tres seccionales de C\u00f3rdoba, trabajadores municipales realizaron un encuentro provincial con el objetivo de profundizar la tarea organizativa en el sector. Compa\u00f1eros del CDN y de provincia de Buenos Aires aportaron su experiencia de crecimiento en base a ejes definidos de trabajo. El plenario se [&hellip;]<\/p>\n","protected":false},"author":1,"featured_media":19220,"comment_status":"open","ping_status":"open","sticky":false,"template":"","format":"standard","meta":{"_exactmetrics_skip_tracking":false,"_exactmetrics_sitenote_active":false,"_exactmetrics_sitenote_note":"","_exactmetrics_sitenote_category":0,"jnews-multi-image_gallery":[],"jnews_single_post":[],"jnews_primary_category":[],"jnews_social_meta":[],"jnews_review":[],"enable_review":"","type":"","name":"","summary":"","brand":"","sku":"","good":[],"bad":[],"score_override":"","override_value":"","rating":[],"price":[],"jnews_override_counter":[],"jnews_post_split":[],"footnotes":""},"categories":[20],"tags":[],"class_list":["post-2878","post","type-post","status-publish","format-standard","has-post-thumbnail","hentry","category-municipales"],"jetpack_featured_media_url":"https:\/\/atecordoba.org\/wp-content\/uploads\/2020\/05\/logo-nuevochico-e1561581322808.png","_links":{"self":[{"href":"https:\/\/atecordoba.org\/index.php?rest_route=\/wp\/v2\/posts\/2878","targetHints":{"allow":["GET"]}}],"collection":[{"href":"https:\/\/atecordoba.org\/index.php?rest_route=\/wp\/v2\/posts"}],"about":[{"href":"https:\/\/atecordoba.org\/index.php?rest_route=\/wp\/v2\/types\/post"}],"author":[{"embeddable":true,"href":"https:\/\/atecordoba.org\/index.php?rest_route=\/wp\/v2\/users\/1"}],"replies":[{"embeddable":true,"href":"https:\/\/atecordoba.org\/index.php?rest_route=%2Fwp%2Fv2%2Fcomments&post=2878"}],"version-history":[{"count":0,"href":"https:\/\/atecordoba.org\/index.php?rest_route=\/wp\/v2\/posts\/2878\/revisions"}],"wp:featuredmedia":[{"embeddable":true,"href":"https:\/\/atecordoba.org\/index.php?rest_route=\/wp\/v2\/media\/19220"}],"wp:attachment":[{"href":"https:\/\/atecordoba.org\/index.php?rest_route=%2Fwp%2Fv2%2Fmedia&parent=2878"}],"wp:term":[{"taxonomy":"category","embeddable":true,"href":"https:\/\/atecordoba.org\/index.php?rest_route=%2Fwp%2Fv2%2Fcategories&post=2878"},{"taxonomy":"post_tag","embeddable":true,"href":"https:\/\/atecordoba.org\/index.php?rest_route=%2Fwp%2Fv2%2Ftags&post=2878"}],"curies":[{"name":"wp","href":"https:\/\/api.w.org\/{rel}","templated":true}]}}