{"id":28757,"date":"2021-11-04T10:52:17","date_gmt":"2021-11-04T13:52:17","guid":{"rendered":"https:\/\/atecordoba.org\/?p=28757"},"modified":"2021-11-04T12:08:23","modified_gmt":"2021-11-04T15:08:23","slug":"la-asamblea-del-pediatrico-celebra-la-incorporacion-de-un-medico-al-servicio-de-uci-y-se-mantiene-convocada-por-los-reclamos-pendientes","status":"publish","type":"post","link":"https:\/\/atecordoba.org\/?p=28757","title":{"rendered":"La asamblea del Pedi\u00e1trico celebra la incorporaci\u00f3n de un m\u00e9dico al servicio de UCI y se mantiene convocada por los reclamos pendientes"},"content":{"rendered":"\n<div class=\"wp-block-image\"><figure class=\"aligncenter size-large is-resized\"><img loading=\"lazy\" decoding=\"async\" src=\"https:\/\/atecordoba.org\/wp-content\/uploads\/2021\/11\/IMG-20211104-WA0029-1024x768.jpg\" alt=\"\" class=\"wp-image-28759\" width=\"768\" height=\"576\" \/><\/figure><\/div>\n\n\n\n<p>Ante la novedad que el pr\u00f3ximo lunes se incorpora un profesional de la medicina al servicio de Unidad de Cuidados Intermedios (UCI) del Hospital pedi\u00e1trico (ex Casa Cuna) la asamblea de trabajadores y trabajadoras del centro de salud se convoc\u00f3 hoy en el ingreso del nosocomio para compartir ese logro, fruto de la lucha de todo el colectivo del Hospital, que cont\u00f3 con el apoyo decidido de ATE y dem\u00e1s gremios, partidos pol\u00edticos y organizaciones del barrio. <\/p>\n\n\n\n<p>En las oportunidad, la trabajadora del Pedi\u00e1trico y afiliada de ATE, Erika Klappenbach, afirm\u00f3 que &#8220;celebramos la incorporaci\u00f3n de profesionales a partir del lunes como resultado de la lucha y visibilizaci\u00f3n de la grave situaci\u00f3n del hospital, pero destacamos que esto s\u00f3lo viene a poner un paliativo a un vaciamiento que se viene sosteniendo y profundizando en el tiempo desde hace a\u00f1os en perjuicio de la calidad de atenci\u00f3n, con la consecuencia cierre de servicios, sobrecarga de trabajo y recorte de derechos laborales (licencias, carpetas m\u00e9dicas) de las y los compa\u00f1eros&#8221;.<\/p>\n\n\n\n<p>En tal sentido, la afiliada de ATE apunt\u00f3 que la convocatoria de hoy tuvo por fin &#8220;leer un petitorio que ser\u00e1 elevado a las autoridades tanto del Hospital como del Ministerio con la solicitud del nombramiento de m\u00e1s personal que cada servicio necesita para funcionar adecuadamente. Con \u00e9sta incorporaci\u00f3n de profesionales, que destina 1 de los 2 necesarios a UCI, vamos a poder reabrir el servicio luego de la reducci\u00f3n y cierre producido d\u00edas pasados, aun con limitaciones en la posibilidad de dar la totalidad de licencias adeudadas&#8221;.<\/p>\n\n\n\n<p>Y adelant\u00f3 que el Hospital seguir\u00e1 en estado de Asamblea permanente &#8220;reuni\u00e9ndonos cada mi\u00e9rcoles a las 11 horas, para seguir aportando a la gesti\u00f3n de conseguir la totalidad de profesionales necesarios para restablecer todos los servicios reducidos o cerrados durante este proceso de vaciamiento&#8221;.<\/p>\n\n\n\n<figure class=\"wp-block-gallery columns-3 is-cropped wp-block-gallery-1 is-layout-flex wp-block-gallery-is-layout-flex\"><ul class=\"blocks-gallery-grid\"><li class=\"blocks-gallery-item\"><figure><a href=\"https:\/\/atecordoba.org\/wp-content\/uploads\/2021\/11\/IMG-20211104-WA0030.jpg\"><img loading=\"lazy\" decoding=\"async\" width=\"1024\" height=\"768\" src=\"https:\/\/atecordoba.org\/wp-content\/uploads\/2021\/11\/IMG-20211104-WA0030-1024x768.jpg\" alt=\"\" data-id=\"28760\" data-full-url=\"https:\/\/atecordoba.org\/wp-content\/uploads\/2021\/11\/IMG-20211104-WA0030.jpg\" data-link=\"https:\/\/atecordoba.org\/?attachment_id=28760\" class=\"wp-image-28760\" srcset=\"https:\/\/atecordoba.org\/wp-content\/uploads\/2021\/11\/IMG-20211104-WA0030-1024x768.jpg 1024w, https:\/\/atecordoba.org\/wp-content\/uploads\/2021\/11\/IMG-20211104-WA0030-300x225.jpg 300w, https:\/\/atecordoba.org\/wp-content\/uploads\/2021\/11\/IMG-20211104-WA0030-768x576.jpg 768w, https:\/\/atecordoba.org\/wp-content\/uploads\/2021\/11\/IMG-20211104-WA0030-1536x1152.jpg 1536w, https:\/\/atecordoba.org\/wp-content\/uploads\/2021\/11\/IMG-20211104-WA0030-750x563.jpg 750w, https:\/\/atecordoba.org\/wp-content\/uploads\/2021\/11\/IMG-20211104-WA0030-1140x855.jpg 1140w, https:\/\/atecordoba.org\/wp-content\/uploads\/2021\/11\/IMG-20211104-WA0030.jpg 1600w\" sizes=\"auto, (max-width: 1024px) 100vw, 1024px\" \/><\/a><\/figure><\/li><li class=\"blocks-gallery-item\"><figure><a href=\"https:\/\/atecordoba.org\/wp-content\/uploads\/2021\/11\/IMG-20211104-WA0031.jpg\"><img loading=\"lazy\" decoding=\"async\" width=\"1024\" height=\"768\" src=\"https:\/\/atecordoba.org\/wp-content\/uploads\/2021\/11\/IMG-20211104-WA0031-1024x768.jpg\" alt=\"\" data-id=\"28761\" data-full-url=\"https:\/\/atecordoba.org\/wp-content\/uploads\/2021\/11\/IMG-20211104-WA0031.jpg\" data-link=\"https:\/\/atecordoba.org\/?attachment_id=28761\" class=\"wp-image-28761\" srcset=\"https:\/\/atecordoba.org\/wp-content\/uploads\/2021\/11\/IMG-20211104-WA0031-1024x768.jpg 1024w, https:\/\/atecordoba.org\/wp-content\/uploads\/2021\/11\/IMG-20211104-WA0031-300x225.jpg 300w, https:\/\/atecordoba.org\/wp-content\/uploads\/2021\/11\/IMG-20211104-WA0031-768x576.jpg 768w, https:\/\/atecordoba.org\/wp-content\/uploads\/2021\/11\/IMG-20211104-WA0031-1536x1152.jpg 1536w, https:\/\/atecordoba.org\/wp-content\/uploads\/2021\/11\/IMG-20211104-WA0031-750x563.jpg 750w, https:\/\/atecordoba.org\/wp-content\/uploads\/2021\/11\/IMG-20211104-WA0031-1140x855.jpg 1140w, https:\/\/atecordoba.org\/wp-content\/uploads\/2021\/11\/IMG-20211104-WA0031.jpg 1600w\" sizes=\"auto, (max-width: 1024px) 100vw, 1024px\" \/><\/a><\/figure><\/li><li class=\"blocks-gallery-item\"><figure><a href=\"https:\/\/atecordoba.org\/wp-content\/uploads\/2021\/11\/IMG-20211104-WA0032.jpg\"><img loading=\"lazy\" decoding=\"async\" width=\"1024\" height=\"768\" src=\"https:\/\/atecordoba.org\/wp-content\/uploads\/2021\/11\/IMG-20211104-WA0032-1024x768.jpg\" alt=\"\" data-id=\"28762\" data-full-url=\"https:\/\/atecordoba.org\/wp-content\/uploads\/2021\/11\/IMG-20211104-WA0032.jpg\" data-link=\"https:\/\/atecordoba.org\/?attachment_id=28762\" class=\"wp-image-28762\" srcset=\"https:\/\/atecordoba.org\/wp-content\/uploads\/2021\/11\/IMG-20211104-WA0032-1024x768.jpg 1024w, https:\/\/atecordoba.org\/wp-content\/uploads\/2021\/11\/IMG-20211104-WA0032-300x225.jpg 300w, https:\/\/atecordoba.org\/wp-content\/uploads\/2021\/11\/IMG-20211104-WA0032-768x576.jpg 768w, https:\/\/atecordoba.org\/wp-content\/uploads\/2021\/11\/IMG-20211104-WA0032-1536x1152.jpg 1536w, https:\/\/atecordoba.org\/wp-content\/uploads\/2021\/11\/IMG-20211104-WA0032-750x563.jpg 750w, https:\/\/atecordoba.org\/wp-content\/uploads\/2021\/11\/IMG-20211104-WA0032-1140x855.jpg 1140w, https:\/\/atecordoba.org\/wp-content\/uploads\/2021\/11\/IMG-20211104-WA0032.jpg 1600w\" sizes=\"auto, (max-width: 1024px) 100vw, 1024px\" \/><\/a><\/figure><\/li><\/ul><\/figure>\n","protected":false},"excerpt":{"rendered":"<p>Ante la novedad que el pr\u00f3ximo lunes se incorpora un profesional de la medicina al servicio de Unidad de Cuidados Intermedios (UCI) del Hospital pedi\u00e1trico (ex Casa Cuna) la asamblea de trabajadores y trabajadoras del centro de salud se convoc\u00f3 hoy en el ingreso del nosocomio para compartir ese logro, fruto de la lucha de [&hellip;]<\/p>\n","protected":false},"author":7,"featured_media":28759,"comment_status":"open","ping_status":"open","sticky":false,"template":"","format":"standard","meta":{"_exactmetrics_skip_tracking":false,"_exactmetrics_sitenote_active":false,"_exactmetrics_sitenote_note":"","_exactmetrics_sitenote_category":0,"jnews-multi-image_gallery":[],"jnews_single_post":{"subtitle":"La lucha de las y los trabajadores del hospital logr\u00f3 que se reabra el servicio de Unidad de Cuidados Intermedios (UCI), reducido por falta de personal. ","format":"standard","video":"","gallery":"","source_name":"","source_url":"","via_name":"","via_url":"","override":[{"template":"1","single_blog_custom":"","parallax":"1","fullscreen":"1","layout":"right-sidebar","sidebar":"default-sidebar","second_sidebar":"default-sidebar","sticky_sidebar":"1","share_position":"top","share_float_style":"share-monocrhome","show_share_counter":"1","show_view_counter":"1","show_featured":"1","show_post_meta":"1","show_post_author":"1","show_post_author_image":"1","show_post_date":"1","post_date_format":"default","post_date_format_custom":"Y\/m\/d","show_post_category":"1","post_reading_time_wpm":"300","zoom_button_out_step":"2","zoom_button_in_step":"3","show_post_tag":"1","show_prev_next_post":"1","show_popup_post":"1","number_popup_post":"1"}],"image_override":[{"single_post_thumbnail_size":"crop-500","single_post_gallery_size":"crop-500"}],"trending_post_position":"meta","trending_post_label":"Trending","sponsored_post_label":"Sponsored by","sponsored_post_name":"","sponsored_post_url":"","sponsored_post_logo":"","sponsored_post_desc":""},"jnews_primary_category":{"id":""},"jnews_social_meta":[],"jnews_review":[],"enable_review":"","type":"","name":"","summary":"","brand":"","sku":"","good":[],"bad":[],"score_override":"","override_value":"","rating":[],"price":[],"jnews_override_counter":[],"jnews_post_split":[],"footnotes":""},"categories":[957],"tags":[953],"class_list":["post-28757","post","type-post","status-publish","format-standard","has-post-thumbnail","hentry","category-salud","tag-hospital-pediatrico"],"jetpack_featured_media_url":"https:\/\/atecordoba.org\/wp-content\/uploads\/2021\/11\/IMG-20211104-WA0029-e1636033872170.jpg","_links":{"self":[{"href":"https:\/\/atecordoba.org\/index.php?rest_route=\/wp\/v2\/posts\/28757","targetHints":{"allow":["GET"]}}],"collection":[{"href":"https:\/\/atecordoba.org\/index.php?rest_route=\/wp\/v2\/posts"}],"about":[{"href":"https:\/\/atecordoba.org\/index.php?rest_route=\/wp\/v2\/types\/post"}],"author":[{"embeddable":true,"href":"https:\/\/atecordoba.org\/index.php?rest_route=\/wp\/v2\/users\/7"}],"replies":[{"embeddable":true,"href":"https:\/\/atecordoba.org\/index.php?rest_route=%2Fwp%2Fv2%2Fcomments&post=28757"}],"version-history":[{"count":1,"href":"https:\/\/atecordoba.org\/index.php?rest_route=\/wp\/v2\/posts\/28757\/revisions"}],"predecessor-version":[{"id":28763,"href":"https:\/\/atecordoba.org\/index.php?rest_route=\/wp\/v2\/posts\/28757\/revisions\/28763"}],"wp:featuredmedia":[{"embeddable":true,"href":"https:\/\/atecordoba.org\/index.php?rest_route=\/wp\/v2\/media\/28759"}],"wp:attachment":[{"href":"https:\/\/atecordoba.org\/index.php?rest_route=%2Fwp%2Fv2%2Fmedia&parent=28757"}],"wp:term":[{"taxonomy":"category","embeddable":true,"href":"https:\/\/atecordoba.org\/index.php?rest_route=%2Fwp%2Fv2%2Fcategories&post=28757"},{"taxonomy":"post_tag","embeddable":true,"href":"https:\/\/atecordoba.org\/index.php?rest_route=%2Fwp%2Fv2%2Ftags&post=28757"}],"curies":[{"name":"wp","href":"https:\/\/api.w.org\/{rel}","templated":true}]}}