{"id":28750,"date":"2021-11-02T15:04:48","date_gmt":"2021-11-02T18:04:48","guid":{"rendered":"https:\/\/atecordoba.org\/?p=28750"},"modified":"2021-11-02T15:14:12","modified_gmt":"2021-11-02T18:14:12","slug":"cordoba-presente-en-el-encuentro-de-trabajadores-nacionales-de-salud-de-ate","status":"publish","type":"post","link":"https:\/\/atecordoba.org\/?p=28750","title":{"rendered":"C\u00f3rdoba presente en el Encuentro de Trabajadores Nacionales de Salud de ATE"},"content":{"rendered":"\n<div class=\"wp-block-image\"><figure class=\"aligncenter size-large\"><img decoding=\"async\" src=\"https:\/\/atecordoba.org\/wp-content\/uploads\/2021\/11\/Salud-encuentro.jpg\" alt=\"\" class=\"wp-image-28752\"\/><\/figure><\/div>\n\n\n\n<p>El viernes pasado se llev\u00f3 a cabo en la sede de ATE Nacional , en el anfiteatro Eva Per\u00f3n, el Encuentro de Trabajadores Nacionales de Salud de ATE, con miras a comenzar a desarrollar el proyecto de la Paritaria Nacional de Salud, similar a la actualmente vigente paritaria nacional de educaci\u00f3n<\/p>\n\n\n\n<p>El plenario, cont\u00f3 con un panel integrado por el Secretario General de ATE, Hugo \u00abCachorro\u00bb Godoy, el Secretario de Calidad en Salud del Ministerio de Salud de la Naci\u00f3n, Arnaldo Medina, el Coordinador Nacional de Salud, Rodolfo Arrechea, Daniel Godoy, director de IDEP Salud, Vanina Rodr\u00edguez Secretaria Adjunta de ATE Provincia de Buenos Aires, Flavio Vergara, paritario Nacional y Orestes Galeano integrante del ISSTATE.<\/p>\n\n\n\n<p>El encuentro puso en el&nbsp;centro de debate, el sistema de salud p\u00fablico&nbsp;y&nbsp;el rol de las y los trabajadores de la salud que pusieron el cuerpo para enfrentar la pandemia.<\/p>\n\n\n\n<p>En representaci\u00f3n de ATE C\u00f3rdoba estuvo presente el secretario de Organizaci\u00f3n del Consejo Directivo Provincial (CDP) y trabajador de la Maternidad Provincial, Omar Alerzia. <\/p>\n\n\n\n<div class=\"wp-block-image\"><figure class=\"alignleft size-large is-resized\"><img loading=\"lazy\" decoding=\"async\" src=\"https:\/\/atecordoba.org\/wp-content\/uploads\/2021\/11\/Salud-encuentro-3.jpg\" alt=\"\" class=\"wp-image-28753\" width=\"599\" height=\"399\" srcset=\"https:\/\/atecordoba.org\/wp-content\/uploads\/2021\/11\/Salud-encuentro-3.jpg 800w, https:\/\/atecordoba.org\/wp-content\/uploads\/2021\/11\/Salud-encuentro-3-300x200.jpg 300w, https:\/\/atecordoba.org\/wp-content\/uploads\/2021\/11\/Salud-encuentro-3-768x512.jpg 768w, https:\/\/atecordoba.org\/wp-content\/uploads\/2021\/11\/Salud-encuentro-3-750x500.jpg 750w\" sizes=\"auto, (max-width: 599px) 100vw, 599px\" \/><\/figure><\/div>\n\n\n\n<p>\u00abEs muy importante resistir pero, si no se tiene en cuenta para qu\u00e9, es un problema. Tuvimos la capacidad de resistir al macrismo y proponer un norte. Debemos empezar a promover con agresividad pol\u00edtica de construcci\u00f3n de hospitales nacionales, recuperaci\u00f3n de personal, reincorporar a las y los trabajadores despedidos, alentar organizaci\u00f3n de los sectores de salud, de las y los promotores y promotoras de salud que sostuvieron la capacidad de la pandemia\u00bb, indic\u00f3&nbsp;Hugo \u00abCachorro\u00bb Godoy.<\/p>\n\n\n\n<p>En este sentido, el dirigente se\u00f1al\u00f3 que como gremio siente orgullo de haber sido parte de que el Ministerio de Salud vuelva a ser un rector de la pol\u00edtica nacional: \u00abNecesitamos avanzar a un sistema nacional integrado de salud, y que el Estado promueva y organice todas las pol\u00edticas de salud\u00bb.<\/p>\n\n\n\n<p>A su vez,&nbsp;el coordinador del encuentro Rodolfo Arrechea, anunci\u00f3 la creaci\u00f3n de la escuela de enfermer\u00eda de&nbsp;<strong>ATE&nbsp;<\/strong>ante la ovaci\u00f3n de los compa\u00f1eros y compa\u00f1eras. Adem\u00e1s, puso de manifiesto c\u00f3mo se resignific\u00f3 el rol de los hospitales p\u00fablicos durante la pandemia.<\/p>\n\n\n\n<p>Por su parte,&nbsp;Arnaldo Medina, Secretario de Calidad en Salud del Ministerio de Salud de la Naci\u00f3n, reivindic\u00f3 el trabajo desempe\u00f1ado por las y los trabajadores de la salud y el rol desempe\u00f1ado durante la pandemia: \u00abNo es un momento m\u00e1s en la historia, es un momento bisagra. Pudimos dar respuesta juntxs y tenemos q anclarnos en eso. Podemos caminar con la frente alta. Falta mucho pero hicimos el esfuerzo y tenemos que agradecer a la columna vertebral que son los trabajadores y trabajadoras de la salud. El gobierno puso en primer lugar a la salud y fue una decisi\u00f3n pol\u00edtica y estuvimos en esa batalla, fuimos testigos privilegiados y protagonistas, tenemos que tomarlo como base para apuntar a un modelo de salud digno de nuestra patria\u00bb.<\/p>\n\n\n\n<p>Estuvieron presentes trabajadores de la salud de&nbsp;Mendoza, Jujuy, Santa Cruz, C\u00f3rdoba , Rionegro Formosa, Tucum\u00e1n , La Pampa, CABA, Provincia Buenos Aires, Misiones, Tierra del Fuego, Salta, R\u00edo Negro.<\/p>\n\n\n\n<p><strong>Balance<\/strong><\/p>\n\n\n\n<p>En su balance del encuentro, Alerzia resalt\u00f3 el compromiso que el Presidente de la Naci\u00f3n Alberto Fern\u00e1ndez tom\u00f3 con la CTA Aut\u00f3noma, durante el encuentro llevado a cabo la semana pasada con los principales dirigentes nacionales de la Central, tomando como propio el proyecto de Paritaria Nacional de Salud, &#8220;reconocimiento al papel que las y los trabajadores tuvimos durante la pandemia&#8221;.<\/p>\n\n\n\n<div class=\"wp-block-image\"><figure class=\"alignright size-large is-resized\"><img loading=\"lazy\" decoding=\"async\" src=\"https:\/\/atecordoba.org\/wp-content\/uploads\/2021\/11\/Salud-encuentro-2.jpg\" alt=\"\" class=\"wp-image-28754\" width=\"552\" height=\"368\" srcset=\"https:\/\/atecordoba.org\/wp-content\/uploads\/2021\/11\/Salud-encuentro-2.jpg 768w, https:\/\/atecordoba.org\/wp-content\/uploads\/2021\/11\/Salud-encuentro-2-300x200.jpg 300w, https:\/\/atecordoba.org\/wp-content\/uploads\/2021\/11\/Salud-encuentro-2-750x500.jpg 750w\" sizes=\"auto, (max-width: 552px) 100vw, 552px\" \/><\/figure><\/div>\n\n\n\n<p>Alerzia destac\u00f3 que la paritaria sectorial ser\u00e1 una herramienta fundamental &#8220;para unificar la distintas realidades salariales, r\u00e9gimen laboral y condiciones de trabajo que tenemos los trabajadores de las distintas provincias, m\u00e1s all\u00e1 de que cumplamos con las mismas tareas. Estas diferencias se dan tambi\u00e9n en un mismo distrito cuando se trata de trabajadores y trabajadoras de diferentes jurisdicciones, trat\u00e1ndose de nacionales, provinciales o municipales. Est\u00e1 claro que  el personal de salud municipal del interior cobra salarios mucho m\u00e1s bajos que en la Provincia, por caso&#8221;.<\/p>\n\n\n\n<p>&#8220;Hay que igualar los sueldos para arriba en una paritaria que incluya a los 750 mil trabajadores de la salud, tanto del \u00e1mbito p\u00fablico y como del privado de todo el pa\u00eds&#8221;. evalu\u00f3 el dirigente. <\/p>\n\n\n\n<p>&#8220;Consideramos que el piso salarial debe superar la l\u00ednea de la pobreza que fija en Indec, como primer par\u00e1metro. De esta forma vamos a combatir el pluriempleo que afecta tanto al personal de salud, esto qued\u00f3 en evidencia en la pandemia porque estos compa\u00f1eros y compa\u00f1eras son los que m\u00e1s sufrieron el Covid durante la pandemia, sea por el estr\u00e9s o por los entrar y salir permanentemente de distintos espacios de aislamiento&#8221;. <\/p>\n\n\n\n<p>En el Encuentro qued\u00f3 establecido que se realizar\u00e1n reuniones regionales para ir consensuando y unificando criterios de cara al desarrollo del proyecto de paritaria sectorial. <\/p>\n\n\n\n<p><\/p>\n","protected":false},"excerpt":{"rendered":"<p>El viernes pasado se llev\u00f3 a cabo en la sede de ATE Nacional , en el anfiteatro Eva Per\u00f3n, el Encuentro de Trabajadores Nacionales de Salud de ATE, con miras a comenzar a desarrollar el proyecto de la Paritaria Nacional de Salud, similar a la actualmente vigente paritaria nacional de educaci\u00f3n El plenario, cont\u00f3 con [&hellip;]<\/p>\n","protected":false},"author":7,"featured_media":28752,"comment_status":"open","ping_status":"open","sticky":false,"template":"","format":"standard","meta":{"_exactmetrics_skip_tracking":false,"_exactmetrics_sitenote_active":false,"_exactmetrics_sitenote_note":"","_exactmetrics_sitenote_category":0,"jnews-multi-image_gallery":[],"jnews_single_post":{"subtitle":"En el anfiteatro Eva Per\u00f3n, trabajadoras y trabajadores de la salud de todo el pa\u00eds discutieron el modelo sanitario p\u00fablico y las condiciones laborales. Adem\u00e1s, se anunci\u00f3 la escuela de enfermer\u00eda de ATE.","format":"standard","video":"","gallery":"","source_name":"","source_url":"","via_name":"","via_url":"","override":[{"template":"1","single_blog_custom":"","parallax":"1","fullscreen":"1","layout":"right-sidebar","sidebar":"default-sidebar","second_sidebar":"default-sidebar","sticky_sidebar":"1","share_position":"top","share_float_style":"share-monocrhome","show_share_counter":"1","show_view_counter":"1","show_featured":"1","show_post_meta":"1","show_post_author":"1","show_post_author_image":"1","show_post_date":"1","post_date_format":"default","post_date_format_custom":"Y\/m\/d","show_post_category":"1","post_reading_time_wpm":"300","zoom_button_out_step":"2","zoom_button_in_step":"3","show_post_tag":"1","show_prev_next_post":"1","show_popup_post":"1","number_popup_post":"1"}],"image_override":[{"single_post_thumbnail_size":"crop-500","single_post_gallery_size":"crop-500"}],"trending_post_position":"meta","trending_post_label":"Trending","sponsored_post_label":"Sponsored by","sponsored_post_name":"","sponsored_post_url":"","sponsored_post_logo":"","sponsored_post_desc":""},"jnews_primary_category":{"id":""},"jnews_social_meta":[],"jnews_review":[],"enable_review":"","type":"","name":"","summary":"","brand":"","sku":"","good":[],"bad":[],"score_override":"","override_value":"","rating":[],"price":[],"jnews_override_counter":[],"jnews_post_split":[],"footnotes":""},"categories":[400,957],"tags":[],"class_list":["post-28750","post","type-post","status-publish","format-standard","has-post-thumbnail","hentry","category-estamentos","category-salud"],"jetpack_featured_media_url":"https:\/\/atecordoba.org\/wp-content\/uploads\/2021\/11\/Salud-encuentro-e1635876276460.jpg","_links":{"self":[{"href":"https:\/\/atecordoba.org\/index.php?rest_route=\/wp\/v2\/posts\/28750","targetHints":{"allow":["GET"]}}],"collection":[{"href":"https:\/\/atecordoba.org\/index.php?rest_route=\/wp\/v2\/posts"}],"about":[{"href":"https:\/\/atecordoba.org\/index.php?rest_route=\/wp\/v2\/types\/post"}],"author":[{"embeddable":true,"href":"https:\/\/atecordoba.org\/index.php?rest_route=\/wp\/v2\/users\/7"}],"replies":[{"embeddable":true,"href":"https:\/\/atecordoba.org\/index.php?rest_route=%2Fwp%2Fv2%2Fcomments&post=28750"}],"version-history":[{"count":2,"href":"https:\/\/atecordoba.org\/index.php?rest_route=\/wp\/v2\/posts\/28750\/revisions"}],"predecessor-version":[{"id":28756,"href":"https:\/\/atecordoba.org\/index.php?rest_route=\/wp\/v2\/posts\/28750\/revisions\/28756"}],"wp:featuredmedia":[{"embeddable":true,"href":"https:\/\/atecordoba.org\/index.php?rest_route=\/wp\/v2\/media\/28752"}],"wp:attachment":[{"href":"https:\/\/atecordoba.org\/index.php?rest_route=%2Fwp%2Fv2%2Fmedia&parent=28750"}],"wp:term":[{"taxonomy":"category","embeddable":true,"href":"https:\/\/atecordoba.org\/index.php?rest_route=%2Fwp%2Fv2%2Fcategories&post=28750"},{"taxonomy":"post_tag","embeddable":true,"href":"https:\/\/atecordoba.org\/index.php?rest_route=%2Fwp%2Fv2%2Ftags&post=28750"}],"curies":[{"name":"wp","href":"https:\/\/api.w.org\/{rel}","templated":true}]}}