{"id":28742,"date":"2021-11-02T14:02:53","date_gmt":"2021-11-02T17:02:53","guid":{"rendered":"https:\/\/atecordoba.org\/?p=28742"},"modified":"2021-11-02T14:35:25","modified_gmt":"2021-11-02T17:35:25","slug":"pami-la-ugl-rio-cuarto-eligio-hoy-dos-delegadas-de-ate","status":"publish","type":"post","link":"https:\/\/atecordoba.org\/?p=28742","title":{"rendered":"PAMI: la UGL R\u00edo Cuarto eligi\u00f3 hoy dos delegadas de ATE"},"content":{"rendered":"\n<figure class=\"wp-block-gallery columns-4 is-cropped wp-block-gallery-1 is-layout-flex wp-block-gallery-is-layout-flex\"><ul class=\"blocks-gallery-grid\"><li class=\"blocks-gallery-item\"><figure><a href=\"https:\/\/atecordoba.org\/wp-content\/uploads\/2021\/11\/251591496_4506806349364855_4817147860648336321_n.jpg\"><img loading=\"lazy\" decoding=\"async\" width=\"768\" height=\"1024\" src=\"https:\/\/atecordoba.org\/wp-content\/uploads\/2021\/11\/251591496_4506806349364855_4817147860648336321_n-768x1024.jpg\" alt=\"\" data-id=\"28743\" data-full-url=\"https:\/\/atecordoba.org\/wp-content\/uploads\/2021\/11\/251591496_4506806349364855_4817147860648336321_n.jpg\" data-link=\"https:\/\/atecordoba.org\/?attachment_id=28743\" class=\"wp-image-28743\" srcset=\"https:\/\/atecordoba.org\/wp-content\/uploads\/2021\/11\/251591496_4506806349364855_4817147860648336321_n-768x1024.jpg 768w, https:\/\/atecordoba.org\/wp-content\/uploads\/2021\/11\/251591496_4506806349364855_4817147860648336321_n-225x300.jpg 225w, https:\/\/atecordoba.org\/wp-content\/uploads\/2021\/11\/251591496_4506806349364855_4817147860648336321_n-1152x1536.jpg 1152w, https:\/\/atecordoba.org\/wp-content\/uploads\/2021\/11\/251591496_4506806349364855_4817147860648336321_n-750x1000.jpg 750w, https:\/\/atecordoba.org\/wp-content\/uploads\/2021\/11\/251591496_4506806349364855_4817147860648336321_n-1140x1520.jpg 1140w, https:\/\/atecordoba.org\/wp-content\/uploads\/2021\/11\/251591496_4506806349364855_4817147860648336321_n.jpg 1200w\" sizes=\"auto, (max-width: 768px) 100vw, 768px\" \/><\/a><\/figure><\/li><li class=\"blocks-gallery-item\"><figure><a href=\"https:\/\/atecordoba.org\/wp-content\/uploads\/2021\/11\/252384086_4506806329364857_4408967225764450930_n.jpg\"><img loading=\"lazy\" decoding=\"async\" width=\"768\" height=\"1024\" src=\"https:\/\/atecordoba.org\/wp-content\/uploads\/2021\/11\/252384086_4506806329364857_4408967225764450930_n-768x1024.jpg\" alt=\"\" data-id=\"28744\" data-full-url=\"https:\/\/atecordoba.org\/wp-content\/uploads\/2021\/11\/252384086_4506806329364857_4408967225764450930_n.jpg\" data-link=\"https:\/\/atecordoba.org\/?attachment_id=28744\" class=\"wp-image-28744\" srcset=\"https:\/\/atecordoba.org\/wp-content\/uploads\/2021\/11\/252384086_4506806329364857_4408967225764450930_n-768x1024.jpg 768w, https:\/\/atecordoba.org\/wp-content\/uploads\/2021\/11\/252384086_4506806329364857_4408967225764450930_n-225x300.jpg 225w, https:\/\/atecordoba.org\/wp-content\/uploads\/2021\/11\/252384086_4506806329364857_4408967225764450930_n-1152x1536.jpg 1152w, https:\/\/atecordoba.org\/wp-content\/uploads\/2021\/11\/252384086_4506806329364857_4408967225764450930_n-750x1000.jpg 750w, https:\/\/atecordoba.org\/wp-content\/uploads\/2021\/11\/252384086_4506806329364857_4408967225764450930_n-1140x1520.jpg 1140w, https:\/\/atecordoba.org\/wp-content\/uploads\/2021\/11\/252384086_4506806329364857_4408967225764450930_n.jpg 1200w\" sizes=\"auto, (max-width: 768px) 100vw, 768px\" \/><\/a><\/figure><\/li><li class=\"blocks-gallery-item\"><figure><a href=\"https:\/\/atecordoba.org\/wp-content\/uploads\/2021\/11\/252525991_4506806359364854_7284633065791914009_n.jpg\"><img loading=\"lazy\" decoding=\"async\" width=\"1024\" height=\"768\" src=\"https:\/\/atecordoba.org\/wp-content\/uploads\/2021\/11\/252525991_4506806359364854_7284633065791914009_n-1024x768.jpg\" alt=\"\" data-id=\"28745\" data-full-url=\"https:\/\/atecordoba.org\/wp-content\/uploads\/2021\/11\/252525991_4506806359364854_7284633065791914009_n.jpg\" data-link=\"https:\/\/atecordoba.org\/?attachment_id=28745\" class=\"wp-image-28745\" srcset=\"https:\/\/atecordoba.org\/wp-content\/uploads\/2021\/11\/252525991_4506806359364854_7284633065791914009_n-1024x768.jpg 1024w, https:\/\/atecordoba.org\/wp-content\/uploads\/2021\/11\/252525991_4506806359364854_7284633065791914009_n-300x225.jpg 300w, https:\/\/atecordoba.org\/wp-content\/uploads\/2021\/11\/252525991_4506806359364854_7284633065791914009_n-768x576.jpg 768w, https:\/\/atecordoba.org\/wp-content\/uploads\/2021\/11\/252525991_4506806359364854_7284633065791914009_n-1536x1152.jpg 1536w, https:\/\/atecordoba.org\/wp-content\/uploads\/2021\/11\/252525991_4506806359364854_7284633065791914009_n-750x563.jpg 750w, https:\/\/atecordoba.org\/wp-content\/uploads\/2021\/11\/252525991_4506806359364854_7284633065791914009_n-1140x855.jpg 1140w, https:\/\/atecordoba.org\/wp-content\/uploads\/2021\/11\/252525991_4506806359364854_7284633065791914009_n.jpg 1600w\" sizes=\"auto, (max-width: 1024px) 100vw, 1024px\" \/><\/a><\/figure><\/li><li class=\"blocks-gallery-item\"><figure><a href=\"https:\/\/atecordoba.org\/wp-content\/uploads\/2021\/11\/251440350_4506806536031503_4498429657670581112_n.jpg\"><img loading=\"lazy\" decoding=\"async\" width=\"768\" height=\"1024\" src=\"https:\/\/atecordoba.org\/wp-content\/uploads\/2021\/11\/251440350_4506806536031503_4498429657670581112_n-768x1024.jpg\" alt=\"\" data-id=\"28746\" data-full-url=\"https:\/\/atecordoba.org\/wp-content\/uploads\/2021\/11\/251440350_4506806536031503_4498429657670581112_n.jpg\" data-link=\"https:\/\/atecordoba.org\/?attachment_id=28746\" class=\"wp-image-28746\" \/><\/a><\/figure><\/li><\/ul><\/figure>\n\n\n\n<p>Con una participaci\u00f3n que super\u00f3 el 90% del personal presente, la Unidad de Gesti\u00f3n Local (UGL) de PAMI en R\u00edo Cuarto eligi\u00f3 hoy a dos delegadas que tendr\u00e1n mandato por los pr\u00f3ximos dos a\u00f1os. <\/p>\n\n\n\n<p>Se trata de las compa\u00f1eras Nadina Belgof y Nora Oviedo Fern\u00e1ndez que recibieron el apoyo casi un\u00e1nime de la oficina.<\/p>\n\n\n\n<div class=\"wp-block-image\"><figure class=\"alignright size-large is-resized\"><img loading=\"lazy\" decoding=\"async\" src=\"https:\/\/atecordoba.org\/wp-content\/uploads\/2021\/11\/IMG-20211102-WA0055-1-1024x576.jpg\" alt=\"\" class=\"wp-image-28747\" width=\"360\" height=\"203\" srcset=\"https:\/\/atecordoba.org\/wp-content\/uploads\/2021\/11\/IMG-20211102-WA0055-1-1024x576.jpg 1024w, https:\/\/atecordoba.org\/wp-content\/uploads\/2021\/11\/IMG-20211102-WA0055-1-300x169.jpg 300w, https:\/\/atecordoba.org\/wp-content\/uploads\/2021\/11\/IMG-20211102-WA0055-1-768x432.jpg 768w, https:\/\/atecordoba.org\/wp-content\/uploads\/2021\/11\/IMG-20211102-WA0055-1-1536x864.jpg 1536w, https:\/\/atecordoba.org\/wp-content\/uploads\/2021\/11\/IMG-20211102-WA0055-1-750x422.jpg 750w, https:\/\/atecordoba.org\/wp-content\/uploads\/2021\/11\/IMG-20211102-WA0055-1-1140x641.jpg 1140w, https:\/\/atecordoba.org\/wp-content\/uploads\/2021\/11\/IMG-20211102-WA0055-1-rotated.jpg 1600w\" sizes=\"auto, (max-width: 360px) 100vw, 360px\" \/><\/figure><\/div>\n\n\n\n<p>En la oportunidad, estuvo presente para colaborar con el operativo electoral el secretario de Finanzas de ATE R\u00edo Cuarto, Mauricio Macci\u00f3, acompa\u00f1ado por la secretaria de Prensa y trabajadora del organismo, Aldana Rodr\u00edguez. <\/p>\n\n\n\n<p>De esta forma, ATE sigue mostrando el crecimiento organizativo en los organismos nacionales ubicados a lo largo y ancho de la provincia de C\u00f3rdoba. <\/p>\n","protected":false},"excerpt":{"rendered":"<p>Con una participaci\u00f3n que super\u00f3 el 90% del personal presente, la Unidad de Gesti\u00f3n Local (UGL) de PAMI en R\u00edo Cuarto eligi\u00f3 hoy a dos delegadas que tendr\u00e1n mandato por los pr\u00f3ximos dos a\u00f1os. Se trata de las compa\u00f1eras Nadina Belgof y Nora Oviedo Fern\u00e1ndez que recibieron el apoyo casi un\u00e1nime de la oficina. En [&hellip;]<\/p>\n","protected":false},"author":7,"featured_media":28746,"comment_status":"open","ping_status":"open","sticky":false,"template":"","format":"standard","meta":{"_exactmetrics_skip_tracking":false,"_exactmetrics_sitenote_active":false,"_exactmetrics_sitenote_note":"","_exactmetrics_sitenote_category":0,"jnews-multi-image_gallery":[],"jnews_single_post":{"subtitle":"Las compa\u00f1eras Nadina Belgof y Nora Oviedo Fern\u00e1ndez que recibieron el apoyo casi un\u00e1nime de la oficina.","format":"standard","video":"","gallery":"","source_name":"","source_url":"","via_name":"","via_url":"","override":[{"template":"1","single_blog_custom":"","parallax":"1","fullscreen":"1","layout":"right-sidebar","sidebar":"default-sidebar","second_sidebar":"default-sidebar","sticky_sidebar":"1","share_position":"top","share_float_style":"share-monocrhome","show_share_counter":"1","show_view_counter":"1","show_featured":"1","show_post_meta":"1","show_post_author":"1","show_post_author_image":"1","show_post_date":"1","post_date_format":"default","post_date_format_custom":"Y\/m\/d","show_post_category":"1","post_reading_time_wpm":"300","zoom_button_out_step":"2","zoom_button_in_step":"3","show_post_tag":"1","show_prev_next_post":"1","show_popup_post":"1","number_popup_post":"1"}],"image_override":[{"single_post_thumbnail_size":"crop-500","single_post_gallery_size":"crop-500"}],"trending_post_position":"meta","trending_post_label":"Trending","sponsored_post_label":"Sponsored by","sponsored_post_name":"","sponsored_post_url":"","sponsored_post_logo":"","sponsored_post_desc":""},"jnews_primary_category":{"id":""},"jnews_social_meta":[],"jnews_review":[],"enable_review":"","type":"","name":"","summary":"","brand":"","sku":"","good":[],"bad":[],"score_override":"","override_value":"","rating":[],"price":[],"jnews_override_counter":[],"jnews_post_split":[],"footnotes":""},"categories":[18,12],"tags":[57],"class_list":["post-28742","post","type-post","status-publish","format-standard","has-post-thumbnail","hentry","category-nacionales","category-rio-cuarto","tag-pami"],"jetpack_featured_media_url":"https:\/\/atecordoba.org\/wp-content\/uploads\/2021\/11\/251440350_4506806536031503_4498429657670581112_n-e1635872544815.jpg","_links":{"self":[{"href":"https:\/\/atecordoba.org\/index.php?rest_route=\/wp\/v2\/posts\/28742","targetHints":{"allow":["GET"]}}],"collection":[{"href":"https:\/\/atecordoba.org\/index.php?rest_route=\/wp\/v2\/posts"}],"about":[{"href":"https:\/\/atecordoba.org\/index.php?rest_route=\/wp\/v2\/types\/post"}],"author":[{"embeddable":true,"href":"https:\/\/atecordoba.org\/index.php?rest_route=\/wp\/v2\/users\/7"}],"replies":[{"embeddable":true,"href":"https:\/\/atecordoba.org\/index.php?rest_route=%2Fwp%2Fv2%2Fcomments&post=28742"}],"version-history":[{"count":2,"href":"https:\/\/atecordoba.org\/index.php?rest_route=\/wp\/v2\/posts\/28742\/revisions"}],"predecessor-version":[{"id":28749,"href":"https:\/\/atecordoba.org\/index.php?rest_route=\/wp\/v2\/posts\/28742\/revisions\/28749"}],"wp:featuredmedia":[{"embeddable":true,"href":"https:\/\/atecordoba.org\/index.php?rest_route=\/wp\/v2\/media\/28746"}],"wp:attachment":[{"href":"https:\/\/atecordoba.org\/index.php?rest_route=%2Fwp%2Fv2%2Fmedia&parent=28742"}],"wp:term":[{"taxonomy":"category","embeddable":true,"href":"https:\/\/atecordoba.org\/index.php?rest_route=%2Fwp%2Fv2%2Fcategories&post=28742"},{"taxonomy":"post_tag","embeddable":true,"href":"https:\/\/atecordoba.org\/index.php?rest_route=%2Fwp%2Fv2%2Ftags&post=28742"}],"curies":[{"name":"wp","href":"https:\/\/api.w.org\/{rel}","templated":true}]}}