{"id":2871,"date":"2013-06-06T19:31:04","date_gmt":"2013-06-06T22:31:04","guid":{"rendered":"http:\/\/www.atecordoba.org\/?p=2871"},"modified":"2013-06-06T19:31:04","modified_gmt":"2013-06-06T22:31:04","slug":"trabajadores-de-agricultura-familiar-de-la-nacion-realizaron-en-ate-un-plenario-de-la-region-centro","status":"publish","type":"post","link":"https:\/\/atecordoba.org\/?p=2871","title":{"rendered":"Trabajadores de Agricultura Familiar de la Naci\u00f3n realizaron en ATE un plenario de la Regi\u00f3n Centro"},"content":{"rendered":"<p><em>Se analizaron las condiciones de trabajo en la Subsecretar\u00eda de Agricultura Familiar(SsAF) y la situaci\u00f3n\u00a0institucional. Repudio a las agresiones que sufrieron compa\u00f1eros en Entre R\u00edos de parte de dirigentes de organizaciones sociales.<\/em><\/p>\n<p><a href=\"http:\/\/www.atecordoba.org\/wp-content\/uploads\/2013\/06\/foto-12.jpg\"><img loading=\"lazy\" decoding=\"async\" class=\"aligncenter size-full wp-image-2872\" title=\"foto 1\" src=\"http:\/\/www.atecordoba.org\/wp-content\/uploads\/2013\/06\/foto-12.jpg\" alt=\"\" width=\"800\" height=\"600\" \/><\/a><\/p>\n<p>Con representantes de C\u00f3rdoba, Santa Fe, Entre R\u00edos y provincia de Buenos Aires, 37 delegados y trabajadores participaron del plenario regional, realizado por mandato surgido del plenario nacional del sector que ATE llev\u00f3 a cabo recientemente. La reuni\u00f3n se llev\u00f3 a cabo en la sede de ATE C\u00f3rdoba.<\/p>\n<p>En la oportunidad se cont\u00f3 con la presencia de la conducci\u00f3n nacional, a trav\u00e9s del Director Nacional de Asuntos Provinciales, Ernesto Contreras. Del CDP estuvieron presentes: el secretario Gremial Diego Guerra, la prosecretaria de Finanzas, Cintia Conesta, y el vocal Ricardo Reyna.<\/p>\n<p>En un rico debate, los compa\u00f1eros analizaron la problem\u00e1tica laboral que incluye recategorizaciones -dentro de la ley marco-, pase a planta permanente, denuncias de violencia laboral, la situaci\u00f3n institucional.<\/p>\n<p><a href=\"http:\/\/www.atecordoba.org\/wp-content\/uploads\/2013\/06\/foto-21.jpg\"><img loading=\"lazy\" decoding=\"async\" class=\"alignleft size-medium wp-image-2873\" title=\"foto 2\" src=\"http:\/\/www.atecordoba.org\/wp-content\/uploads\/2013\/06\/foto-21-300x225.jpg\" alt=\"\" width=\"300\" height=\"225\" \/><\/a>Adem\u00e1s, se hizo un profundo diagn\u00f3stico de la situaci\u00f3n institucional en torno a la falta de presupuesto, movilidad, financiamiento para el sector ante el vaciamiento por la falta de recursos para desarrollar la capacidad operativa. En ese sentido, los trabajadores expresaron la falta de estructura del organismo para aplicar pol\u00edticas de Estado, lo que afecta la calidad de la situaci\u00f3n laboral de los trabajadores.<\/p>\n<p>Por todo lo anterior, el plenario resolvi\u00f3:<\/p>\n<ul>\n<li>Declararse en estado de alerta y movilizaci\u00f3n, con asambleas y paros sorpresivos, quite de colaboraci\u00f3n y adhesi\u00f3n a las medidas que convoque nuestro gremio.<\/li>\n<li>Proponer al CDN que impulse un plenario de todos los trabajadores del SINEP.<\/li>\n<li>Fortalecer la organizaci\u00f3n interna para lograr que en agosto de este a\u00f1o se movilicen los compa\u00f1eros de la (SsAF) de todo el pa\u00eds a capital federal, en vistas de la ausencia de respuestas a los reclamos planteados.<\/li>\n<\/ul>\n<p><strong>Repudio a la violencia sobre los trabajadores<\/strong><\/p>\n<p>Un cap\u00edtulo aparte fue el repudio un\u00e1nime a las amenazas realizadas por un delegado departamental del \u2018foro de Agricultura Familiar\u2019 en la localidad de Feliciano, Entre R\u00edos, hacia los integrantes del equipo territorial de la SsAF.<\/p>\n<p>Vale se\u00f1alar que una compa\u00f1era, t\u00e9cnica integrante del equipo, realiz\u00f3 una denuncia policial ante las reiteradas amenazas recibidas por el personaje en cuesti\u00f3n, &#8220;situaci\u00f3n que configura una distorsi\u00f3n respecto a los roles y funciones entre los delegados provinciales de la SsAF y de los representantes del foro nacional de agricultura familiar, integrado por diversas organizaciones sociales. Por todo esto, afirmamos que los t\u00e9cnicos de la SsAF respondemos a la conducci\u00f3n institucional de cada provincia y no a la dirigencia de las organizaciones de cada sector&#8221;, finaliz\u00f3 el acta del plenario, firmada pro todos los presentes.<\/p>\n<p><a href=\"http:\/\/www.atecordoba.org\/wp-content\/uploads\/2013\/06\/foto-31.jpg\"><img loading=\"lazy\" decoding=\"async\" class=\"aligncenter size-full wp-image-2874\" title=\"foto 3\" src=\"http:\/\/www.atecordoba.org\/wp-content\/uploads\/2013\/06\/foto-31.jpg\" alt=\"\" width=\"800\" height=\"600\" \/><\/a><\/p>\n","protected":false},"excerpt":{"rendered":"<p>Se analizaron las condiciones de trabajo en la Subsecretar\u00eda de Agricultura Familiar(SsAF) y la situaci\u00f3n\u00a0institucional. Repudio a las agresiones que sufrieron compa\u00f1eros en Entre R\u00edos de parte de dirigentes de organizaciones sociales. Con representantes de C\u00f3rdoba, Santa Fe, Entre R\u00edos y provincia de Buenos Aires, 37 delegados y trabajadores participaron del plenario regional, realizado por [&hellip;]<\/p>\n","protected":false},"author":1,"featured_media":19220,"comment_status":"open","ping_status":"open","sticky":false,"template":"","format":"standard","meta":{"_exactmetrics_skip_tracking":false,"_exactmetrics_sitenote_active":false,"_exactmetrics_sitenote_note":"","_exactmetrics_sitenote_category":0,"jnews-multi-image_gallery":[],"jnews_single_post":[],"jnews_primary_category":[],"jnews_social_meta":[],"jnews_review":[],"enable_review":"","type":"","name":"","summary":"","brand":"","sku":"","good":[],"bad":[],"score_override":"","override_value":"","rating":[],"price":[],"jnews_override_counter":[],"jnews_post_split":[],"footnotes":""},"categories":[18],"tags":[],"class_list":["post-2871","post","type-post","status-publish","format-standard","has-post-thumbnail","hentry","category-nacionales"],"jetpack_featured_media_url":"https:\/\/atecordoba.org\/wp-content\/uploads\/2020\/05\/logo-nuevochico-e1561581322808.png","_links":{"self":[{"href":"https:\/\/atecordoba.org\/index.php?rest_route=\/wp\/v2\/posts\/2871","targetHints":{"allow":["GET"]}}],"collection":[{"href":"https:\/\/atecordoba.org\/index.php?rest_route=\/wp\/v2\/posts"}],"about":[{"href":"https:\/\/atecordoba.org\/index.php?rest_route=\/wp\/v2\/types\/post"}],"author":[{"embeddable":true,"href":"https:\/\/atecordoba.org\/index.php?rest_route=\/wp\/v2\/users\/1"}],"replies":[{"embeddable":true,"href":"https:\/\/atecordoba.org\/index.php?rest_route=%2Fwp%2Fv2%2Fcomments&post=2871"}],"version-history":[{"count":0,"href":"https:\/\/atecordoba.org\/index.php?rest_route=\/wp\/v2\/posts\/2871\/revisions"}],"wp:featuredmedia":[{"embeddable":true,"href":"https:\/\/atecordoba.org\/index.php?rest_route=\/wp\/v2\/media\/19220"}],"wp:attachment":[{"href":"https:\/\/atecordoba.org\/index.php?rest_route=%2Fwp%2Fv2%2Fmedia&parent=2871"}],"wp:term":[{"taxonomy":"category","embeddable":true,"href":"https:\/\/atecordoba.org\/index.php?rest_route=%2Fwp%2Fv2%2Fcategories&post=2871"},{"taxonomy":"post_tag","embeddable":true,"href":"https:\/\/atecordoba.org\/index.php?rest_route=%2Fwp%2Fv2%2Ftags&post=2871"}],"curies":[{"name":"wp","href":"https:\/\/api.w.org\/{rel}","templated":true}]}}