{"id":28701,"date":"2021-10-28T12:17:42","date_gmt":"2021-10-28T15:17:42","guid":{"rendered":"https:\/\/atecordoba.org\/?p=28701"},"modified":"2021-10-28T13:23:16","modified_gmt":"2021-10-28T16:23:16","slug":"historico-ate-elige-cuerpo-de-delegados-en-la-central-nuclear-de-embalse","status":"publish","type":"post","link":"https:\/\/atecordoba.org\/?p=28701","title":{"rendered":"Hist\u00f3rico: ATE elige cuerpo de delegados en la Central Nuclear de Embalse"},"content":{"rendered":"\n<div class=\"wp-block-image\"><figure class=\"aligncenter size-large is-resized\"><img loading=\"lazy\" decoding=\"async\" src=\"https:\/\/atecordoba.org\/wp-content\/uploads\/2021\/10\/247184758_1227217961022796_4144793838736899836_n.jpg\" alt=\"\" class=\"wp-image-28702\" width=\"720\" height=\"540\" \/><\/figure><\/div>\n\n\n\n<p>En el d\u00eda de ayer se celebr\u00f3 un acto sumamente importante, un paso m\u00e1s para consolidar nuestra democracia sindical, al celebrarse la elecci\u00f3n de delegados y delegadas en la Central Nuclear de Embalse (CNE).<\/p>\n\n\n\n<p>De esta forma, ATE organiza a las y los trabajadores de un sector estrat\u00e9gico para nuestra soberan\u00eda energ\u00e9tica nacional.<\/p>\n\n\n\n<p>En la oportunidad, resultaron consagrados Miguel Gontero, Esteban Derosivick, Maximiliano Ledo Bogdan, Gustavo Carranza y Gabriela Olmos Rodr\u00edguez.<\/p>\n\n\n\n<p>La seccional ATE R\u00edo Tercero felicit\u00f3 a las y los compa\u00f1eros \u201cpor tomar el compromiso y asumir la responsabilidad\u201d de representar al personal del sector&#8221;. Estuvieron presentes garantizando que la elecci\u00f3n se cumpla en tiempo y forma el secretario Gremial de ATE R\u00edo Tercero, David Salto, y su par de Organizaci\u00f3n, Juan Baz\u00e1n.<\/p>\n\n\n\n<div class=\"wp-block-image\"><figure class=\"aligncenter size-large\"><img loading=\"lazy\" decoding=\"async\" width=\"763\" height=\"960\" src=\"https:\/\/atecordoba.org\/wp-content\/uploads\/2021\/10\/248430095_1227218241022768_8176264060747397233_n-1.jpg\" alt=\"\" class=\"wp-image-28709\" srcset=\"https:\/\/atecordoba.org\/wp-content\/uploads\/2021\/10\/248430095_1227218241022768_8176264060747397233_n-1.jpg 763w, https:\/\/atecordoba.org\/wp-content\/uploads\/2021\/10\/248430095_1227218241022768_8176264060747397233_n-1-238x300.jpg 238w, https:\/\/atecordoba.org\/wp-content\/uploads\/2021\/10\/248430095_1227218241022768_8176264060747397233_n-1-750x944.jpg 750w\" sizes=\"auto, (max-width: 763px) 100vw, 763px\" \/><\/figure><\/div>\n\n\n\n<p>\u201cLuego de la resistencia que dieron las y los trabajadores organizados en ATE a lo largo de la historia, queremos recuperar la dignidad y lograr romper con las cadenas de opresi\u00f3n que imponen los patrones avalados por los sindicatos c\u00f3mplices olvidando la historia del movimiento obrero argentino\u201d, rese\u00f1\u00f3 la seccional.<\/p>\n\n\n\n<p>El nuevo cuerpo delegados se propone marcar un antes y un despu\u00e9s en la Central Nuclear, apostando a la recuperaci\u00f3n de los derechos, levantando la bandera de ATE, \u201cPor ello es que se presentaron m\u00e1s del 50% del padr\u00f3n para elegir a sus primeras l\u00edneas dirigenciales, para elegir a lo m\u00e1s importante de una organizaci\u00f3n, que son sus delegadas\/os\u201d, resumieron desde R\u00edo Tercero.<\/p>\n\n\n\n<figure class=\"wp-block-gallery columns-3 is-cropped wp-block-gallery-1 is-layout-flex wp-block-gallery-is-layout-flex\"><ul class=\"blocks-gallery-grid\"><li class=\"blocks-gallery-item\"><figure><img loading=\"lazy\" decoding=\"async\" width=\"720\" height=\"960\" src=\"https:\/\/atecordoba.org\/wp-content\/uploads\/2021\/10\/247471121_1227218094356116_7562788504117884742_n.jpg\" alt=\"\" data-id=\"28703\" data-full-url=\"https:\/\/atecordoba.org\/wp-content\/uploads\/2021\/10\/247471121_1227218094356116_7562788504117884742_n.jpg\" data-link=\"https:\/\/atecordoba.org\/?attachment_id=28703\" class=\"wp-image-28703\" srcset=\"https:\/\/atecordoba.org\/wp-content\/uploads\/2021\/10\/247471121_1227218094356116_7562788504117884742_n.jpg 720w, https:\/\/atecordoba.org\/wp-content\/uploads\/2021\/10\/247471121_1227218094356116_7562788504117884742_n-225x300.jpg 225w\" sizes=\"auto, (max-width: 720px) 100vw, 720px\" \/><\/figure><\/li><li class=\"blocks-gallery-item\"><figure><img loading=\"lazy\" decoding=\"async\" width=\"720\" height=\"960\" src=\"https:\/\/atecordoba.org\/wp-content\/uploads\/2021\/10\/248945228_1227218197689439_3280196844609126864_n.jpg\" alt=\"\" data-id=\"28704\" data-full-url=\"https:\/\/atecordoba.org\/wp-content\/uploads\/2021\/10\/248945228_1227218197689439_3280196844609126864_n.jpg\" data-link=\"https:\/\/atecordoba.org\/?attachment_id=28704\" class=\"wp-image-28704\" srcset=\"https:\/\/atecordoba.org\/wp-content\/uploads\/2021\/10\/248945228_1227218197689439_3280196844609126864_n.jpg 720w, https:\/\/atecordoba.org\/wp-content\/uploads\/2021\/10\/248945228_1227218197689439_3280196844609126864_n-225x300.jpg 225w\" sizes=\"auto, (max-width: 720px) 100vw, 720px\" \/><\/figure><\/li><li class=\"blocks-gallery-item\"><figure><img loading=\"lazy\" decoding=\"async\" width=\"720\" height=\"960\" src=\"https:\/\/atecordoba.org\/wp-content\/uploads\/2021\/10\/248985517_1227218011022791_5890631108364164178_n.jpg\" alt=\"\" data-id=\"28705\" data-full-url=\"https:\/\/atecordoba.org\/wp-content\/uploads\/2021\/10\/248985517_1227218011022791_5890631108364164178_n.jpg\" data-link=\"https:\/\/atecordoba.org\/?attachment_id=28705\" class=\"wp-image-28705\" srcset=\"https:\/\/atecordoba.org\/wp-content\/uploads\/2021\/10\/248985517_1227218011022791_5890631108364164178_n.jpg 720w, https:\/\/atecordoba.org\/wp-content\/uploads\/2021\/10\/248985517_1227218011022791_5890631108364164178_n-225x300.jpg 225w\" sizes=\"auto, (max-width: 720px) 100vw, 720px\" \/><\/figure><\/li><li class=\"blocks-gallery-item\"><figure><img loading=\"lazy\" decoding=\"async\" width=\"720\" height=\"960\" src=\"https:\/\/atecordoba.org\/wp-content\/uploads\/2021\/10\/246824074_1227218054356120_1569612461513619511_n.jpg\" alt=\"\" data-id=\"28707\" data-full-url=\"https:\/\/atecordoba.org\/wp-content\/uploads\/2021\/10\/246824074_1227218054356120_1569612461513619511_n.jpg\" data-link=\"https:\/\/atecordoba.org\/?attachment_id=28707\" class=\"wp-image-28707\" srcset=\"https:\/\/atecordoba.org\/wp-content\/uploads\/2021\/10\/246824074_1227218054356120_1569612461513619511_n.jpg 720w, https:\/\/atecordoba.org\/wp-content\/uploads\/2021\/10\/246824074_1227218054356120_1569612461513619511_n-225x300.jpg 225w\" sizes=\"auto, (max-width: 720px) 100vw, 720px\" \/><\/figure><\/li><li class=\"blocks-gallery-item\"><figure><img loading=\"lazy\" decoding=\"async\" width=\"720\" height=\"960\" src=\"https:\/\/atecordoba.org\/wp-content\/uploads\/2021\/10\/246901969_1227218137689445_7675589971489563807_n.jpg\" alt=\"\" data-id=\"28708\" data-full-url=\"https:\/\/atecordoba.org\/wp-content\/uploads\/2021\/10\/246901969_1227218137689445_7675589971489563807_n.jpg\" data-link=\"https:\/\/atecordoba.org\/?attachment_id=28708\" class=\"wp-image-28708\" srcset=\"https:\/\/atecordoba.org\/wp-content\/uploads\/2021\/10\/246901969_1227218137689445_7675589971489563807_n.jpg 720w, https:\/\/atecordoba.org\/wp-content\/uploads\/2021\/10\/246901969_1227218137689445_7675589971489563807_n-225x300.jpg 225w\" sizes=\"auto, (max-width: 720px) 100vw, 720px\" \/><\/figure><\/li><\/ul><\/figure>\n","protected":false},"excerpt":{"rendered":"<p>En el d\u00eda de ayer se celebr\u00f3 un acto sumamente importante, un paso m\u00e1s para consolidar nuestra democracia sindical, al celebrarse la elecci\u00f3n de delegados y delegadas en la Central Nuclear de Embalse (CNE). De esta forma, ATE organiza a las y los trabajadores de un sector estrat\u00e9gico para nuestra soberan\u00eda energ\u00e9tica nacional. En la [&hellip;]<\/p>\n","protected":false},"author":7,"featured_media":28702,"comment_status":"open","ping_status":"open","sticky":false,"template":"","format":"standard","meta":{"_exactmetrics_skip_tracking":false,"_exactmetrics_sitenote_active":false,"_exactmetrics_sitenote_note":"","_exactmetrics_sitenote_category":0,"jnews-multi-image_gallery":[],"jnews_single_post":{"subtitle":"Despu\u00e9s de muchos a\u00f1os ATE eligi\u00f3 un cuerpo de delegados y delegadas frente al monopolio sindical que impon\u00eda la patronal junto a Luz y Fuerza.","format":"standard","video":"","gallery":"","source_name":"","source_url":"","via_name":"","via_url":"","override":[{"template":"1","single_blog_custom":"","parallax":"1","fullscreen":"1","layout":"right-sidebar","sidebar":"default-sidebar","second_sidebar":"default-sidebar","sticky_sidebar":"1","share_position":"top","share_float_style":"share-monocrhome","show_share_counter":"1","show_view_counter":"1","show_featured":"1","show_post_meta":"1","show_post_author":"1","show_post_author_image":"1","show_post_date":"1","post_date_format":"default","post_date_format_custom":"Y\/m\/d","show_post_category":"1","post_reading_time_wpm":"300","zoom_button_out_step":"2","zoom_button_in_step":"3","show_post_tag":"1","show_prev_next_post":"1","show_popup_post":"1","number_popup_post":"1"}],"image_override":[{"single_post_thumbnail_size":"crop-500","single_post_gallery_size":"crop-500"}],"trending_post_position":"meta","trending_post_label":"Trending","sponsored_post_label":"Sponsored by","sponsored_post_name":"","sponsored_post_url":"","sponsored_post_logo":"","sponsored_post_desc":""},"jnews_primary_category":{"id":""},"jnews_social_meta":[],"jnews_review":[],"enable_review":"","type":"","name":"","summary":"","brand":"","sku":"","good":[],"bad":[],"score_override":"","override_value":"","rating":[],"price":[],"jnews_override_counter":[],"jnews_post_split":[],"footnotes":""},"categories":[18,13],"tags":[956],"class_list":["post-28701","post","type-post","status-publish","format-standard","has-post-thumbnail","hentry","category-nacionales","category-rio-tercero","tag-central-nuclear-embalse"],"jetpack_featured_media_url":"https:\/\/atecordoba.org\/wp-content\/uploads\/2021\/10\/247184758_1227217961022796_4144793838736899836_n-e1635434188159.jpg","_links":{"self":[{"href":"https:\/\/atecordoba.org\/index.php?rest_route=\/wp\/v2\/posts\/28701","targetHints":{"allow":["GET"]}}],"collection":[{"href":"https:\/\/atecordoba.org\/index.php?rest_route=\/wp\/v2\/posts"}],"about":[{"href":"https:\/\/atecordoba.org\/index.php?rest_route=\/wp\/v2\/types\/post"}],"author":[{"embeddable":true,"href":"https:\/\/atecordoba.org\/index.php?rest_route=\/wp\/v2\/users\/7"}],"replies":[{"embeddable":true,"href":"https:\/\/atecordoba.org\/index.php?rest_route=%2Fwp%2Fv2%2Fcomments&post=28701"}],"version-history":[{"count":3,"href":"https:\/\/atecordoba.org\/index.php?rest_route=\/wp\/v2\/posts\/28701\/revisions"}],"predecessor-version":[{"id":28727,"href":"https:\/\/atecordoba.org\/index.php?rest_route=\/wp\/v2\/posts\/28701\/revisions\/28727"}],"wp:featuredmedia":[{"embeddable":true,"href":"https:\/\/atecordoba.org\/index.php?rest_route=\/wp\/v2\/media\/28702"}],"wp:attachment":[{"href":"https:\/\/atecordoba.org\/index.php?rest_route=%2Fwp%2Fv2%2Fmedia&parent=28701"}],"wp:term":[{"taxonomy":"category","embeddable":true,"href":"https:\/\/atecordoba.org\/index.php?rest_route=%2Fwp%2Fv2%2Fcategories&post=28701"},{"taxonomy":"post_tag","embeddable":true,"href":"https:\/\/atecordoba.org\/index.php?rest_route=%2Fwp%2Fv2%2Ftags&post=28701"}],"curies":[{"name":"wp","href":"https:\/\/api.w.org\/{rel}","templated":true}]}}