{"id":28697,"date":"2021-10-28T10:58:20","date_gmt":"2021-10-28T13:58:20","guid":{"rendered":"https:\/\/atecordoba.org\/?p=28697"},"modified":"2021-10-28T16:16:53","modified_gmt":"2021-10-28T19:16:53","slug":"pami-jornada-de-protesta-con-radio-abierta","status":"publish","type":"post","link":"https:\/\/atecordoba.org\/?p=28697","title":{"rendered":"PAMI: Se cumpli\u00f3 la Jornada de Protesta Nacional con Radio Abierta en C\u00f3rdoba"},"content":{"rendered":"\n<div class=\"wp-block-image\"><figure class=\"aligncenter size-large is-resized\"><img loading=\"lazy\" decoding=\"async\" src=\"https:\/\/atecordoba.org\/wp-content\/uploads\/2021\/10\/28_10_Radio_Pami-1024x769.jpg\" alt=\"\" class=\"wp-image-28698\" width=\"768\" height=\"577\"\/><\/figure><\/div>\n\n\n\n<p>La obra social de las y los jubilados atraviesa diversos problemas de \u00edndole laboral y en la prestaci\u00f3n de servicios a los afiliados, que impuls\u00f3 a ATE PAMI a llevar adelante hoy una jornada de protesta en todo el pa\u00eds. En el caso  de C\u00f3rdoba, con la realizaci\u00f3n de una radio abierta a partir de las 10 horas frente a la sede del organismo, avenida General Paz 374.<\/p>\n\n\n\n<p>Particip\u00f3 una delegaci\u00f3n de dirigentes del Consejo Directivo Provincial (CDP), encabezada por el secretario Adjunto, Hugo Dur\u00e1n.  <\/p>\n\n\n\n<p>Para detallar las causas de la medida de fuerza, el programa radial Entre todos y todas, que la Secretaria de Prensa de ATE C\u00f3rdoba realiza cada martes por GEN FM 107.5, entrevist\u00f3 a la delegada de ATE Elisa Ojeda, quien explic\u00f3 que la jornada de protesta tiene por fin &#8220;para poner conocimiento a los afiliados y la poblaci\u00f3n en general lo que est\u00e1 pasando en PAMI&#8221;.<\/p>\n\n\n\n<p>La delegada dijo que desde el PAMI hay una total &#8220;falta de respuestas en las instancias internas frente a reclamos que hemos realizado por traslados compulsivos de compa\u00f1eros con 30 a\u00f1os de antig\u00fcedad de sus puestos de trabajo, sin ninguna justificaci\u00f3n funcional o administrativa&#8221;.<\/p>\n\n\n\n<figure class=\"wp-block-gallery aligncenter columns-3 is-cropped wp-block-gallery-1 is-layout-flex wp-block-gallery-is-layout-flex\"><ul class=\"blocks-gallery-grid\"><li class=\"blocks-gallery-item\"><figure><a href=\"https:\/\/atecordoba.org\/wp-content\/uploads\/2021\/10\/pami-radio-abierta4.jpg\"><img loading=\"lazy\" decoding=\"async\" width=\"1024\" height=\"464\" src=\"https:\/\/atecordoba.org\/wp-content\/uploads\/2021\/10\/pami-radio-abierta4-1024x464.jpg\" alt=\"\" data-id=\"28721\" data-full-url=\"https:\/\/atecordoba.org\/wp-content\/uploads\/2021\/10\/pami-radio-abierta4.jpg\" data-link=\"https:\/\/atecordoba.org\/?attachment_id=28721\" class=\"wp-image-28721\" srcset=\"https:\/\/atecordoba.org\/wp-content\/uploads\/2021\/10\/pami-radio-abierta4-1024x464.jpg 1024w, https:\/\/atecordoba.org\/wp-content\/uploads\/2021\/10\/pami-radio-abierta4-300x136.jpg 300w, https:\/\/atecordoba.org\/wp-content\/uploads\/2021\/10\/pami-radio-abierta4-768x348.jpg 768w, https:\/\/atecordoba.org\/wp-content\/uploads\/2021\/10\/pami-radio-abierta4-750x340.jpg 750w, https:\/\/atecordoba.org\/wp-content\/uploads\/2021\/10\/pami-radio-abierta4.jpg 1073w\" sizes=\"auto, (max-width: 1024px) 100vw, 1024px\" \/><\/a><\/figure><\/li><li class=\"blocks-gallery-item\"><figure><a href=\"https:\/\/atecordoba.org\/wp-content\/uploads\/2021\/10\/pami-radio-abierta3-1.jpg\"><img loading=\"lazy\" decoding=\"async\" width=\"1024\" height=\"462\" src=\"https:\/\/atecordoba.org\/wp-content\/uploads\/2021\/10\/pami-radio-abierta3-1-1024x462.jpg\" alt=\"\" data-id=\"28722\" data-full-url=\"https:\/\/atecordoba.org\/wp-content\/uploads\/2021\/10\/pami-radio-abierta3-1.jpg\" data-link=\"https:\/\/atecordoba.org\/?attachment_id=28722\" class=\"wp-image-28722\"\/><\/a><\/figure><\/li><li class=\"blocks-gallery-item\"><figure><a href=\"https:\/\/atecordoba.org\/wp-content\/uploads\/2021\/10\/pami-radio-abierta2-1.jpg\"><img loading=\"lazy\" decoding=\"async\" width=\"979\" height=\"483\" src=\"https:\/\/atecordoba.org\/wp-content\/uploads\/2021\/10\/pami-radio-abierta2-1.jpg\" alt=\"\" data-id=\"28723\" data-full-url=\"https:\/\/atecordoba.org\/wp-content\/uploads\/2021\/10\/pami-radio-abierta2-1.jpg\" data-link=\"https:\/\/atecordoba.org\/?attachment_id=28723\" class=\"wp-image-28723\" srcset=\"https:\/\/atecordoba.org\/wp-content\/uploads\/2021\/10\/pami-radio-abierta2-1.jpg 979w, https:\/\/atecordoba.org\/wp-content\/uploads\/2021\/10\/pami-radio-abierta2-1-300x148.jpg 300w, https:\/\/atecordoba.org\/wp-content\/uploads\/2021\/10\/pami-radio-abierta2-1-768x379.jpg 768w, https:\/\/atecordoba.org\/wp-content\/uploads\/2021\/10\/pami-radio-abierta2-1-750x370.jpg 750w\" sizes=\"auto, (max-width: 979px) 100vw, 979px\" \/><\/a><\/figure><\/li><\/ul><\/figure>\n\n\n\n<p>Una de las compa\u00f1eras desplazada, que integraba el sector &#8216;Prestaciones sociales&#8217;, relat\u00f3 que la desplazaron del cargo que ten\u00eda concursado &#8220;despu\u00e9s de estar 9 meses haciendo teletrabajo y aduciendo que ten\u00eda un sumario que no existe porque nunca apareci\u00f3. Ahora estoy haciendo trabajo administrativo en otro sector sin poder realizar el trabajo territorial que me corresponde como trabajadora social. Gracias ATE estoy haciendo los reclamos correspondientes&#8221;. <\/p>\n\n\n\n<p>&#8220;De igual manera, hicimos reclamos por hechos de violencia de g\u00e9nero que no motivaron respuesta hasta el momento, uno en particular en Marcos Ju\u00e1rez que incluy\u00f3 la agresi\u00f3n f\u00edsica de parte de un trabajador sin que se traslade a este agente violento para que no convivan en un \u00e1mbito de trabajo que se torn\u00f3 violento&#8221;, dijo Ojeda. <\/p>\n\n\n\n<p>El Departamento de G\u00e9neros y Diversidades del CDP expres\u00f3 su solidaridad con la compa\u00f1era agredida e inform\u00f3 que, tras la denuncia realizada, la compa\u00f1era -cuyo nombre no trasciende para no revictimizarla-  fue habilitada para realizar teletrabajo desde su casa y as\u00ed resguardar su integridad f\u00edsica y psicol\u00f3gica. No obstante el Departamento se pregunt\u00f3 si &#8220;deben ser las v\u00edctimas quienes modifiquen su r\u00e9gimen laboral en vez del victimario&#8221;, e inst\u00f3 a las autoridades de al IG3 a procurar un ambiente de trabajo libre de violencias para la compa\u00f1era agredida en Marcos Ju\u00e1rez. <\/p>\n\n\n\n<p>A su turno, Dur\u00e1n dijo en representaci\u00f3n del CDP que &#8220;en PAMI hay falta de comunicaci\u00f3n con el personal, hay m\u00e1s precarizados, hay baja salarial en la paritaria, no se restituyen con altas las bajas de cargos por jubilaciones o por fallecimiento. En definitiva las autoridades est\u00e1n haciendo todo lo contrario a lo que dijeron en campa\u00f1a. Vamos a tener que poner esta situaci\u00f3n en agenda con acciones semanales para que las autoridades vayan entendiendo&#8221;, sintetiz\u00f3 el dirigente.<\/p>\n\n\n\n<div class=\"wp-block-image\"><figure class=\"aligncenter size-large is-resized\"><img loading=\"lazy\" decoding=\"async\" src=\"https:\/\/atecordoba.org\/wp-content\/uploads\/2021\/10\/duran-pami-1024x464.jpg\" alt=\"\" class=\"wp-image-28724\" width=\"768\" height=\"348\" srcset=\"https:\/\/atecordoba.org\/wp-content\/uploads\/2021\/10\/duran-pami-1024x464.jpg 1024w, https:\/\/atecordoba.org\/wp-content\/uploads\/2021\/10\/duran-pami-300x136.jpg 300w, https:\/\/atecordoba.org\/wp-content\/uploads\/2021\/10\/duran-pami-768x348.jpg 768w, https:\/\/atecordoba.org\/wp-content\/uploads\/2021\/10\/duran-pami-750x340.jpg 750w, https:\/\/atecordoba.org\/wp-content\/uploads\/2021\/10\/duran-pami.jpg 1077w\" sizes=\"auto, (max-width: 768px) 100vw, 768px\" \/><\/figure><\/div>\n\n\n\n<p><strong>Grave situaci\u00f3n de PAMI Escucha<\/strong> <strong>y otros reclamos <\/strong><\/p>\n\n\n\n<p>Por otro lado, la delegada denunci\u00f3 la situaci\u00f3n que atraviesa el servicio PAMI Escucha, que fue tercerizado y por lo tanto quit\u00f3 fuentes de trabajo dentro del organismo al tiempo que est\u00e1 prestando un p\u00e9simo servicio a los afiliados, que son nuestra prioridad.<\/p>\n\n\n\n<p>&#8220;Tambi\u00e9n estamos reclamando que se pague el bono especial por el D\u00eda del Empleado de PAMI, que se celebra el 13 de noviembre&#8221;, dijo.<\/p>\n\n\n\n<p>Al margen, de estas situaciones de orden diario, ATE PAMI lleva adelante un planteo de tipo estructural, reclamando que la obra social de los jubilados vuelva a ser administrada por sus verdaderos due\u00f1os: los afiliados y los trabajadores en el directorio y se levante la intervenci\u00f3n del gobierno que se mantiene desde 2003.<\/p>\n\n\n\n<p>En t\u00e9rminos generales la delegada dijo que &#8220;PAMI est\u00e1 prestando un servicio deficiente con reclamos por la mala atenci\u00f3n en los hospitales propios del organismo como los radicados en Mar del Plata, CABA y Rosario. &nbsp;Adem\u00e1s, preocupan las condiciones laborales de precariedad que est\u00e1n sufriendo muchos trabajadores, a partir de la utilizaci\u00f3n arbitraria de monotributos&#8221;.<\/p>\n\n\n\n<p>Vale recordar que en el Convenio Colectivo sectorial est\u00e1 especificado el derecho a que las y los hijos del personal puedan optar por integrarse al plantel del organismo, pero ese derecho no est\u00e1 siendo respetado. Tenemos varios casos de compa\u00f1eros y compa\u00f1eras fallecidos en la provincia por el Covid cuyos hijos o hijas no han tenido la alternativa de presentarse para ser evaluados, a los fines de sumarse al equipo de trabajo.<\/p>\n","protected":false},"excerpt":{"rendered":"<p>La obra social de las y los jubilados atraviesa diversos problemas de \u00edndole laboral y en la prestaci\u00f3n de servicios a los afiliados, que impuls\u00f3 a ATE PAMI a llevar adelante hoy una jornada de protesta en todo el pa\u00eds. En el caso de C\u00f3rdoba, con la realizaci\u00f3n de una radio abierta a partir de [&hellip;]<\/p>\n","protected":false},"author":7,"featured_media":28722,"comment_status":"open","ping_status":"open","sticky":false,"template":"","format":"standard","meta":{"_exactmetrics_skip_tracking":false,"_exactmetrics_sitenote_active":false,"_exactmetrics_sitenote_note":"","_exactmetrics_sitenote_category":0,"jnews-multi-image_gallery":[],"jnews_single_post":{"subtitle":"Es grave la falta de respuestas a los reclamos por violencia de g\u00e9nero, precarizaci\u00f3n laboral y por el cobro del bono por el D\u00eda del Trabajador y Trabajadora de PAMI.","format":"standard","video":"","gallery":"","source_name":"","source_url":"","via_name":"","via_url":"","override":[{"template":"1","single_blog_custom":"","parallax":"1","fullscreen":"1","layout":"right-sidebar","sidebar":"default-sidebar","second_sidebar":"default-sidebar","sticky_sidebar":"1","share_position":"top","share_float_style":"share-monocrhome","show_share_counter":"1","show_view_counter":"1","show_featured":"1","show_post_meta":"1","show_post_author":"1","show_post_author_image":"1","show_post_date":"1","post_date_format":"default","post_date_format_custom":"Y\/m\/d","show_post_category":"1","post_reading_time_wpm":"300","zoom_button_out_step":"2","zoom_button_in_step":"3","show_post_tag":"1","show_prev_next_post":"1","show_popup_post":"1","number_popup_post":"1"}],"image_override":[{"single_post_thumbnail_size":"crop-500","single_post_gallery_size":"crop-500"}],"trending_post_position":"meta","trending_post_label":"Trending","sponsored_post_label":"Sponsored by","sponsored_post_name":"","sponsored_post_url":"","sponsored_post_logo":"","sponsored_post_desc":""},"jnews_primary_category":{"id":""},"jnews_social_meta":[],"jnews_review":[],"enable_review":"","type":"","name":"","summary":"","brand":"","sku":"","good":[],"bad":[],"score_override":"","override_value":"","rating":[],"price":[],"jnews_override_counter":[],"jnews_post_split":[],"footnotes":""},"categories":[18],"tags":[57],"class_list":["post-28697","post","type-post","status-publish","format-standard","has-post-thumbnail","hentry","category-nacionales","tag-pami"],"jetpack_featured_media_url":"https:\/\/atecordoba.org\/wp-content\/uploads\/2021\/10\/pami-radio-abierta3-1-e1635438027975.jpg","_links":{"self":[{"href":"https:\/\/atecordoba.org\/index.php?rest_route=\/wp\/v2\/posts\/28697","targetHints":{"allow":["GET"]}}],"collection":[{"href":"https:\/\/atecordoba.org\/index.php?rest_route=\/wp\/v2\/posts"}],"about":[{"href":"https:\/\/atecordoba.org\/index.php?rest_route=\/wp\/v2\/types\/post"}],"author":[{"embeddable":true,"href":"https:\/\/atecordoba.org\/index.php?rest_route=\/wp\/v2\/users\/7"}],"replies":[{"embeddable":true,"href":"https:\/\/atecordoba.org\/index.php?rest_route=%2Fwp%2Fv2%2Fcomments&post=28697"}],"version-history":[{"count":4,"href":"https:\/\/atecordoba.org\/index.php?rest_route=\/wp\/v2\/posts\/28697\/revisions"}],"predecessor-version":[{"id":28729,"href":"https:\/\/atecordoba.org\/index.php?rest_route=\/wp\/v2\/posts\/28697\/revisions\/28729"}],"wp:featuredmedia":[{"embeddable":true,"href":"https:\/\/atecordoba.org\/index.php?rest_route=\/wp\/v2\/media\/28722"}],"wp:attachment":[{"href":"https:\/\/atecordoba.org\/index.php?rest_route=%2Fwp%2Fv2%2Fmedia&parent=28697"}],"wp:term":[{"taxonomy":"category","embeddable":true,"href":"https:\/\/atecordoba.org\/index.php?rest_route=%2Fwp%2Fv2%2Fcategories&post=28697"},{"taxonomy":"post_tag","embeddable":true,"href":"https:\/\/atecordoba.org\/index.php?rest_route=%2Fwp%2Fv2%2Ftags&post=28697"}],"curies":[{"name":"wp","href":"https:\/\/api.w.org\/{rel}","templated":true}]}}