{"id":28679,"date":"2021-10-27T14:51:38","date_gmt":"2021-10-27T17:51:38","guid":{"rendered":"https:\/\/atecordoba.org\/?p=28679"},"modified":"2021-10-27T15:00:37","modified_gmt":"2021-10-27T18:00:37","slug":"iniciativa-conjunta-de-la-cta-y-la-oit-para-combatir-el-trabajo-informal","status":"publish","type":"post","link":"https:\/\/atecordoba.org\/?p=28679","title":{"rendered":"Iniciativa conjunta de la CTA-A y la OIT para combatir el trabajo informal"},"content":{"rendered":"\n<div class=\"wp-block-image\"><figure class=\"aligncenter size-large\"><img loading=\"lazy\" decoding=\"async\" width=\"1024\" height=\"1024\" src=\"https:\/\/atecordoba.org\/wp-content\/uploads\/2021\/10\/OIT_CTAA-1024x1024.jpg\" alt=\"\" class=\"wp-image-28683\" \/><\/figure><\/div>\n\n\n\n<p>Convocado por el \u00e1rea Relaciones Internacionales de la Central de Trabajadores de Argentina Aut\u00f3noma (CTAA) y la Organizaci\u00f3n Internacional del Trabajo (OIT) se llevaron a cabo cuatro encuentro regionales en el pa\u00eds, de car\u00e1cter virtual, para establecer par\u00e1metros concretos de la situaci\u00f3n de precariedad laboral que sufren las y los trabajadores en Argentina, el \u00faltimo de las cu\u00e1les se llev\u00f3 a cabo entre el lunes y el martes pasados en la Regi\u00f3n Pampeana, participando compa\u00f1eros y compa\u00f1eras de C\u00f3rdoba Capital y R\u00edo Cuarto.<\/p>\n\n\n\n<p>Para profundizar al respecto, el programa radial Entre todos y todas, que la Secretaria de Prensa de ATE C\u00f3rdoba emite cada martes por GEN FM 107.5, realiz\u00f3 una entrevista al responsable del \u00e1rea de la CTAA, Adolfo Fito Aguirre.<\/p>\n\n\n\n<p>En tal sentido, Aguirre explic\u00f3 que &#8220;la CTAA integra una Gu\u00eda Sindical Mundial donde comienzan a prenderse las alarmas del crecimiento de la informalidad del trabajo. All\u00ed se detallan casi 20 de mecanismos de contrataciones que profundizan la precarizaci\u00f3n, que lleva hasta el trabajo esclavo en algunas regiones del mundo. Ah\u00ed la OIT, y fundamentalmente <a href=\"https:\/\/www.ilo.org\/actrav\/about\/lang--es\/index.htm\">Actra<\/a>v -Oficina de Actividades para los Trabajadores-, recopila una cantidad de experiencias en el mundo que ya est\u00e1n trabajando con la informalidad. En esa Gu\u00eda Sindical Mundial, nos invitaron a comentar como la CTAA desarroll\u00f3 hist\u00f3ricamente el concepto de organizar al que busca trabajo, al que trabaja y a la compa\u00f1era y compa\u00f1ero que trabaj\u00f3. La Gu\u00eda Sindical se publica y quedan registradas las distintas experiencias de sindicatos en el mundo, entre ellos el nuestro&#8221;.<\/p>\n\n\n\n<div class=\"wp-block-image\"><figure class=\"aligncenter size-large is-resized\"><img loading=\"lazy\" decoding=\"async\" src=\"https:\/\/atecordoba.org\/wp-content\/uploads\/2021\/10\/27_10_Fito_Aguirre-1024x575.jpeg\" alt=\"\" class=\"wp-image-28684\" width=\"768\" height=\"431\" srcset=\"https:\/\/atecordoba.org\/wp-content\/uploads\/2021\/10\/27_10_Fito_Aguirre-1024x575.jpeg 1024w, https:\/\/atecordoba.org\/wp-content\/uploads\/2021\/10\/27_10_Fito_Aguirre-300x169.jpeg 300w, https:\/\/atecordoba.org\/wp-content\/uploads\/2021\/10\/27_10_Fito_Aguirre-768x431.jpeg 768w, https:\/\/atecordoba.org\/wp-content\/uploads\/2021\/10\/27_10_Fito_Aguirre-750x421.jpeg 750w, https:\/\/atecordoba.org\/wp-content\/uploads\/2021\/10\/27_10_Fito_Aguirre-1140x640.jpeg 1140w, https:\/\/atecordoba.org\/wp-content\/uploads\/2021\/10\/27_10_Fito_Aguirre.jpeg 1280w\" sizes=\"auto, (max-width: 768px) 100vw, 768px\" \/><\/figure><\/div>\n\n\n\n<p>El dirigente prosigui\u00f3 afirmando que &#8220;luego empiezo conversaciones con Actrav con la idea de profundizar y actualizar el universo de la clase trabajadora en Argentina que sufre esta condici\u00f3n para construir algunas estrategias, partiendo de la base que la mayor\u00eda de la clase trabajadora est\u00e1 relacionada con la informalidad y es minoritario el viejo sindicalismo del trabajo formal, que conocimos en la Argentina con la tesis del \u2018pleno empleo\u2019. Este cuadro se fue profundizando a trav\u00e9s del tiempo, increment\u00e1ndose con el Consenso de Washington porque los ganadores de la \u2018guerra fr\u00eda\u2019 desenchufaron o desconectaron los estados de bienestar y desarrollaron una bater\u00eda de estrategias para demostrar que en la relaci\u00f3n capital-trabajo ganaba el capital y sobre los derechos que se hab\u00edan desarrollado. La pandemia visibiliz\u00f3 mucho m\u00e1s que lo que conoc\u00edamos la informalidad y obviamente la desigualdad y la pobreza&#8221;.<\/p>\n\n\n\n<p>Aguirre se\u00f1al\u00f3 seguidamente que &#8220;con Actrav y elaboramos un proyecto que, lejos de ser un evento, apunt\u00f3 a congregar a los dirigentes que ya ten\u00edamos experiencia en organizaci\u00f3n de la informalidad en sindicatos, y la propuesta es arrancar por cuatro regiones, que denominamos cuatro mercados de trabajo, con la idea de tener los datos duros con rigurosidad cient\u00edfica, sobre c\u00f3mo est\u00e1 ese universo mayoritario. Y tambi\u00e9n procesar con la OIT la recomendaci\u00f3n 204, que la organizaci\u00f3n sugiere a los tres mandantes (empleadores, sindicatos y estados), con el objetivo de avanzar con la consigna de trabajo decente y nosotros empezamos por un primer mercado de trabajo que es el AMBA (\u00c1rea Metropolitana de Buenos Aires), el NOA, el NEA y la Regi\u00f3n Pampeana&#8221;.<\/p>\n\n\n\n<div class=\"wp-block-image\"><figure class=\"aligncenter size-large is-resized\"><img loading=\"lazy\" decoding=\"async\" src=\"https:\/\/atecordoba.org\/wp-content\/uploads\/2021\/10\/OIT_CTAA3-1024x576.jpg\" alt=\"\" class=\"wp-image-28682\" width=\"768\" height=\"432\" srcset=\"https:\/\/atecordoba.org\/wp-content\/uploads\/2021\/10\/OIT_CTAA3-1024x576.jpg 1024w, https:\/\/atecordoba.org\/wp-content\/uploads\/2021\/10\/OIT_CTAA3-300x169.jpg 300w, https:\/\/atecordoba.org\/wp-content\/uploads\/2021\/10\/OIT_CTAA3-768x432.jpg 768w, https:\/\/atecordoba.org\/wp-content\/uploads\/2021\/10\/OIT_CTAA3-750x422.jpg 750w, https:\/\/atecordoba.org\/wp-content\/uploads\/2021\/10\/OIT_CTAA3-1140x641.jpg 1140w, https:\/\/atecordoba.org\/wp-content\/uploads\/2021\/10\/OIT_CTAA3.jpg 1280w\" sizes=\"auto, (max-width: 768px) 100vw, 768px\" \/><\/figure><\/div>\n\n\n\n<p>El dirigente apunt\u00f3 que &#8220;los n\u00fameros son precisos y uno de los d\u00edas los destinamos a intercambiar y testimoniar experiencias concretas que ya tenemos, obst\u00e1culos, las buenas, las malas, pero hay un acumulado de todo esto, participando un poco m\u00e1s de 300 dirigentes y dirigentes, contando lo que particip\u00f3 en cada encuentro regional&#8221;.<\/p>\n\n\n\n<p>&#8220;Nos quedamos con cuatro estudios de muy buen nivel para retratar como est\u00e1 ese universo de la clase y nos deja el compromiso de tener un guion nuevo de la CTAA para zambullirnos, para no naturalizar la informalidad y ser voceros, militantes de lo que plantea la OIT, para que se naturalice el trabajo digno. Es una pulseada de actualidad entre la relaci\u00f3n capital-trabajo y la disputa que tenemos con quienes manejan bienes de producci\u00f3n viejos y los nuevos que tienen que ver con la digitalizaci\u00f3n y otras formas, que hoy por hoy son desconocidas. Lo que iba a pasar en el 2025 se adelant\u00f3 por la pandemia y ya se instal\u00f3&#8221;, concluy\u00f3.<\/p>\n\n\n\n<p>Para escuchar la entrevista completa ingresar <a href=\"https:\/\/ar.radiocut.fm\/audiocut\/encuentro-y-proyecto-ctaa-y-oit-para-pasaje-informalidad-a-formalidad-laboral\/\">aqu\u00ed<\/a>.<\/p>\n","protected":false},"excerpt":{"rendered":"<p>Convocado por el \u00e1rea Relaciones Internacionales de la Central de Trabajadores de Argentina Aut\u00f3noma (CTAA) y la Organizaci\u00f3n Internacional del Trabajo (OIT) se llevaron a cabo cuatro encuentro regionales en el pa\u00eds, de car\u00e1cter virtual, para establecer par\u00e1metros concretos de la situaci\u00f3n de precariedad laboral que sufren las y los trabajadores en Argentina, el \u00faltimo [&hellip;]<\/p>\n","protected":false},"author":7,"featured_media":28683,"comment_status":"open","ping_status":"open","sticky":false,"template":"","format":"standard","meta":{"_exactmetrics_skip_tracking":false,"_exactmetrics_sitenote_active":false,"_exactmetrics_sitenote_note":"","_exactmetrics_sitenote_category":0,"jnews-multi-image_gallery":[],"jnews_single_post":{"subtitle":"El responsable de Relaciones Internaciones de la CTAA, Adolfo Aguirre, explic\u00f3 el alcance de la iniciativa.","format":"standard","video":"","gallery":"","source_name":"","source_url":"","via_name":"","via_url":"","override":[{"template":"1","single_blog_custom":"","parallax":"1","fullscreen":"1","layout":"right-sidebar","sidebar":"default-sidebar","second_sidebar":"default-sidebar","sticky_sidebar":"1","share_position":"top","share_float_style":"share-monocrhome","show_share_counter":"1","show_view_counter":"1","show_featured":"1","show_post_meta":"1","show_post_author":"1","show_post_author_image":"1","show_post_date":"1","post_date_format":"default","post_date_format_custom":"Y\/m\/d","show_post_category":"1","post_reading_time_wpm":"300","zoom_button_out_step":"2","zoom_button_in_step":"3","show_post_tag":"1","show_prev_next_post":"1","show_popup_post":"1","number_popup_post":"1"}],"image_override":[{"single_post_thumbnail_size":"crop-500","single_post_gallery_size":"crop-500"}],"trending_post_position":"meta","trending_post_label":"Trending","sponsored_post_label":"Sponsored by","sponsored_post_name":"","sponsored_post_url":"","sponsored_post_logo":"","sponsored_post_desc":""},"jnews_primary_category":{"id":""},"jnews_social_meta":[],"jnews_review":[],"enable_review":"","type":"","name":"","summary":"","brand":"","sku":"","good":[],"bad":[],"score_override":"","override_value":"","rating":[],"price":[],"jnews_override_counter":[],"jnews_post_split":[],"footnotes":""},"categories":[10,92,108],"tags":[371,955],"class_list":["post-28679","post","type-post","status-publish","format-standard","has-post-thumbnail","hentry","category-accion-politica","category-cta","category-internacional","tag-oit","tag-trabajo-precario"],"jetpack_featured_media_url":"https:\/\/atecordoba.org\/wp-content\/uploads\/2021\/10\/OIT_CTAA-e1635357085251.jpg","_links":{"self":[{"href":"https:\/\/atecordoba.org\/index.php?rest_route=\/wp\/v2\/posts\/28679","targetHints":{"allow":["GET"]}}],"collection":[{"href":"https:\/\/atecordoba.org\/index.php?rest_route=\/wp\/v2\/posts"}],"about":[{"href":"https:\/\/atecordoba.org\/index.php?rest_route=\/wp\/v2\/types\/post"}],"author":[{"embeddable":true,"href":"https:\/\/atecordoba.org\/index.php?rest_route=\/wp\/v2\/users\/7"}],"replies":[{"embeddable":true,"href":"https:\/\/atecordoba.org\/index.php?rest_route=%2Fwp%2Fv2%2Fcomments&post=28679"}],"version-history":[{"count":2,"href":"https:\/\/atecordoba.org\/index.php?rest_route=\/wp\/v2\/posts\/28679\/revisions"}],"predecessor-version":[{"id":28686,"href":"https:\/\/atecordoba.org\/index.php?rest_route=\/wp\/v2\/posts\/28679\/revisions\/28686"}],"wp:featuredmedia":[{"embeddable":true,"href":"https:\/\/atecordoba.org\/index.php?rest_route=\/wp\/v2\/media\/28683"}],"wp:attachment":[{"href":"https:\/\/atecordoba.org\/index.php?rest_route=%2Fwp%2Fv2%2Fmedia&parent=28679"}],"wp:term":[{"taxonomy":"category","embeddable":true,"href":"https:\/\/atecordoba.org\/index.php?rest_route=%2Fwp%2Fv2%2Fcategories&post=28679"},{"taxonomy":"post_tag","embeddable":true,"href":"https:\/\/atecordoba.org\/index.php?rest_route=%2Fwp%2Fv2%2Ftags&post=28679"}],"curies":[{"name":"wp","href":"https:\/\/api.w.org\/{rel}","templated":true}]}}