{"id":28674,"date":"2021-10-27T14:30:28","date_gmt":"2021-10-27T17:30:28","guid":{"rendered":"https:\/\/atecordoba.org\/?p=28674"},"modified":"2021-10-27T14:46:02","modified_gmt":"2021-10-27T17:46:02","slug":"jornada-de-protesta-en-el-hospital-pediatrico-en-reclamo-del-nombramiento-de-un-una-profesional-para-la-unidad-de-terapia-intermedia","status":"publish","type":"post","link":"https:\/\/atecordoba.org\/?p=28674","title":{"rendered":"Jornada de protesta en el Hospital Pedi\u00e1trico en reclamo del nombramiento de un\/una profesional para la Unidad de Cuidados Intermedios"},"content":{"rendered":"\n<figure class=\"wp-block-gallery columns-3 is-cropped wp-block-gallery-1 is-layout-flex wp-block-gallery-is-layout-flex\"><ul class=\"blocks-gallery-grid\"><li class=\"blocks-gallery-item\"><figure><a href=\"https:\/\/atecordoba.org\/wp-content\/uploads\/2021\/10\/27_10_Pediatrico3.jpeg\"><img loading=\"lazy\" decoding=\"async\" width=\"1024\" height=\"576\" src=\"https:\/\/atecordoba.org\/wp-content\/uploads\/2021\/10\/27_10_Pediatrico3-1024x576.jpeg\" alt=\"\" data-id=\"28675\" data-full-url=\"https:\/\/atecordoba.org\/wp-content\/uploads\/2021\/10\/27_10_Pediatrico3.jpeg\" data-link=\"https:\/\/atecordoba.org\/?attachment_id=28675\" class=\"wp-image-28675\" srcset=\"https:\/\/atecordoba.org\/wp-content\/uploads\/2021\/10\/27_10_Pediatrico3-1024x576.jpeg 1024w, https:\/\/atecordoba.org\/wp-content\/uploads\/2021\/10\/27_10_Pediatrico3-300x169.jpeg 300w, https:\/\/atecordoba.org\/wp-content\/uploads\/2021\/10\/27_10_Pediatrico3-768x432.jpeg 768w, https:\/\/atecordoba.org\/wp-content\/uploads\/2021\/10\/27_10_Pediatrico3-750x422.jpeg 750w, https:\/\/atecordoba.org\/wp-content\/uploads\/2021\/10\/27_10_Pediatrico3.jpeg 1080w\" sizes=\"auto, (max-width: 1024px) 100vw, 1024px\" \/><\/a><\/figure><\/li><li class=\"blocks-gallery-item\"><figure><a href=\"https:\/\/atecordoba.org\/wp-content\/uploads\/2021\/10\/27_10_Pediatrico.jpeg\"><img loading=\"lazy\" decoding=\"async\" width=\"1024\" height=\"576\" src=\"https:\/\/atecordoba.org\/wp-content\/uploads\/2021\/10\/27_10_Pediatrico-1024x576.jpeg\" alt=\"\" data-id=\"28676\" data-full-url=\"https:\/\/atecordoba.org\/wp-content\/uploads\/2021\/10\/27_10_Pediatrico.jpeg\" data-link=\"https:\/\/atecordoba.org\/?attachment_id=28676\" class=\"wp-image-28676\"\/><\/a><\/figure><\/li><li class=\"blocks-gallery-item\"><figure><a href=\"https:\/\/atecordoba.org\/wp-content\/uploads\/2021\/10\/27_10_Pediatrico2.jpeg\"><img loading=\"lazy\" decoding=\"async\" width=\"1024\" height=\"768\" src=\"https:\/\/atecordoba.org\/wp-content\/uploads\/2021\/10\/27_10_Pediatrico2-1024x768.jpeg\" alt=\"\" data-id=\"28677\" data-full-url=\"https:\/\/atecordoba.org\/wp-content\/uploads\/2021\/10\/27_10_Pediatrico2.jpeg\" data-link=\"https:\/\/atecordoba.org\/?attachment_id=28677\" class=\"wp-image-28677\" srcset=\"https:\/\/atecordoba.org\/wp-content\/uploads\/2021\/10\/27_10_Pediatrico2-1024x768.jpeg 1024w, https:\/\/atecordoba.org\/wp-content\/uploads\/2021\/10\/27_10_Pediatrico2-300x225.jpeg 300w, https:\/\/atecordoba.org\/wp-content\/uploads\/2021\/10\/27_10_Pediatrico2-768x576.jpeg 768w, https:\/\/atecordoba.org\/wp-content\/uploads\/2021\/10\/27_10_Pediatrico2-1536x1152.jpeg 1536w, https:\/\/atecordoba.org\/wp-content\/uploads\/2021\/10\/27_10_Pediatrico2-750x563.jpeg 750w, https:\/\/atecordoba.org\/wp-content\/uploads\/2021\/10\/27_10_Pediatrico2-1140x855.jpeg 1140w, https:\/\/atecordoba.org\/wp-content\/uploads\/2021\/10\/27_10_Pediatrico2.jpeg 1600w\" sizes=\"auto, (max-width: 1024px) 100vw, 1024px\" \/><\/a><\/figure><\/li><\/ul><\/figure>\n\n\n\n<p>Con una muy buena convocatoria se llev\u00f3 a cabo hoy una jornada de protesta en el Hospital Pedi\u00e1trico de C\u00f3rdoba. <\/p>\n\n\n\n<p>La medida obedece a la falta de respuesta de la Direcci\u00f3n del centro de salud y del Ministerio del \u00e1rea para la continuidad de la Unidad de Cuidados Intermedios (UCI), <a href=\"https:\/\/atecordoba.org\/?p=28607\">que corre el riesgo de  perder la mitad de las camas en el sector<\/a> por falta de uno m\u00e9dico o m\u00e9dica para cubrir las licencias correspondientes por ley. De la mima forma, est\u00e1 en riesgo de ver sumamente disminuidas su capacidad de atenci\u00f3n la Unidad de Terapia Intensiva (UTI) del nosocomio debido al proyecto de unificaci\u00f3n de los dos sectores de atenci\u00f3n sanitaria ante la falta de personal m\u00e9dico.<\/p>\n\n\n\n<p>En hora de la ma\u00f1ana respondi\u00f3 al llamado de movilizarse numeroso personal m\u00e9dico y administrativo, acompa\u00f1ado tambi\u00e9n por padres de los pacientes del hospital, organizaciones sociales y vecinos de la zona, conjuntamente con ATE.<\/p>\n\n\n\n<p>&#8220;Con el nombramiento de un solo m\u00e9dico se podr\u00eda evitar la unificaci\u00f3n de las dos unidades y evitar la p\u00e9rdida de camas de internaci\u00f3n&#8221;, dijo el secretario Progremial del Consejo Directivo Provincial de ATE C\u00f3rdoba, Roberto Calvetti. <\/p>\n\n\n\n<p>Y aclar\u00f3 que &#8220;la direcci\u00f3n del Hospital prometi\u00f3 ese profesional para el mes de octubre y no cumpli\u00f3. Ahora dicen que se cumplir\u00eda en compromiso para noviembre, pero estamos a 27 de octubre y no tenemos ninguna novedad&#8221;. <\/p>\n\n\n\n<p>La jornada se llev\u00f3 a cabo con un corte de media calzada en la av. Castro Barros recibiendo mucho apoyo de los vecinos que circulaban en la zona con sus veh\u00edculos.<\/p>\n\n\n\n<p>Finalmente Calvett\u00ed adelant\u00f3 que en conjunto de compa\u00f1eras y compa\u00f1eros &#8220;decidi\u00f3 seguir adelante para realizar otra jornada de protesta similar el pr\u00f3ximo mi\u00e9rcoles 3 de noviembre&#8221;.<\/p>\n","protected":false},"excerpt":{"rendered":"<p>Con una muy buena convocatoria se llev\u00f3 a cabo hoy una jornada de protesta en el Hospital Pedi\u00e1trico de C\u00f3rdoba. La medida obedece a la falta de respuesta de la Direcci\u00f3n del centro de salud y del Ministerio del \u00e1rea para la continuidad de la Unidad de Cuidados Intermedios (UCI), que corre el riesgo de [&hellip;]<\/p>\n","protected":false},"author":7,"featured_media":28677,"comment_status":"open","ping_status":"open","sticky":false,"template":"","format":"standard","meta":{"_exactmetrics_skip_tracking":false,"_exactmetrics_sitenote_active":false,"_exactmetrics_sitenote_note":"","_exactmetrics_sitenote_category":0,"jnews-multi-image_gallery":[],"jnews_single_post":{"subtitle":"La medida de fuerza fue convocada por ATE  junto a organizaciones otras organizaciones gremiales, sociales y vecinales. ","format":"standard","video":"","gallery":"","source_name":"","source_url":"","via_name":"","via_url":"","override":[{"template":"1","single_blog_custom":"","parallax":"1","fullscreen":"1","layout":"right-sidebar","sidebar":"default-sidebar","second_sidebar":"default-sidebar","sticky_sidebar":"1","share_position":"top","share_float_style":"share-monocrhome","show_share_counter":"1","show_view_counter":"1","show_featured":"1","show_post_meta":"1","show_post_author":"1","show_post_author_image":"1","show_post_date":"1","post_date_format":"default","post_date_format_custom":"Y\/m\/d","show_post_category":"1","post_reading_time_wpm":"300","zoom_button_out_step":"2","zoom_button_in_step":"3","show_post_tag":"1","show_prev_next_post":"1","show_popup_post":"1","number_popup_post":"1"}],"image_override":[{"single_post_thumbnail_size":"crop-500","single_post_gallery_size":"crop-500"}],"trending_post_position":"meta","trending_post_label":"Trending","sponsored_post_label":"Sponsored by","sponsored_post_name":"","sponsored_post_url":"","sponsored_post_logo":"","sponsored_post_desc":""},"jnews_primary_category":{"id":""},"jnews_social_meta":[],"jnews_review":[],"enable_review":"","type":"","name":"","summary":"","brand":"","sku":"","good":[],"bad":[],"score_override":"","override_value":"","rating":[],"price":[],"jnews_override_counter":[],"jnews_post_split":[],"footnotes":""},"categories":[341,8],"tags":[953],"class_list":["post-28674","post","type-post","status-publish","format-standard","has-post-thumbnail","hentry","category-cdp","category-provinciales","tag-hospital-pediatrico"],"jetpack_featured_media_url":"https:\/\/atecordoba.org\/wp-content\/uploads\/2021\/10\/27_10_Pediatrico2.jpeg","_links":{"self":[{"href":"https:\/\/atecordoba.org\/index.php?rest_route=\/wp\/v2\/posts\/28674","targetHints":{"allow":["GET"]}}],"collection":[{"href":"https:\/\/atecordoba.org\/index.php?rest_route=\/wp\/v2\/posts"}],"about":[{"href":"https:\/\/atecordoba.org\/index.php?rest_route=\/wp\/v2\/types\/post"}],"author":[{"embeddable":true,"href":"https:\/\/atecordoba.org\/index.php?rest_route=\/wp\/v2\/users\/7"}],"replies":[{"embeddable":true,"href":"https:\/\/atecordoba.org\/index.php?rest_route=%2Fwp%2Fv2%2Fcomments&post=28674"}],"version-history":[{"count":3,"href":"https:\/\/atecordoba.org\/index.php?rest_route=\/wp\/v2\/posts\/28674\/revisions"}],"predecessor-version":[{"id":28681,"href":"https:\/\/atecordoba.org\/index.php?rest_route=\/wp\/v2\/posts\/28674\/revisions\/28681"}],"wp:featuredmedia":[{"embeddable":true,"href":"https:\/\/atecordoba.org\/index.php?rest_route=\/wp\/v2\/media\/28677"}],"wp:attachment":[{"href":"https:\/\/atecordoba.org\/index.php?rest_route=%2Fwp%2Fv2%2Fmedia&parent=28674"}],"wp:term":[{"taxonomy":"category","embeddable":true,"href":"https:\/\/atecordoba.org\/index.php?rest_route=%2Fwp%2Fv2%2Fcategories&post=28674"},{"taxonomy":"post_tag","embeddable":true,"href":"https:\/\/atecordoba.org\/index.php?rest_route=%2Fwp%2Fv2%2Ftags&post=28674"}],"curies":[{"name":"wp","href":"https:\/\/api.w.org\/{rel}","templated":true}]}}