{"id":28668,"date":"2021-10-27T09:59:59","date_gmt":"2021-10-27T12:59:59","guid":{"rendered":"https:\/\/atecordoba.org\/?p=28668"},"modified":"2021-10-27T10:02:59","modified_gmt":"2021-10-27T13:02:59","slug":"otro-logro-de-ate-las-y-los-trabajadores-de-freyre-celebran-pases-a-planta-permanente","status":"publish","type":"post","link":"https:\/\/atecordoba.org\/?p=28668","title":{"rendered":"Otro logro de ATE: las y los trabajadores de Freyre celebran pases a planta permanente"},"content":{"rendered":"\n<div class=\"wp-block-image\"><figure class=\"aligncenter size-large\"><img decoding=\"async\" src=\"https:\/\/atecordoba.org\/wp-content\/uploads\/2021\/10\/1-Cba-Freyre.gif\" alt=\"\" class=\"wp-image-28669\" \/><\/figure><\/div>\n\n\n\n<p>Ayer se realiz\u00f3 una reuni\u00f3n en la localidad de Freyre donde un importante grupo de compa\u00f1eros y compa\u00f1eras municipales celebraron el inicio de un proceso a planta permanente en la Municipalidad, que fue largamente reclamado y que logr\u00f3 concretarse a partir de la intervenci\u00f3n de ATE San Francisco, seccional de nuestra organizaci\u00f3n que tiene actuaci\u00f3n en el Departamento San Justo. <\/p>\n\n\n\n<p>De esta forma, se puedo confirmar que a partir del pr\u00f3ximo 1\u00b0 de noviembre son siete trabajadores los que pasan a integrar la planta permanente del municipio, en tanto otros ocho se incorporan a la modalidad de contrato. &#8220;Es un logro muy satisfactorio para las y los municipales de Freyre y para ATE porque significa que trabajando a conciencia cumpliendo el mandato de las bases se puede avanzar en la mejora de las condiciones de trabajo y el cumplimiento de la normativa laboral vigente&#8221;, explic\u00f3 el secretario General de la seccional, Dar\u00edo Paredes.<\/p>\n\n\n\n<div class=\"wp-block-image\"><figure class=\"aligncenter size-large is-resized\"><img loading=\"lazy\" decoding=\"async\" src=\"https:\/\/atecordoba.org\/wp-content\/uploads\/2021\/10\/248986905_293494966109306_4312886303374026254_n.jpg\" alt=\"\" class=\"wp-image-28670\" width=\"720\" height=\"540\" srcset=\"https:\/\/atecordoba.org\/wp-content\/uploads\/2021\/10\/248986905_293494966109306_4312886303374026254_n.jpg 960w, https:\/\/atecordoba.org\/wp-content\/uploads\/2021\/10\/248986905_293494966109306_4312886303374026254_n-300x225.jpg 300w, https:\/\/atecordoba.org\/wp-content\/uploads\/2021\/10\/248986905_293494966109306_4312886303374026254_n-768x576.jpg 768w, https:\/\/atecordoba.org\/wp-content\/uploads\/2021\/10\/248986905_293494966109306_4312886303374026254_n-750x563.jpg 750w\" sizes=\"auto, (max-width: 720px) 100vw, 720px\" \/><\/figure><\/div>\n\n\n\n<p>Vale se\u00f1alar que tambi\u00e9n se lograron cinco recategorizaciones que estaban postergadas.<\/p>\n\n\n\n<p>ATE viene creciendo en organizaci\u00f3n en Freyre, dando un salto importante en afiliaciones, al igual que en otros municipios de Departamento como es el caso de Devoto, donde nuestro gremio ya afili\u00f3 el 100% del personal.<\/p>\n\n\n\n<p>Paredes agradeci\u00f3 a la familia Gir\u00f3n por el c\u00e1lido recibimiento y por prestar su casa para realizar la celebraci\u00f3n.<\/p>\n","protected":false},"excerpt":{"rendered":"<p>Ayer se realiz\u00f3 una reuni\u00f3n en la localidad de Freyre donde un importante grupo de compa\u00f1eros y compa\u00f1eras municipales celebraron el inicio de un proceso a planta permanente en la Municipalidad, que fue largamente reclamado y que logr\u00f3 concretarse a partir de la intervenci\u00f3n de ATE San Francisco, seccional de nuestra organizaci\u00f3n que tiene actuaci\u00f3n [&hellip;]<\/p>\n","protected":false},"author":7,"featured_media":28669,"comment_status":"open","ping_status":"open","sticky":false,"template":"","format":"standard","meta":{"_exactmetrics_skip_tracking":false,"_exactmetrics_sitenote_active":false,"_exactmetrics_sitenote_note":"","_exactmetrics_sitenote_category":0,"jnews-multi-image_gallery":[],"jnews_single_post":{"subtitle":"Adem\u00e1s desde el 1\u00b0 de noviembre se concretar\u00e1n pases a contrato y recategorizaciones en la Municipalidad del Departamento San Justo. ","format":"standard","video":"","gallery":"","source_name":"","source_url":"","via_name":"","via_url":"","override":[{"template":"1","single_blog_custom":"","parallax":"1","fullscreen":"1","layout":"right-sidebar","sidebar":"default-sidebar","second_sidebar":"default-sidebar","sticky_sidebar":"1","share_position":"top","share_float_style":"share-monocrhome","show_share_counter":"1","show_view_counter":"1","show_featured":"1","show_post_meta":"1","show_post_author":"1","show_post_author_image":"1","show_post_date":"1","post_date_format":"default","post_date_format_custom":"Y\/m\/d","show_post_category":"1","post_reading_time_wpm":"300","zoom_button_out_step":"2","zoom_button_in_step":"3","show_post_tag":"1","show_prev_next_post":"1","show_popup_post":"1","number_popup_post":"1"}],"image_override":[{"single_post_thumbnail_size":"crop-500","single_post_gallery_size":"crop-500"}],"trending_post_position":"meta","trending_post_label":"Trending","sponsored_post_label":"Sponsored by","sponsored_post_name":"","sponsored_post_url":"","sponsored_post_logo":"","sponsored_post_desc":""},"jnews_primary_category":{"id":""},"jnews_social_meta":[],"jnews_review":[],"enable_review":"","type":"","name":"","summary":"","brand":"","sku":"","good":[],"bad":[],"score_override":"","override_value":"","rating":[],"price":[],"jnews_override_counter":[],"jnews_post_split":[],"footnotes":""},"categories":[20,148],"tags":[770],"class_list":["post-28668","post","type-post","status-publish","format-standard","has-post-thumbnail","hentry","category-municipales","category-san-justo","tag-freyre"],"jetpack_featured_media_url":"https:\/\/atecordoba.org\/wp-content\/uploads\/2021\/10\/1-Cba-Freyre-e1635339587553.gif","_links":{"self":[{"href":"https:\/\/atecordoba.org\/index.php?rest_route=\/wp\/v2\/posts\/28668","targetHints":{"allow":["GET"]}}],"collection":[{"href":"https:\/\/atecordoba.org\/index.php?rest_route=\/wp\/v2\/posts"}],"about":[{"href":"https:\/\/atecordoba.org\/index.php?rest_route=\/wp\/v2\/types\/post"}],"author":[{"embeddable":true,"href":"https:\/\/atecordoba.org\/index.php?rest_route=\/wp\/v2\/users\/7"}],"replies":[{"embeddable":true,"href":"https:\/\/atecordoba.org\/index.php?rest_route=%2Fwp%2Fv2%2Fcomments&post=28668"}],"version-history":[{"count":2,"href":"https:\/\/atecordoba.org\/index.php?rest_route=\/wp\/v2\/posts\/28668\/revisions"}],"predecessor-version":[{"id":28673,"href":"https:\/\/atecordoba.org\/index.php?rest_route=\/wp\/v2\/posts\/28668\/revisions\/28673"}],"wp:featuredmedia":[{"embeddable":true,"href":"https:\/\/atecordoba.org\/index.php?rest_route=\/wp\/v2\/media\/28669"}],"wp:attachment":[{"href":"https:\/\/atecordoba.org\/index.php?rest_route=%2Fwp%2Fv2%2Fmedia&parent=28668"}],"wp:term":[{"taxonomy":"category","embeddable":true,"href":"https:\/\/atecordoba.org\/index.php?rest_route=%2Fwp%2Fv2%2Fcategories&post=28668"},{"taxonomy":"post_tag","embeddable":true,"href":"https:\/\/atecordoba.org\/index.php?rest_route=%2Fwp%2Fv2%2Ftags&post=28668"}],"curies":[{"name":"wp","href":"https:\/\/api.w.org\/{rel}","templated":true}]}}