{"id":28663,"date":"2021-10-25T13:05:01","date_gmt":"2021-10-25T16:05:01","guid":{"rendered":"https:\/\/atecordoba.org\/?p=28663"},"modified":"2021-10-25T13:24:13","modified_gmt":"2021-10-25T16:24:13","slug":"presentaron-el-libro-dialectica-de-la-guerra-interimperialista-en-villa-maria","status":"publish","type":"post","link":"https:\/\/atecordoba.org\/?p=28663","title":{"rendered":"Presentaron el libro \u201cDial\u00e9ctica de la Guerra Interimperialista\u201d en Villa Mar\u00eda"},"content":{"rendered":"\n<div class=\"wp-block-image\"><figure class=\"aligncenter size-large is-resized\"><img loading=\"lazy\" decoding=\"async\" src=\"https:\/\/atecordoba.org\/wp-content\/uploads\/2021\/10\/libro_rang.jpg\" alt=\"\" class=\"wp-image-28664\" width=\"720\" height=\"480\" srcset=\"https:\/\/atecordoba.org\/wp-content\/uploads\/2021\/10\/libro_rang.jpg 960w, https:\/\/atecordoba.org\/wp-content\/uploads\/2021\/10\/libro_rang-300x200.jpg 300w, https:\/\/atecordoba.org\/wp-content\/uploads\/2021\/10\/libro_rang-768x512.jpg 768w, https:\/\/atecordoba.org\/wp-content\/uploads\/2021\/10\/libro_rang-750x500.jpg 750w\" sizes=\"auto, (max-width: 720px) 100vw, 720px\" \/><\/figure><\/div>\n\n\n\n<p>El 21 de octubre, en la sede de ATE Villa Mar\u00eda, calle Santa Fe 1559, fue presentado el libro del compa\u00f1ero Carlos Rang -militante de la Asociaci\u00f3n Trabajadores del Estado (ATE-CTA) y especialista en estudios latinoamericanos-&nbsp; titulado \u201cDial\u00e9ctica de la Guerra Interimperialista\u201d y subtitulado: \u201cLa estrategia de los pueblos\u201d.<\/p>\n\n\n\n<p>Trabajador de la Secretar\u00eda de Agricultura Familiar (SAF), el autor fue presentado por el Secretario General de ATE Villa Mar\u00eda, Fernando \u201cOso\u201d Mercado, quien estuvo acompa\u00f1ado por el dirigente sindical Jorge Heredia.<\/p>\n\n\n\n<div class=\"wp-block-image\"><figure class=\"alignleft size-large\"><img loading=\"lazy\" decoding=\"async\" width=\"199\" height=\"355\" src=\"https:\/\/atecordoba.org\/wp-content\/uploads\/2021\/10\/libro_rang2.jpg\" alt=\"\" class=\"wp-image-28665\" srcset=\"https:\/\/atecordoba.org\/wp-content\/uploads\/2021\/10\/libro_rang2.jpg 199w, https:\/\/atecordoba.org\/wp-content\/uploads\/2021\/10\/libro_rang2-168x300.jpg 168w\" sizes=\"auto, (max-width: 199px) 100vw, 199px\" \/><\/figure><\/div>\n\n\n\n<p>Rang expres\u00f3: \u201cEl aporte que quiero hacer es tratar de poner en debate la realidad que se est\u00e1 viviendo, haciendo un an\u00e1lisis de la disputa interimperialista a nivel global y una estrategia de poder popular. Poner en evidencia que estamos en un momento en donde el mundo capitalista ha entrado en un estado de decadencia y descomposici\u00f3n. Lo \u00fanico que tiene para ofrecernos a los pueblos es miseria y destrucci\u00f3n de la naturaleza. En este libro le dedicamos mucho tiempo a la descripci\u00f3n de la relaci\u00f3n social e hist\u00f3rica del capital y a sus avances\u201d.<\/p>\n\n\n\n<p>El texto fue auspiciado por la Confederaci\u00f3n Latinoamericana y del Caribe de Trabajadores del Estado (CLATE)&nbsp; y publicado por la Editorial \u201cAcerc\u00e1ndonos Ediciones\u201d. La ilustraci\u00f3n de tapa corresponde a Jimena Mateo.<\/p>\n\n\n\n<p>Rang expres\u00f3: \u201cEl aporte que quiero hacer es tratar de poner en debate la realidad que se est\u00e1 viviendo, haciendo un an\u00e1lisis de la disputa interimperialista a nivel global y una estrategia de poder popular. Poner en evidencia que estamos en un momento en donde el mundo capitalista ha entrado en un estado de decadencia y descomposici\u00f3n. Lo \u00fanico que tiene para ofrecernos a los pueblos es miseria y destrucci\u00f3n de la naturaleza. En este libro le dedicamos mucho tiempo a la descripci\u00f3n de la relaci\u00f3n social e hist\u00f3rica del capital y a sus avances\u201d.<\/p>\n\n\n\n<p>El texto fue auspiciado por la Confederaci\u00f3n Latinoamericana y del Caribe de Trabajadores del Estado (CLATE)&nbsp; y publicado por la Editorial \u201cAcerc\u00e1ndonos Ediciones\u201d. La ilustraci\u00f3n de tapa corresponde a Jimena Mateo.<\/p>\n","protected":false},"excerpt":{"rendered":"<p>El 21 de octubre, en la sede de ATE Villa Mar\u00eda, calle Santa Fe 1559, fue presentado el libro del compa\u00f1ero Carlos Rang -militante de la Asociaci\u00f3n Trabajadores del Estado (ATE-CTA) y especialista en estudios latinoamericanos-&nbsp; titulado \u201cDial\u00e9ctica de la Guerra Interimperialista\u201d y subtitulado: \u201cLa estrategia de los pueblos\u201d. Trabajador de la Secretar\u00eda de Agricultura [&hellip;]<\/p>\n","protected":false},"author":7,"featured_media":28664,"comment_status":"open","ping_status":"open","sticky":false,"template":"","format":"standard","meta":{"_exactmetrics_skip_tracking":false,"_exactmetrics_sitenote_active":false,"_exactmetrics_sitenote_note":"","_exactmetrics_sitenote_category":0,"jnews-multi-image_gallery":[],"jnews_single_post":{"subtitle":"El texto fue auspiciado por la Confederaci\u00f3n Latinoamericana y del Caribe de Trabajadores del Estado y trata de poner en debate la realidad que se est\u00e1 viviendo, haciendo un an\u00e1lisis de la disputa entre las potencias imperialistas a nivel global y una estrategia de poder popular","format":"standard","video":"","gallery":"","source_name":"","source_url":"","via_name":"","via_url":"","override":[{"template":"1","single_blog_custom":"","parallax":"1","fullscreen":"1","layout":"right-sidebar","sidebar":"default-sidebar","second_sidebar":"default-sidebar","sticky_sidebar":"1","share_position":"top","share_float_style":"share-monocrhome","show_share_counter":"1","show_view_counter":"1","show_featured":"1","show_post_meta":"1","show_post_author":"1","show_post_author_image":"1","show_post_date":"1","post_date_format":"default","post_date_format_custom":"Y\/m\/d","show_post_category":"1","post_reading_time_wpm":"300","zoom_button_out_step":"2","zoom_button_in_step":"3","show_post_tag":"1","show_prev_next_post":"1","show_popup_post":"1","number_popup_post":"1"}],"image_override":[{"single_post_thumbnail_size":"crop-500","single_post_gallery_size":"crop-500"}],"trending_post_position":"meta","trending_post_label":"Trending","sponsored_post_label":"Sponsored by","sponsored_post_name":"","sponsored_post_url":"","sponsored_post_logo":"","sponsored_post_desc":""},"jnews_primary_category":{"id":""},"jnews_social_meta":[],"jnews_review":[],"enable_review":"","type":"","name":"","summary":"","brand":"","sku":"","good":[],"bad":[],"score_override":"","override_value":"","rating":[],"price":[],"jnews_override_counter":[],"jnews_post_split":[],"footnotes":""},"categories":[108,14],"tags":[],"class_list":["post-28663","post","type-post","status-publish","format-standard","has-post-thumbnail","hentry","category-internacional","category-villa-maria"],"jetpack_featured_media_url":"https:\/\/atecordoba.org\/wp-content\/uploads\/2021\/10\/libro_rang.jpg","_links":{"self":[{"href":"https:\/\/atecordoba.org\/index.php?rest_route=\/wp\/v2\/posts\/28663","targetHints":{"allow":["GET"]}}],"collection":[{"href":"https:\/\/atecordoba.org\/index.php?rest_route=\/wp\/v2\/posts"}],"about":[{"href":"https:\/\/atecordoba.org\/index.php?rest_route=\/wp\/v2\/types\/post"}],"author":[{"embeddable":true,"href":"https:\/\/atecordoba.org\/index.php?rest_route=\/wp\/v2\/users\/7"}],"replies":[{"embeddable":true,"href":"https:\/\/atecordoba.org\/index.php?rest_route=%2Fwp%2Fv2%2Fcomments&post=28663"}],"version-history":[{"count":2,"href":"https:\/\/atecordoba.org\/index.php?rest_route=\/wp\/v2\/posts\/28663\/revisions"}],"predecessor-version":[{"id":28667,"href":"https:\/\/atecordoba.org\/index.php?rest_route=\/wp\/v2\/posts\/28663\/revisions\/28667"}],"wp:featuredmedia":[{"embeddable":true,"href":"https:\/\/atecordoba.org\/index.php?rest_route=\/wp\/v2\/media\/28664"}],"wp:attachment":[{"href":"https:\/\/atecordoba.org\/index.php?rest_route=%2Fwp%2Fv2%2Fmedia&parent=28663"}],"wp:term":[{"taxonomy":"category","embeddable":true,"href":"https:\/\/atecordoba.org\/index.php?rest_route=%2Fwp%2Fv2%2Fcategories&post=28663"},{"taxonomy":"post_tag","embeddable":true,"href":"https:\/\/atecordoba.org\/index.php?rest_route=%2Fwp%2Fv2%2Ftags&post=28663"}],"curies":[{"name":"wp","href":"https:\/\/api.w.org\/{rel}","templated":true}]}}