{"id":28648,"date":"2021-10-22T13:30:45","date_gmt":"2021-10-22T16:30:45","guid":{"rendered":"https:\/\/atecordoba.org\/?p=28648"},"modified":"2021-10-22T13:34:20","modified_gmt":"2021-10-22T16:34:20","slug":"ate-cordoba-participo-del-encuentro-federal-de-generos-y-diversidades-de-ate-nacional","status":"publish","type":"post","link":"https:\/\/atecordoba.org\/?p=28648","title":{"rendered":"ATE C\u00f3rdoba particip\u00f3 del encuentro federal de G\u00e9neros y Diversidades de ATE Nacional"},"content":{"rendered":"\n<figure class=\"wp-block-gallery columns-3 is-cropped wp-block-gallery-1 is-layout-flex wp-block-gallery-is-layout-flex\"><ul class=\"blocks-gallery-grid\"><li class=\"blocks-gallery-item\"><figure><img loading=\"lazy\" decoding=\"async\" width=\"1024\" height=\"461\" src=\"https:\/\/atecordoba.org\/wp-content\/uploads\/2021\/10\/21_10_Alcoba_Reunion_CDN-1024x461.jpeg\" alt=\"\" data-id=\"28649\" data-full-url=\"https:\/\/atecordoba.org\/wp-content\/uploads\/2021\/10\/21_10_Alcoba_Reunion_CDN.jpeg\" data-link=\"https:\/\/atecordoba.org\/?attachment_id=28649\" class=\"wp-image-28649\" srcset=\"https:\/\/atecordoba.org\/wp-content\/uploads\/2021\/10\/21_10_Alcoba_Reunion_CDN-1024x461.jpeg 1024w, https:\/\/atecordoba.org\/wp-content\/uploads\/2021\/10\/21_10_Alcoba_Reunion_CDN-300x135.jpeg 300w, https:\/\/atecordoba.org\/wp-content\/uploads\/2021\/10\/21_10_Alcoba_Reunion_CDN-768x346.jpeg 768w, https:\/\/atecordoba.org\/wp-content\/uploads\/2021\/10\/21_10_Alcoba_Reunion_CDN-1536x691.jpeg 1536w, https:\/\/atecordoba.org\/wp-content\/uploads\/2021\/10\/21_10_Alcoba_Reunion_CDN-750x338.jpeg 750w, https:\/\/atecordoba.org\/wp-content\/uploads\/2021\/10\/21_10_Alcoba_Reunion_CDN-1140x513.jpeg 1140w, https:\/\/atecordoba.org\/wp-content\/uploads\/2021\/10\/21_10_Alcoba_Reunion_CDN.jpeg 1600w\" sizes=\"auto, (max-width: 1024px) 100vw, 1024px\" \/><\/figure><\/li><li class=\"blocks-gallery-item\"><figure><img loading=\"lazy\" decoding=\"async\" width=\"1024\" height=\"576\" src=\"https:\/\/atecordoba.org\/wp-content\/uploads\/2021\/10\/21_10_Alcoba_Reunion_CDN4-1024x576.jpeg\" alt=\"\" data-id=\"28651\" data-full-url=\"https:\/\/atecordoba.org\/wp-content\/uploads\/2021\/10\/21_10_Alcoba_Reunion_CDN4.jpeg\" data-link=\"https:\/\/atecordoba.org\/?attachment_id=28651\" class=\"wp-image-28651\" srcset=\"https:\/\/atecordoba.org\/wp-content\/uploads\/2021\/10\/21_10_Alcoba_Reunion_CDN4-1024x576.jpeg 1024w, https:\/\/atecordoba.org\/wp-content\/uploads\/2021\/10\/21_10_Alcoba_Reunion_CDN4-300x169.jpeg 300w, https:\/\/atecordoba.org\/wp-content\/uploads\/2021\/10\/21_10_Alcoba_Reunion_CDN4-768x432.jpeg 768w, https:\/\/atecordoba.org\/wp-content\/uploads\/2021\/10\/21_10_Alcoba_Reunion_CDN4-1536x864.jpeg 1536w, https:\/\/atecordoba.org\/wp-content\/uploads\/2021\/10\/21_10_Alcoba_Reunion_CDN4-750x422.jpeg 750w, https:\/\/atecordoba.org\/wp-content\/uploads\/2021\/10\/21_10_Alcoba_Reunion_CDN4-1140x641.jpeg 1140w, https:\/\/atecordoba.org\/wp-content\/uploads\/2021\/10\/21_10_Alcoba_Reunion_CDN4.jpeg 1600w\" sizes=\"auto, (max-width: 1024px) 100vw, 1024px\" \/><\/figure><\/li><li class=\"blocks-gallery-item\"><figure><img loading=\"lazy\" decoding=\"async\" width=\"1024\" height=\"461\" src=\"https:\/\/atecordoba.org\/wp-content\/uploads\/2021\/10\/21_10_Alcoba_Reunion_CDN3-1024x461.jpeg\" alt=\"\" data-id=\"28650\" data-full-url=\"https:\/\/atecordoba.org\/wp-content\/uploads\/2021\/10\/21_10_Alcoba_Reunion_CDN3.jpeg\" data-link=\"https:\/\/atecordoba.org\/?attachment_id=28650\" class=\"wp-image-28650\" srcset=\"https:\/\/atecordoba.org\/wp-content\/uploads\/2021\/10\/21_10_Alcoba_Reunion_CDN3-1024x461.jpeg 1024w, https:\/\/atecordoba.org\/wp-content\/uploads\/2021\/10\/21_10_Alcoba_Reunion_CDN3-300x135.jpeg 300w, https:\/\/atecordoba.org\/wp-content\/uploads\/2021\/10\/21_10_Alcoba_Reunion_CDN3-768x346.jpeg 768w, https:\/\/atecordoba.org\/wp-content\/uploads\/2021\/10\/21_10_Alcoba_Reunion_CDN3-1536x692.jpeg 1536w, https:\/\/atecordoba.org\/wp-content\/uploads\/2021\/10\/21_10_Alcoba_Reunion_CDN3-750x338.jpeg 750w, https:\/\/atecordoba.org\/wp-content\/uploads\/2021\/10\/21_10_Alcoba_Reunion_CDN3-1140x514.jpeg 1140w, https:\/\/atecordoba.org\/wp-content\/uploads\/2021\/10\/21_10_Alcoba_Reunion_CDN3.jpeg 1600w\" sizes=\"auto, (max-width: 1024px) 100vw, 1024px\" \/><\/figure><\/li><\/ul><\/figure>\n\n\n\n<p>Se realiz\u00f3 ayer un encuentro en el Consejo Directivo Nacional (CDN). Participaron la mayor parte de las provincias del pa\u00eds, en representaci\u00f3n de sus Consejos Directivos Provinciales (CDP) y\/o sus Departamentos de G\u00e9neros y Diversidades.\u00a0Por parte del CDP de C\u00f3rdoba, Gabriela Alcoba fue quien particip\u00f3 de la instancia.<\/p>\n\n\n\n<p>&#8220;Presentamos la agenda de trabajo de lo que venimos realizando ante las m\u00e1ximas autoridades nacionales: Hugo &#8220;Cachorro&#8221; Godoy y Mercedes Cabezas (Sec. Gral y de Organizaci\u00f3n de ATE Nacional, respectivamente) y Clarisa Gambera, quien coordina la mesa de encuentro de los Departamentos que realizamos estos abordajes, a nivel nacional&#8221;, puntualiz\u00f3 Gabriela Alcoba, Directora del Departamento de G\u00e9neros y Diversidades y Miembro del CDP de C\u00f3rdoba.<\/p>\n\n\n\n<div class=\"wp-block-image\"><figure class=\"alignright size-large is-resized\"><img loading=\"lazy\" decoding=\"async\" src=\"https:\/\/atecordoba.org\/wp-content\/uploads\/2021\/10\/21_10_Alcoba_Reunion_CDN2-461x1024.jpeg\" alt=\"\" class=\"wp-image-28652\" width=\"158\" height=\"351\" srcset=\"https:\/\/atecordoba.org\/wp-content\/uploads\/2021\/10\/21_10_Alcoba_Reunion_CDN2-461x1024.jpeg 461w, https:\/\/atecordoba.org\/wp-content\/uploads\/2021\/10\/21_10_Alcoba_Reunion_CDN2-135x300.jpeg 135w, https:\/\/atecordoba.org\/wp-content\/uploads\/2021\/10\/21_10_Alcoba_Reunion_CDN2-691x1536.jpeg 691w, https:\/\/atecordoba.org\/wp-content\/uploads\/2021\/10\/21_10_Alcoba_Reunion_CDN2.jpeg 720w\" sizes=\"auto, (max-width: 158px) 100vw, 158px\" \/><\/figure><\/div>\n\n\n\n<p>Tras la reuni\u00f3n, Alcoba se refiri\u00f3 a que las representantes de todo el pa\u00eds tuvieron un &#8220;taller de sensibilizaci\u00f3n&#8221; organizado por trabajadoras del Ministerio de G\u00e9neros y Diversidades de Naci\u00f3n, con la presencia de Alba Rueda &#8220;quien nos cont\u00f3 del trabajo y recorrido hist\u00f3rico de la importancia de ATE en la implementaci\u00f3n del cupo laboral trans&#8221;, coment\u00f3 Alcoba.<\/p>\n\n\n\n<p>La directora del Departamento de G\u00e9neros y Diversidades del CDP coment\u00f3 tambi\u00e9n que, luego, hubo otro espacio de reflexi\u00f3n titulado &#8220;Desigualdades en el mundo del trabajo. Acceso y permanencia laboral de personas travesti trans&#8221;, el cual invisti\u00f3 gran importancia &#8220;para comprender d\u00f3nde estamos parados y paradas a la hora de reclamarle a los Estados la implementaci\u00f3n plena del cupo laboral trans&#8221;.<\/p>\n\n\n\n<p>La instancia concluy\u00f3 con una mesa de trabajo donde cada representante de cada provincia del pa\u00eds cont\u00f3 lo que se viene trabajando en cada CDP: las problem\u00e1ticas y dificultades de los espacios de G\u00e9neros y Diversidades y, finalmente, una instancia de revisi\u00f3n del borrador del protocolo federal contra la violencia y el acoso en todos los CDP del pa\u00eds. &#8220;El objetivo es llegar a fin de a\u00f1o con el protocolo listo para ser presentado ante la mesa nacional y sea debatido y aprobado ah\u00ed mismo&#8221;, adelant\u00f3 Alcoba.&nbsp;<\/p>\n\n\n\n<p>&#8220;Fue muy rico el encuentro con compa\u00f1eres con trayectorias distintas en la militancia en el \u00e1mbito de g\u00e9neros y diversidades de todo el pa\u00eds: esa es la base para forjar, como venimos haciendo, una organizaci\u00f3n sindical diferente donde todas, todos y todes tengamos participaci\u00f3n plena y real&#8221;, expres\u00f3 la referenta.<\/p>\n\n\n\n<p><strong>Presentaci\u00f3n por conflicto en Ministerio de Trabajo<\/strong><\/p>\n\n\n\n<div class=\"wp-block-image\"><figure class=\"alignleft size-large is-resized\"><img loading=\"lazy\" decoding=\"async\" src=\"https:\/\/atecordoba.org\/wp-content\/uploads\/2021\/10\/21-10-Gabriela-Alcoba-Reunion-CDN-1024x461.jpeg\" alt=\"\" class=\"wp-image-28653\" width=\"311\" height=\"140\" srcset=\"https:\/\/atecordoba.org\/wp-content\/uploads\/2021\/10\/21-10-Gabriela-Alcoba-Reunion-CDN-1024x461.jpeg 1024w, https:\/\/atecordoba.org\/wp-content\/uploads\/2021\/10\/21-10-Gabriela-Alcoba-Reunion-CDN-300x135.jpeg 300w, https:\/\/atecordoba.org\/wp-content\/uploads\/2021\/10\/21-10-Gabriela-Alcoba-Reunion-CDN-768x346.jpeg 768w, https:\/\/atecordoba.org\/wp-content\/uploads\/2021\/10\/21-10-Gabriela-Alcoba-Reunion-CDN-1536x692.jpeg 1536w, https:\/\/atecordoba.org\/wp-content\/uploads\/2021\/10\/21-10-Gabriela-Alcoba-Reunion-CDN-750x338.jpeg 750w, https:\/\/atecordoba.org\/wp-content\/uploads\/2021\/10\/21-10-Gabriela-Alcoba-Reunion-CDN-1140x514.jpeg 1140w, https:\/\/atecordoba.org\/wp-content\/uploads\/2021\/10\/21-10-Gabriela-Alcoba-Reunion-CDN.jpeg 1600w\" sizes=\"auto, (max-width: 311px) 100vw, 311px\" \/><\/figure><\/div>\n\n\n\n<p>En el marco de las reuniones tras el encuentro federal de los espacios de G\u00e9neros y Diversidades de ATE Nacional, la representaci\u00f3n del CDP hizo una presentaci\u00f3n ante la Secretaria de Organizaci\u00f3n de ATE Nacional, Mercedes Cabezas, y la Directora del Departamento de G\u00e9nero del CDN, Clarisa Gambera, de las actuaciones realizadas a la fecha en el conflicto suscitado en el Ministerio de Trabajo de la Naci\u00f3n, ante el caso de un trabajador con antecedentes de violencia de g\u00e9nero que fuera designado planta permanente en el organismo &#8220;para que no solamente tomen conocimiento de lo que venimos trabajando desde el sector y el CDP, sino para que intervengan desde sus representaciones nacionales para resolver el conflicto en cuesti\u00f3n. De esta forma seguimos insistiendo ante cada instancia posible que estos problemas deben de ser resueltos, que los violentos no deben convivir en los \u00e1mbitos laborales con sus v\u00edctimas, y que los CDP, como lo hace el de ATE C\u00f3rdoba, deben ponerse a la cabeza y actuar en consecuencia al sindicato y los lugares de trabajo que pretendemos construir&#8221;, complet\u00f3 Alcoba.<\/p>\n","protected":false},"excerpt":{"rendered":"<p>Se realiz\u00f3 ayer un encuentro en el Consejo Directivo Nacional (CDN). Participaron la mayor parte de las provincias del pa\u00eds, en representaci\u00f3n de sus Consejos Directivos Provinciales (CDP) y\/o sus Departamentos de G\u00e9neros y Diversidades.\u00a0Por parte del CDP de C\u00f3rdoba, Gabriela Alcoba fue quien particip\u00f3 de la instancia. &#8220;Presentamos la agenda de trabajo de lo [&hellip;]<\/p>\n","protected":false},"author":6,"featured_media":28649,"comment_status":"open","ping_status":"open","sticky":false,"template":"","format":"standard","meta":{"_exactmetrics_skip_tracking":false,"_exactmetrics_sitenote_active":false,"_exactmetrics_sitenote_note":"","_exactmetrics_sitenote_category":0,"jnews-multi-image_gallery":[],"jnews_single_post":{"subtitle":"Se realiz\u00f3 ayer un encuentro en el Consejo Directivo Nacional (CDN). Participaron la mayor parte de las provincias del pa\u00eds, en representaci\u00f3n de sus Consejos Directivos Provinciales (CDP) y\/o sus Departamentos de G\u00e9neros y Diversidades. Por parte del CDP de C\u00f3rdoba, Gabriela Alcoba fue quien particip\u00f3 de la instancia.","format":"standard","video":"","gallery":"","source_name":"","source_url":"","via_name":"","via_url":"","override":[{"template":"1","single_blog_custom":"","parallax":"1","fullscreen":"1","layout":"right-sidebar","sidebar":"default-sidebar","second_sidebar":"default-sidebar","sticky_sidebar":"1","share_position":"top","share_float_style":"share-monocrhome","show_share_counter":"1","show_view_counter":"1","show_featured":"1","show_post_meta":"1","show_post_author":"1","show_post_author_image":"1","show_post_date":"1","post_date_format":"default","post_date_format_custom":"Y\/m\/d","show_post_category":"1","post_reading_time_wpm":"300","zoom_button_out_step":"2","zoom_button_in_step":"3","show_post_tag":"1","show_prev_next_post":"1","show_popup_post":"1","number_popup_post":"1"}],"image_override":[{"single_post_thumbnail_size":"crop-500","single_post_gallery_size":"crop-500"}],"trending_post_position":"meta","trending_post_label":"Trending","sponsored_post_label":"Sponsored by","sponsored_post_name":"","sponsored_post_url":"","sponsored_post_logo":"","sponsored_post_desc":""},"jnews_primary_category":{"id":""},"jnews_social_meta":[],"jnews_review":[],"enable_review":"","type":"","name":"","summary":"","brand":"","sku":"","good":[],"bad":[],"score_override":"","override_value":"","rating":[],"price":[],"jnews_override_counter":[],"jnews_post_split":[],"footnotes":""},"categories":[756,341,325],"tags":[],"class_list":["post-28648","post","type-post","status-publish","format-standard","has-post-thumbnail","hentry","category-consejo-directivo-nacional-cdn","category-cdp","category-generos-y-diversidades"],"jetpack_featured_media_url":"https:\/\/atecordoba.org\/wp-content\/uploads\/2021\/10\/21_10_Alcoba_Reunion_CDN.jpeg","_links":{"self":[{"href":"https:\/\/atecordoba.org\/index.php?rest_route=\/wp\/v2\/posts\/28648","targetHints":{"allow":["GET"]}}],"collection":[{"href":"https:\/\/atecordoba.org\/index.php?rest_route=\/wp\/v2\/posts"}],"about":[{"href":"https:\/\/atecordoba.org\/index.php?rest_route=\/wp\/v2\/types\/post"}],"author":[{"embeddable":true,"href":"https:\/\/atecordoba.org\/index.php?rest_route=\/wp\/v2\/users\/6"}],"replies":[{"embeddable":true,"href":"https:\/\/atecordoba.org\/index.php?rest_route=%2Fwp%2Fv2%2Fcomments&post=28648"}],"version-history":[{"count":3,"href":"https:\/\/atecordoba.org\/index.php?rest_route=\/wp\/v2\/posts\/28648\/revisions"}],"predecessor-version":[{"id":28656,"href":"https:\/\/atecordoba.org\/index.php?rest_route=\/wp\/v2\/posts\/28648\/revisions\/28656"}],"wp:featuredmedia":[{"embeddable":true,"href":"https:\/\/atecordoba.org\/index.php?rest_route=\/wp\/v2\/media\/28649"}],"wp:attachment":[{"href":"https:\/\/atecordoba.org\/index.php?rest_route=%2Fwp%2Fv2%2Fmedia&parent=28648"}],"wp:term":[{"taxonomy":"category","embeddable":true,"href":"https:\/\/atecordoba.org\/index.php?rest_route=%2Fwp%2Fv2%2Fcategories&post=28648"},{"taxonomy":"post_tag","embeddable":true,"href":"https:\/\/atecordoba.org\/index.php?rest_route=%2Fwp%2Fv2%2Ftags&post=28648"}],"curies":[{"name":"wp","href":"https:\/\/api.w.org\/{rel}","templated":true}]}}