{"id":28644,"date":"2021-10-22T13:10:57","date_gmt":"2021-10-22T16:10:57","guid":{"rendered":"https:\/\/atecordoba.org\/?p=28644"},"modified":"2021-10-22T13:13:48","modified_gmt":"2021-10-22T16:13:48","slug":"nueva-reunion-de-trabajo-por-el-convenio-colectivo-de-trabajo-de-fabricaciones-militares","status":"publish","type":"post","link":"https:\/\/atecordoba.org\/?p=28644","title":{"rendered":"Nueva reuni\u00f3n de trabajo por el Convenio Colectivo de Fabricaciones Militares"},"content":{"rendered":"\n<div class=\"wp-block-image\"><figure class=\"aligncenter size-large is-resized\"><img loading=\"lazy\" decoding=\"async\" src=\"https:\/\/atecordoba.org\/wp-content\/uploads\/2021\/10\/WhatsApp-Image-2021-10-22-at-09.40.24-1-819x1024.jpeg\" alt=\"\" class=\"wp-image-28645\" width=\"614\" height=\"768\" \/><figcaption>Compa\u00f1eros trabajando en la seccional ATE Villa Mar\u00eda.<\/figcaption><\/figure><\/div>\n\n\n\n<p>Tanto ayer como el mi\u00e9rcoles 21 de octubre se llevaron a cabo reuniones de trabajo en la seccional ATE Villa Mar\u00eda para continuar con el desarrollo de proyecto de Convenio Colectivo de Trabajo Sectorial para Fabricaciones Militares, en l\u00ednea con lo ATE viene realizando hace meses para el sectorial. <\/p>\n\n\n\n<p>En el oportunidad, el secretario de Formaci\u00f3n del Consejo Directivo Provincial (CDP), C\u00e9sar Theaux, particip\u00f3 de la mesa de trabajo junto a representantes de Villa Mar\u00eda, Fray Luis Beltr\u00e1n, R\u00edo Tercero y del Consejo Directivo Nacional (CDN).<\/p>\n\n\n\n<p>&#8220;Se siguieron discutiendo las categor\u00edas transversales a todas las f\u00e1bricas, tratando de darle mayor contenido al Convenio&#8221;, dijo Theaux. <\/p>\n\n\n\n<p>En tanto, el jueves se realiz\u00f3 una recorrida por la F\u00e1brica Militar de Villa Mar\u00eda, entreg\u00e1ndole a los compa\u00f1eros y compa\u00f1eras los borradores para que vayan analizando lo que se est\u00e1 trabajando y hacer cr\u00edticas y aportes que consideren necesarias. <\/p>\n","protected":false},"excerpt":{"rendered":"<p>Tanto ayer como el mi\u00e9rcoles 21 de octubre se llevaron a cabo reuniones de trabajo en la seccional ATE Villa Mar\u00eda para continuar con el desarrollo de proyecto de Convenio Colectivo de Trabajo Sectorial para Fabricaciones Militares, en l\u00ednea con lo ATE viene realizando hace meses para el sectorial. En el oportunidad, el secretario de [&hellip;]<\/p>\n","protected":false},"author":7,"featured_media":28645,"comment_status":"open","ping_status":"open","sticky":false,"template":"","format":"standard","meta":{"_exactmetrics_skip_tracking":false,"_exactmetrics_sitenote_active":false,"_exactmetrics_sitenote_note":"","_exactmetrics_sitenote_category":0,"jnews-multi-image_gallery":[],"jnews_single_post":{"subtitle":"Participaron representantes del CDP, CDN, y de las f\u00e1bricas de Villa Mar\u00eda, Fray Luis Beltr\u00e1n, y R\u00edo Tercero.","format":"standard","video":"","gallery":"","source_name":"","source_url":"","via_name":"","via_url":"","override":[{"template":"1","single_blog_custom":"","parallax":"1","fullscreen":"1","layout":"right-sidebar","sidebar":"default-sidebar","second_sidebar":"default-sidebar","sticky_sidebar":"1","share_position":"top","share_float_style":"share-monocrhome","show_share_counter":"1","show_view_counter":"1","show_featured":"1","show_post_meta":"1","show_post_author":"1","show_post_author_image":"1","show_post_date":"1","post_date_format":"default","post_date_format_custom":"Y\/m\/d","show_post_category":"1","post_reading_time_wpm":"300","zoom_button_out_step":"2","zoom_button_in_step":"3","show_post_tag":"1","show_prev_next_post":"1","show_popup_post":"1","number_popup_post":"1"}],"image_override":[{"single_post_thumbnail_size":"crop-500","single_post_gallery_size":"crop-500"}],"trending_post_position":"meta","trending_post_label":"Trending","sponsored_post_label":"Sponsored by","sponsored_post_name":"","sponsored_post_url":"","sponsored_post_logo":"","sponsored_post_desc":""},"jnews_primary_category":{"id":""},"jnews_social_meta":[],"jnews_review":[],"enable_review":"","type":"","name":"","summary":"","brand":"","sku":"","good":[],"bad":[],"score_override":"","override_value":"","rating":[],"price":[],"jnews_override_counter":[],"jnews_post_split":[],"footnotes":""},"categories":[18],"tags":[570],"class_list":["post-28644","post","type-post","status-publish","format-standard","has-post-thumbnail","hentry","category-nacionales","tag-direccion-general-de-fabricaciones-militares"],"jetpack_featured_media_url":"https:\/\/atecordoba.org\/wp-content\/uploads\/2021\/10\/WhatsApp-Image-2021-10-22-at-09.40.24-1-e1634919048466.jpeg","_links":{"self":[{"href":"https:\/\/atecordoba.org\/index.php?rest_route=\/wp\/v2\/posts\/28644","targetHints":{"allow":["GET"]}}],"collection":[{"href":"https:\/\/atecordoba.org\/index.php?rest_route=\/wp\/v2\/posts"}],"about":[{"href":"https:\/\/atecordoba.org\/index.php?rest_route=\/wp\/v2\/types\/post"}],"author":[{"embeddable":true,"href":"https:\/\/atecordoba.org\/index.php?rest_route=\/wp\/v2\/users\/7"}],"replies":[{"embeddable":true,"href":"https:\/\/atecordoba.org\/index.php?rest_route=%2Fwp%2Fv2%2Fcomments&post=28644"}],"version-history":[{"count":2,"href":"https:\/\/atecordoba.org\/index.php?rest_route=\/wp\/v2\/posts\/28644\/revisions"}],"predecessor-version":[{"id":28647,"href":"https:\/\/atecordoba.org\/index.php?rest_route=\/wp\/v2\/posts\/28644\/revisions\/28647"}],"wp:featuredmedia":[{"embeddable":true,"href":"https:\/\/atecordoba.org\/index.php?rest_route=\/wp\/v2\/media\/28645"}],"wp:attachment":[{"href":"https:\/\/atecordoba.org\/index.php?rest_route=%2Fwp%2Fv2%2Fmedia&parent=28644"}],"wp:term":[{"taxonomy":"category","embeddable":true,"href":"https:\/\/atecordoba.org\/index.php?rest_route=%2Fwp%2Fv2%2Fcategories&post=28644"},{"taxonomy":"post_tag","embeddable":true,"href":"https:\/\/atecordoba.org\/index.php?rest_route=%2Fwp%2Fv2%2Ftags&post=28644"}],"curies":[{"name":"wp","href":"https:\/\/api.w.org\/{rel}","templated":true}]}}