{"id":2864,"date":"2013-06-06T15:57:05","date_gmt":"2013-06-06T18:57:05","guid":{"rendered":"http:\/\/www.atecordoba.org\/?p=2864"},"modified":"2013-06-06T15:57:05","modified_gmt":"2013-06-06T18:57:05","slug":"ate-en-la-oit-vinimos-a-invertir-la-logica-empresarial","status":"publish","type":"post","link":"https:\/\/atecordoba.org\/?p=2864","title":{"rendered":"ATE en la OIT: \u201cVinimos a invertir la l\u00f3gica empresarial\u201d"},"content":{"rendered":"<p>Rub\u00e9n Garrido, responsable del Departamento Internacional de ATE, viaj\u00f3 en la delegaci\u00f3n de nuestro sindicato a la 102\u00ba Conferencia Internacional del Trabajo de la OIT en Ginebra, donde particip\u00f3 de las comisiones de \u201cEl empleo y la protecci\u00f3n social en el nuevo contexto demogr\u00e1fico\u201d y \u201cDesarrollo sostenible, el trabajo decente y los empleos verdes\u201d.<\/p>\n<p style=\"text-align: center;\"><a href=\"http:\/\/www.atecordoba.org\/wp-content\/uploads\/2013\/06\/ate-en-la-OIT.jpg\"><img loading=\"lazy\" decoding=\"async\" class=\" wp-image-2865 aligncenter\" title=\"ate en la OIT\" src=\"http:\/\/www.atecordoba.org\/wp-content\/uploads\/2013\/06\/ate-en-la-OIT.jpg\" alt=\"\" width=\"630\" height=\"472\" \/><\/a><\/p>\n<p>Rub\u00e9n Garrido destac\u00f3 que existe una tensi\u00f3n entre el aumento de la expectativa de vida y la financiaci\u00f3n de los sistemas de seguridad social, m\u00e1s a\u00fan en medio de una crisis de empleo en el mundo. \u201cLa posici\u00f3n que llevamos los trabajadores frente a las patronales, es no considerar a la seguridad social como un gasto, sino que se la reivindique como un derecho humano. Que los Estados la garanticen, que el crecimiento de la expectativa de vida no sea un problema, y que en los presupuestos nacionales se refleje la prioridad en salud, educaci\u00f3n y seguridad social\u201d, asegur\u00f3.<\/p>\n<p>Asimismo, el dirigente sintetiz\u00f3 el planteo obrero de invertir la l\u00f3gica empresarial y de los gobiernos de los pa\u00edses centrales, quienes sostienen que la financiaci\u00f3n de la seguridad social debe nacer de los bolsillos de los trabajadores. \u201cNo hay salida\u201d, asegur\u00f3. \u201cPorque cada vez hay menos empleo, mayor expectativa de vida y un envejecimiento poblacional. Los Estados financian cosas a partir de decisiones pol\u00edticas, por ejemplo los sistemas de defensa. Nosotros lo que decimos es que hay que invertir la l\u00f3gica, lo que garantiza tambi\u00e9n una reactivaci\u00f3n de la econom\u00eda\u201d.<\/p>\n<p>Por \u00faltimo, Garrido desarroll\u00f3 la discusi\u00f3n que atraves\u00f3 a la comisi\u00f3n de desarrollo sustentable entre los trabajadores y las patronales. El eje fue determinar qu\u00e9 es lo sustentable: \u00bfLa empresa? \u00bfO los trabajadores dentro de ella?<\/p>\n","protected":false},"excerpt":{"rendered":"<p>Rub\u00e9n Garrido, responsable del Departamento Internacional de ATE, viaj\u00f3 en la delegaci\u00f3n de nuestro sindicato a la 102\u00ba Conferencia Internacional del Trabajo de la OIT en Ginebra, donde particip\u00f3 de las comisiones de \u201cEl empleo y la protecci\u00f3n social en el nuevo contexto demogr\u00e1fico\u201d y \u201cDesarrollo sostenible, el trabajo decente y los empleos verdes\u201d. Rub\u00e9n [&hellip;]<\/p>\n","protected":false},"author":1,"featured_media":19220,"comment_status":"open","ping_status":"open","sticky":false,"template":"","format":"standard","meta":{"_exactmetrics_skip_tracking":false,"_exactmetrics_sitenote_active":false,"_exactmetrics_sitenote_note":"","_exactmetrics_sitenote_category":0,"jnews-multi-image_gallery":[],"jnews_single_post":[],"jnews_primary_category":[],"jnews_social_meta":[],"jnews_review":[],"enable_review":"","type":"","name":"","summary":"","brand":"","sku":"","good":[],"bad":[],"score_override":"","override_value":"","rating":[],"price":[],"jnews_override_counter":[],"jnews_post_split":[],"footnotes":""},"categories":[1],"tags":[],"class_list":["post-2864","post","type-post","status-publish","format-standard","has-post-thumbnail","hentry","category-sin-categoria"],"jetpack_featured_media_url":"https:\/\/atecordoba.org\/wp-content\/uploads\/2020\/05\/logo-nuevochico-e1561581322808.png","_links":{"self":[{"href":"https:\/\/atecordoba.org\/index.php?rest_route=\/wp\/v2\/posts\/2864","targetHints":{"allow":["GET"]}}],"collection":[{"href":"https:\/\/atecordoba.org\/index.php?rest_route=\/wp\/v2\/posts"}],"about":[{"href":"https:\/\/atecordoba.org\/index.php?rest_route=\/wp\/v2\/types\/post"}],"author":[{"embeddable":true,"href":"https:\/\/atecordoba.org\/index.php?rest_route=\/wp\/v2\/users\/1"}],"replies":[{"embeddable":true,"href":"https:\/\/atecordoba.org\/index.php?rest_route=%2Fwp%2Fv2%2Fcomments&post=2864"}],"version-history":[{"count":0,"href":"https:\/\/atecordoba.org\/index.php?rest_route=\/wp\/v2\/posts\/2864\/revisions"}],"wp:featuredmedia":[{"embeddable":true,"href":"https:\/\/atecordoba.org\/index.php?rest_route=\/wp\/v2\/media\/19220"}],"wp:attachment":[{"href":"https:\/\/atecordoba.org\/index.php?rest_route=%2Fwp%2Fv2%2Fmedia&parent=2864"}],"wp:term":[{"taxonomy":"category","embeddable":true,"href":"https:\/\/atecordoba.org\/index.php?rest_route=%2Fwp%2Fv2%2Fcategories&post=2864"},{"taxonomy":"post_tag","embeddable":true,"href":"https:\/\/atecordoba.org\/index.php?rest_route=%2Fwp%2Fv2%2Ftags&post=2864"}],"curies":[{"name":"wp","href":"https:\/\/api.w.org\/{rel}","templated":true}]}}