{"id":28629,"date":"2021-10-22T11:10:28","date_gmt":"2021-10-22T14:10:28","guid":{"rendered":"https:\/\/atecordoba.org\/?p=28629"},"modified":"2021-10-22T11:11:27","modified_gmt":"2021-10-22T14:11:27","slug":"alta-participacion-en-la-eleccion-de-delegados-en-anses-rio-cuarto","status":"publish","type":"post","link":"https:\/\/atecordoba.org\/?p=28629","title":{"rendered":"Alta participaci\u00f3n en la elecci\u00f3n de delegados en ANSES R\u00edo Cuarto"},"content":{"rendered":"\n<figure class=\"wp-block-gallery columns-3 is-cropped wp-block-gallery-1 is-layout-flex wp-block-gallery-is-layout-flex\"><ul class=\"blocks-gallery-grid\"><li class=\"blocks-gallery-item\"><figure><a href=\"https:\/\/atecordoba.org\/wp-content\/uploads\/2021\/10\/WhatsApp-Image-2021-10-22-at-09.00.06.jpeg\"><img loading=\"lazy\" decoding=\"async\" width=\"460\" height=\"1024\" src=\"https:\/\/atecordoba.org\/wp-content\/uploads\/2021\/10\/WhatsApp-Image-2021-10-22-at-09.00.06-460x1024.jpeg\" alt=\"\" data-id=\"28630\" data-full-url=\"https:\/\/atecordoba.org\/wp-content\/uploads\/2021\/10\/WhatsApp-Image-2021-10-22-at-09.00.06.jpeg\" data-link=\"https:\/\/atecordoba.org\/?attachment_id=28630\" class=\"wp-image-28630\" srcset=\"https:\/\/atecordoba.org\/wp-content\/uploads\/2021\/10\/WhatsApp-Image-2021-10-22-at-09.00.06-460x1024.jpeg 460w, https:\/\/atecordoba.org\/wp-content\/uploads\/2021\/10\/WhatsApp-Image-2021-10-22-at-09.00.06-135x300.jpeg 135w, https:\/\/atecordoba.org\/wp-content\/uploads\/2021\/10\/WhatsApp-Image-2021-10-22-at-09.00.06-690x1536.jpeg 690w, https:\/\/atecordoba.org\/wp-content\/uploads\/2021\/10\/WhatsApp-Image-2021-10-22-at-09.00.06.jpeg 719w\" sizes=\"auto, (max-width: 460px) 100vw, 460px\" \/><\/a><\/figure><\/li><li class=\"blocks-gallery-item\"><figure><a href=\"https:\/\/atecordoba.org\/wp-content\/uploads\/2021\/10\/WhatsApp-Image-2021-10-22-at-09.00.07-1.jpeg\"><img loading=\"lazy\" decoding=\"async\" width=\"1024\" height=\"461\" src=\"https:\/\/atecordoba.org\/wp-content\/uploads\/2021\/10\/WhatsApp-Image-2021-10-22-at-09.00.07-1-1024x461.jpeg\" alt=\"\" data-id=\"28631\" data-full-url=\"https:\/\/atecordoba.org\/wp-content\/uploads\/2021\/10\/WhatsApp-Image-2021-10-22-at-09.00.07-1.jpeg\" data-link=\"https:\/\/atecordoba.org\/?attachment_id=28631\" class=\"wp-image-28631\" srcset=\"https:\/\/atecordoba.org\/wp-content\/uploads\/2021\/10\/WhatsApp-Image-2021-10-22-at-09.00.07-1-1024x461.jpeg 1024w, https:\/\/atecordoba.org\/wp-content\/uploads\/2021\/10\/WhatsApp-Image-2021-10-22-at-09.00.07-1-300x135.jpeg 300w, https:\/\/atecordoba.org\/wp-content\/uploads\/2021\/10\/WhatsApp-Image-2021-10-22-at-09.00.07-1-768x346.jpeg 768w, https:\/\/atecordoba.org\/wp-content\/uploads\/2021\/10\/WhatsApp-Image-2021-10-22-at-09.00.07-1-1536x691.jpeg 1536w, https:\/\/atecordoba.org\/wp-content\/uploads\/2021\/10\/WhatsApp-Image-2021-10-22-at-09.00.07-1-750x338.jpeg 750w, https:\/\/atecordoba.org\/wp-content\/uploads\/2021\/10\/WhatsApp-Image-2021-10-22-at-09.00.07-1-1140x513.jpeg 1140w, https:\/\/atecordoba.org\/wp-content\/uploads\/2021\/10\/WhatsApp-Image-2021-10-22-at-09.00.07-1.jpeg 1600w\" sizes=\"auto, (max-width: 1024px) 100vw, 1024px\" \/><\/a><\/figure><\/li><li class=\"blocks-gallery-item\"><figure><a href=\"https:\/\/atecordoba.org\/wp-content\/uploads\/2021\/10\/WhatsApp-Image-2021-10-22-at-09.00.07-2.jpeg\"><img loading=\"lazy\" decoding=\"async\" width=\"1024\" height=\"461\" src=\"https:\/\/atecordoba.org\/wp-content\/uploads\/2021\/10\/WhatsApp-Image-2021-10-22-at-09.00.07-2-1024x461.jpeg\" alt=\"\" data-id=\"28632\" data-full-url=\"https:\/\/atecordoba.org\/wp-content\/uploads\/2021\/10\/WhatsApp-Image-2021-10-22-at-09.00.07-2.jpeg\" data-link=\"https:\/\/atecordoba.org\/?attachment_id=28632\" class=\"wp-image-28632\" \/><\/a><\/figure><\/li><li class=\"blocks-gallery-item\"><figure><a href=\"https:\/\/atecordoba.org\/wp-content\/uploads\/2021\/10\/WhatsApp-Image-2021-10-22-at-09.00.07.jpeg\"><img loading=\"lazy\" decoding=\"async\" width=\"1024\" height=\"461\" src=\"https:\/\/atecordoba.org\/wp-content\/uploads\/2021\/10\/WhatsApp-Image-2021-10-22-at-09.00.07-1024x461.jpeg\" alt=\"\" data-id=\"28633\" data-full-url=\"https:\/\/atecordoba.org\/wp-content\/uploads\/2021\/10\/WhatsApp-Image-2021-10-22-at-09.00.07.jpeg\" data-link=\"https:\/\/atecordoba.org\/?attachment_id=28633\" class=\"wp-image-28633\" srcset=\"https:\/\/atecordoba.org\/wp-content\/uploads\/2021\/10\/WhatsApp-Image-2021-10-22-at-09.00.07-1024x461.jpeg 1024w, https:\/\/atecordoba.org\/wp-content\/uploads\/2021\/10\/WhatsApp-Image-2021-10-22-at-09.00.07-300x135.jpeg 300w, https:\/\/atecordoba.org\/wp-content\/uploads\/2021\/10\/WhatsApp-Image-2021-10-22-at-09.00.07-768x346.jpeg 768w, https:\/\/atecordoba.org\/wp-content\/uploads\/2021\/10\/WhatsApp-Image-2021-10-22-at-09.00.07-1536x691.jpeg 1536w, https:\/\/atecordoba.org\/wp-content\/uploads\/2021\/10\/WhatsApp-Image-2021-10-22-at-09.00.07-750x338.jpeg 750w, https:\/\/atecordoba.org\/wp-content\/uploads\/2021\/10\/WhatsApp-Image-2021-10-22-at-09.00.07-1140x513.jpeg 1140w, https:\/\/atecordoba.org\/wp-content\/uploads\/2021\/10\/WhatsApp-Image-2021-10-22-at-09.00.07.jpeg 1600w\" sizes=\"auto, (max-width: 1024px) 100vw, 1024px\" \/><\/a><\/figure><\/li><li class=\"blocks-gallery-item\"><figure><a href=\"https:\/\/atecordoba.org\/wp-content\/uploads\/2021\/10\/WhatsApp-Image-2021-10-22-at-09.00.06-1.jpeg\"><img loading=\"lazy\" decoding=\"async\" width=\"1024\" height=\"460\" src=\"https:\/\/atecordoba.org\/wp-content\/uploads\/2021\/10\/WhatsApp-Image-2021-10-22-at-09.00.06-1-1024x460.jpeg\" alt=\"\" data-id=\"28634\" data-full-url=\"https:\/\/atecordoba.org\/wp-content\/uploads\/2021\/10\/WhatsApp-Image-2021-10-22-at-09.00.06-1.jpeg\" data-link=\"https:\/\/atecordoba.org\/?attachment_id=28634\" class=\"wp-image-28634\" srcset=\"https:\/\/atecordoba.org\/wp-content\/uploads\/2021\/10\/WhatsApp-Image-2021-10-22-at-09.00.06-1-1024x460.jpeg 1024w, https:\/\/atecordoba.org\/wp-content\/uploads\/2021\/10\/WhatsApp-Image-2021-10-22-at-09.00.06-1-300x135.jpeg 300w, https:\/\/atecordoba.org\/wp-content\/uploads\/2021\/10\/WhatsApp-Image-2021-10-22-at-09.00.06-1-768x345.jpeg 768w, https:\/\/atecordoba.org\/wp-content\/uploads\/2021\/10\/WhatsApp-Image-2021-10-22-at-09.00.06-1-1536x690.jpeg 1536w, https:\/\/atecordoba.org\/wp-content\/uploads\/2021\/10\/WhatsApp-Image-2021-10-22-at-09.00.06-1-750x337.jpeg 750w, https:\/\/atecordoba.org\/wp-content\/uploads\/2021\/10\/WhatsApp-Image-2021-10-22-at-09.00.06-1-1140x512.jpeg 1140w, https:\/\/atecordoba.org\/wp-content\/uploads\/2021\/10\/WhatsApp-Image-2021-10-22-at-09.00.06-1.jpeg 1600w\" sizes=\"auto, (max-width: 1024px) 100vw, 1024px\" \/><\/a><\/figure><\/li><li class=\"blocks-gallery-item\"><figure><a href=\"https:\/\/atecordoba.org\/wp-content\/uploads\/2021\/10\/WhatsApp-Image-2021-10-22-at-09.00.06-2.jpeg\"><img loading=\"lazy\" decoding=\"async\" width=\"1024\" height=\"461\" src=\"https:\/\/atecordoba.org\/wp-content\/uploads\/2021\/10\/WhatsApp-Image-2021-10-22-at-09.00.06-2-1024x461.jpeg\" alt=\"\" data-id=\"28635\" data-full-url=\"https:\/\/atecordoba.org\/wp-content\/uploads\/2021\/10\/WhatsApp-Image-2021-10-22-at-09.00.06-2.jpeg\" data-link=\"https:\/\/atecordoba.org\/?attachment_id=28635\" class=\"wp-image-28635\" srcset=\"https:\/\/atecordoba.org\/wp-content\/uploads\/2021\/10\/WhatsApp-Image-2021-10-22-at-09.00.06-2-1024x461.jpeg 1024w, https:\/\/atecordoba.org\/wp-content\/uploads\/2021\/10\/WhatsApp-Image-2021-10-22-at-09.00.06-2-300x135.jpeg 300w, https:\/\/atecordoba.org\/wp-content\/uploads\/2021\/10\/WhatsApp-Image-2021-10-22-at-09.00.06-2-768x346.jpeg 768w, https:\/\/atecordoba.org\/wp-content\/uploads\/2021\/10\/WhatsApp-Image-2021-10-22-at-09.00.06-2-1536x691.jpeg 1536w, https:\/\/atecordoba.org\/wp-content\/uploads\/2021\/10\/WhatsApp-Image-2021-10-22-at-09.00.06-2-750x338.jpeg 750w, https:\/\/atecordoba.org\/wp-content\/uploads\/2021\/10\/WhatsApp-Image-2021-10-22-at-09.00.06-2-1140x513.jpeg 1140w, https:\/\/atecordoba.org\/wp-content\/uploads\/2021\/10\/WhatsApp-Image-2021-10-22-at-09.00.06-2.jpeg 1600w\" sizes=\"auto, (max-width: 1024px) 100vw, 1024px\" \/><\/a><\/figure><\/li><\/ul><\/figure>\n\n\n\n<p>Ayer se llev\u00f3 a cabo la elecci\u00f3n de delegados en la delegaci\u00f3n de ANSES en R\u00edo Cuarto. Con una participaci\u00f3n que alcanz\u00f3 al 80% del plantel de la oficina, resultaron electas las compa\u00f1eras Georgina Ferreyra y Susana Pacheco para representar al sector por los pr\u00f3ximos dos a\u00f1os. <\/p>\n\n\n\n<p><\/p>\n","protected":false},"excerpt":{"rendered":"<p>Ayer se llev\u00f3 a cabo la elecci\u00f3n de delegados en la delegaci\u00f3n de ANSES en R\u00edo Cuarto. Con una participaci\u00f3n que alcanz\u00f3 al 80% del plantel de la oficina, resultaron electas las compa\u00f1eras Georgina Ferreyra y Susana Pacheco para representar al sector por los pr\u00f3ximos dos a\u00f1os.<\/p>\n","protected":false},"author":7,"featured_media":28632,"comment_status":"open","ping_status":"open","sticky":false,"template":"","format":"standard","meta":{"_exactmetrics_skip_tracking":false,"_exactmetrics_sitenote_active":false,"_exactmetrics_sitenote_note":"","_exactmetrics_sitenote_category":0,"jnews-multi-image_gallery":[],"jnews_single_post":{"subtitle":"Vot\u00f3 el 80% del padr\u00f3n habilitado.","format":"standard","video":"","gallery":"","source_name":"","source_url":"","via_name":"","via_url":"","override":[{"template":"1","single_blog_custom":"","parallax":"1","fullscreen":"1","layout":"right-sidebar","sidebar":"default-sidebar","second_sidebar":"default-sidebar","sticky_sidebar":"1","share_position":"top","share_float_style":"share-monocrhome","show_share_counter":"1","show_view_counter":"1","show_featured":"1","show_post_meta":"1","show_post_author":"1","show_post_author_image":"1","show_post_date":"1","post_date_format":"default","post_date_format_custom":"Y\/m\/d","show_post_category":"1","post_reading_time_wpm":"300","zoom_button_out_step":"2","zoom_button_in_step":"3","show_post_tag":"1","show_prev_next_post":"1","show_popup_post":"1","number_popup_post":"1"}],"image_override":[{"single_post_thumbnail_size":"crop-500","single_post_gallery_size":"crop-500"}],"trending_post_position":"meta","trending_post_label":"Trending","sponsored_post_label":"Sponsored by","sponsored_post_name":"","sponsored_post_url":"","sponsored_post_logo":"","sponsored_post_desc":""},"jnews_primary_category":{"id":""},"jnews_social_meta":[],"jnews_review":[],"enable_review":"","type":"","name":"","summary":"","brand":"","sku":"","good":[],"bad":[],"score_override":"","override_value":"","rating":[],"price":[],"jnews_override_counter":[],"jnews_post_split":[],"footnotes":""},"categories":[18],"tags":[38],"class_list":["post-28629","post","type-post","status-publish","format-standard","has-post-thumbnail","hentry","category-nacionales","tag-anses"],"jetpack_featured_media_url":"https:\/\/atecordoba.org\/wp-content\/uploads\/2021\/10\/WhatsApp-Image-2021-10-22-at-09.00.07-2-e1634911813620.jpeg","_links":{"self":[{"href":"https:\/\/atecordoba.org\/index.php?rest_route=\/wp\/v2\/posts\/28629","targetHints":{"allow":["GET"]}}],"collection":[{"href":"https:\/\/atecordoba.org\/index.php?rest_route=\/wp\/v2\/posts"}],"about":[{"href":"https:\/\/atecordoba.org\/index.php?rest_route=\/wp\/v2\/types\/post"}],"author":[{"embeddable":true,"href":"https:\/\/atecordoba.org\/index.php?rest_route=\/wp\/v2\/users\/7"}],"replies":[{"embeddable":true,"href":"https:\/\/atecordoba.org\/index.php?rest_route=%2Fwp%2Fv2%2Fcomments&post=28629"}],"version-history":[{"count":1,"href":"https:\/\/atecordoba.org\/index.php?rest_route=\/wp\/v2\/posts\/28629\/revisions"}],"predecessor-version":[{"id":28636,"href":"https:\/\/atecordoba.org\/index.php?rest_route=\/wp\/v2\/posts\/28629\/revisions\/28636"}],"wp:featuredmedia":[{"embeddable":true,"href":"https:\/\/atecordoba.org\/index.php?rest_route=\/wp\/v2\/media\/28632"}],"wp:attachment":[{"href":"https:\/\/atecordoba.org\/index.php?rest_route=%2Fwp%2Fv2%2Fmedia&parent=28629"}],"wp:term":[{"taxonomy":"category","embeddable":true,"href":"https:\/\/atecordoba.org\/index.php?rest_route=%2Fwp%2Fv2%2Fcategories&post=28629"},{"taxonomy":"post_tag","embeddable":true,"href":"https:\/\/atecordoba.org\/index.php?rest_route=%2Fwp%2Fv2%2Ftags&post=28629"}],"curies":[{"name":"wp","href":"https:\/\/api.w.org\/{rel}","templated":true}]}}