{"id":28625,"date":"2021-10-22T10:45:16","date_gmt":"2021-10-22T13:45:16","guid":{"rendered":"https:\/\/atecordoba.org\/?p=28625"},"modified":"2021-10-22T17:21:21","modified_gmt":"2021-10-22T20:21:21","slug":"ate-asesorara-a-las-y-los-afiliados-sobre-gestiones-administrativas-de-cada-sector-del-estado-provincial","status":"publish","type":"post","link":"https:\/\/atecordoba.org\/?p=28625","title":{"rendered":"ATE refuerza asesoramiento a las y los afiliados sobre gestiones administrativas en el Estado provincial"},"content":{"rendered":"\n<div class=\"wp-block-image\"><figure class=\"alignleft size-large is-resized\"><img loading=\"lazy\" decoding=\"async\" src=\"https:\/\/atecordoba.org\/wp-content\/uploads\/2021\/10\/20_10_Asesoria_comp-632x1024.jpeg\" alt=\"\" class=\"wp-image-28642\" width=\"335\" height=\"543\" srcset=\"https:\/\/atecordoba.org\/wp-content\/uploads\/2021\/10\/20_10_Asesoria_comp-632x1024.jpeg 632w, https:\/\/atecordoba.org\/wp-content\/uploads\/2021\/10\/20_10_Asesoria_comp-185x300.jpeg 185w, https:\/\/atecordoba.org\/wp-content\/uploads\/2021\/10\/20_10_Asesoria_comp.jpeg 720w\" sizes=\"auto, (max-width: 335px) 100vw, 335px\" \/><\/figure><\/div>\n\n\n\n<p>A partir de una resoluci\u00f3n del \u00e1rea gremial-organizativa, en virtud de las consultas sobre recategorizaciones, licencias, francos compensatorios, etc\u00e9tera, de cada repartici\u00f3n provincial, ATE C\u00f3rdoba refuerza el asesoramiento administrativo para el cumplimiento de derechos en v\u00edas de vulneraci\u00f3n, antes de llegar a la etapa jur\u00eddica y\/o de otras acciones gremiales.<\/p>\n\n\n\n<p>&#8220;La compa\u00f1era Selma Godoy, en conjunto con Omar Alerzia, Yamila Sierra y quien les habla, vamos a atender a las y los compa\u00f1eros los martes a partir de las 12 horas, solicitando turno con anticipaci\u00f3n mediante comunicaci\u00f3n con el gremio, para canalizar los planteos que se puedan resolver mediante notas o recursos administrativos&#8221;, explic\u00f3 el secretario Gremial, Daniel Pawluchuzk.<\/p>\n\n\n\n<p>&#8220;Es una iniciativa pol\u00edtica que fortalece la presencia a la hora de resolver conflictos y reclamos que nuestras afiliadas y afiliados provinciales expresan al sindicato. Somos un gremio que responde a las necesidades de quienes forman parte de la organizaci\u00f3n y, por ello, buscamos siempre seguir mejorando y dando respuestas ante cada situaci\u00f3n que se presente en los sectores de trabajo&#8221;, concluy\u00f3 el secretario Gremial del Consejo Directivo Provincial, Daniel Pawluchuzk.<\/p>\n","protected":false},"excerpt":{"rendered":"<p>A partir de una resoluci\u00f3n del \u00e1rea gremial-organizativa, en virtud de las consultas sobre recategorizaciones, licencias, francos compensatorios, etc\u00e9tera, de cada repartici\u00f3n provincial, ATE C\u00f3rdoba refuerza el asesoramiento administrativo para el cumplimiento de derechos en v\u00edas de vulneraci\u00f3n, antes de llegar a la etapa jur\u00eddica y\/o de otras acciones gremiales. &#8220;La compa\u00f1era Selma Godoy, en [&hellip;]<\/p>\n","protected":false},"author":7,"featured_media":28662,"comment_status":"open","ping_status":"open","sticky":false,"template":"","format":"standard","meta":{"_exactmetrics_skip_tracking":false,"_exactmetrics_sitenote_active":false,"_exactmetrics_sitenote_note":"","_exactmetrics_sitenote_category":0,"jnews-multi-image_gallery":[],"jnews_single_post":{"subtitle":"El servicio buscar\u00e1 orientar a las afiliadas y afiliados sobre recategorizaciones, licencias, francos compensatorios de cada repartici\u00f3n y acompa\u00f1ar en la confecci\u00f3n de las actuaciones administrativas correspondientes. Se realizar\u00e1 los martes a partir de las 12 horas.","format":"standard","video":"","gallery":"","source_name":"","source_url":"","via_name":"","via_url":"","override":[{"template":"1","single_blog_custom":"","parallax":"1","fullscreen":"1","layout":"right-sidebar","sidebar":"default-sidebar","second_sidebar":"default-sidebar","sticky_sidebar":"1","share_position":"top","share_float_style":"share-monocrhome","show_share_counter":"1","show_view_counter":"1","show_featured":"1","show_post_meta":"1","show_post_author":"1","show_post_author_image":"1","show_post_date":"1","post_date_format":"default","post_date_format_custom":"Y\/m\/d","show_post_category":"1","post_reading_time_wpm":"300","zoom_button_out_step":"2","zoom_button_in_step":"3","show_post_tag":"1","show_prev_next_post":"1","show_popup_post":"1","number_popup_post":"1"}],"image_override":[{"single_post_thumbnail_size":"crop-500","single_post_gallery_size":"crop-500"}],"trending_post_position":"meta","trending_post_label":"Trending","sponsored_post_label":"Sponsored by","sponsored_post_name":"","sponsored_post_url":"","sponsored_post_logo":"","sponsored_post_desc":""},"jnews_primary_category":{"id":""},"jnews_social_meta":[],"jnews_review":[],"enable_review":"","type":"","name":"","summary":"","brand":"","sku":"","good":[],"bad":[],"score_override":"","override_value":"","rating":[],"price":[],"jnews_override_counter":[],"jnews_post_split":[],"footnotes":""},"categories":[341,8],"tags":[],"class_list":["post-28625","post","type-post","status-publish","format-standard","has-post-thumbnail","hentry","category-cdp","category-provinciales"],"jetpack_featured_media_url":"https:\/\/atecordoba.org\/wp-content\/uploads\/2021\/10\/20_10_Asesoria.jpeg","_links":{"self":[{"href":"https:\/\/atecordoba.org\/index.php?rest_route=\/wp\/v2\/posts\/28625","targetHints":{"allow":["GET"]}}],"collection":[{"href":"https:\/\/atecordoba.org\/index.php?rest_route=\/wp\/v2\/posts"}],"about":[{"href":"https:\/\/atecordoba.org\/index.php?rest_route=\/wp\/v2\/types\/post"}],"author":[{"embeddable":true,"href":"https:\/\/atecordoba.org\/index.php?rest_route=\/wp\/v2\/users\/7"}],"replies":[{"embeddable":true,"href":"https:\/\/atecordoba.org\/index.php?rest_route=%2Fwp%2Fv2%2Fcomments&post=28625"}],"version-history":[{"count":2,"href":"https:\/\/atecordoba.org\/index.php?rest_route=\/wp\/v2\/posts\/28625\/revisions"}],"predecessor-version":[{"id":28643,"href":"https:\/\/atecordoba.org\/index.php?rest_route=\/wp\/v2\/posts\/28625\/revisions\/28643"}],"wp:featuredmedia":[{"embeddable":true,"href":"https:\/\/atecordoba.org\/index.php?rest_route=\/wp\/v2\/media\/28662"}],"wp:attachment":[{"href":"https:\/\/atecordoba.org\/index.php?rest_route=%2Fwp%2Fv2%2Fmedia&parent=28625"}],"wp:term":[{"taxonomy":"category","embeddable":true,"href":"https:\/\/atecordoba.org\/index.php?rest_route=%2Fwp%2Fv2%2Fcategories&post=28625"},{"taxonomy":"post_tag","embeddable":true,"href":"https:\/\/atecordoba.org\/index.php?rest_route=%2Fwp%2Fv2%2Ftags&post=28625"}],"curies":[{"name":"wp","href":"https:\/\/api.w.org\/{rel}","templated":true}]}}