{"id":28607,"date":"2021-10-21T12:01:24","date_gmt":"2021-10-21T15:01:24","guid":{"rendered":"https:\/\/atecordoba.org\/?p=28607"},"modified":"2021-10-21T12:03:04","modified_gmt":"2021-10-21T15:03:04","slug":"hospital-pediatrico-hay-un-achicamiento-de-los-servicios","status":"publish","type":"post","link":"https:\/\/atecordoba.org\/?p=28607","title":{"rendered":"Hospital Pedi\u00e1trico: &#8220;hay un achicamiento de los servicios&#8221;"},"content":{"rendered":"\n<div class=\"wp-block-image\"><figure class=\"alignright size-large\"><img loading=\"lazy\" decoding=\"async\" width=\"276\" height=\"183\" src=\"https:\/\/atecordoba.org\/wp-content\/uploads\/2021\/10\/pediatrico.jpg\" alt=\"\" class=\"wp-image-28608\" \/><\/figure><\/div>\n\n\n\n<p>En una entrevista con el informativo de Radio Nacional, el Prosecretario gremial del Consejo Directivo Provincial, Roberto Calvetti, explic\u00f3 la situaci\u00f3n que sufre el Hospital Pedi\u00e1trico por falta de personal y el consiguiente achicamiento de los servicios prioritarios del centro de salud.<\/p>\n\n\n\n<p>El dirigente se\u00f1al\u00f3 que &#8220;la Ex Casa Cuna vive la misma realidad de otros nosocomios de la provincia: un achicamiento del Estado provincial con falta de nombramiento de personal y eso repercute para prestar el servicio. Porque no se cubren altas por bajas, por ejemplo&#8221;.<\/p>\n\n\n\n<p>Y avanz\u00f3 describiendo que &#8220;en la UCI del Pedi\u00e1trico, al no cubrir con personal las licencias reglamentarias, generan que las y los trabajadores no se las puedan tomar o que cuando se las toman no hay personal para reemplazarlos y por eso se inform\u00f3 la intensi\u00f3n de la Direcci\u00f3n de unificar la Unidad de Cuidados Intermedios (UCI) con la Unidad de Terapia Intensiva&#8221;.<\/p>\n\n\n\n<p>Calvetti inform\u00f3 que &#8220;tuvimos una reuni\u00f3n el lunes donde la Direcci\u00f3n del hospital nos dice que tiene pedida una audiencia con el ministro de Salud, Diego Cardozo, pero no han tenido hasta el momento una confirmaci\u00f3n que se vaya a realizar y menos de una fecha. Ayer hicimos una volanteada sobre avenida Castro Barros y en tanto estamos esperando como gremio un tiempo prudencial para evaluar c\u00f3mo seguir. No es el \u00fanico hospital en esta situaci\u00f3n&#8221;.<\/p>\n\n\n\n<p>Y concluy\u00f3 explicando que &#8220;el Pedi\u00e1trico est\u00e1 recibiendo muchas derivaciones y por eso es tan necesaria la Unidad de Cuidados Intermedios. Porque si no los pueden recibir en el Pedi\u00e1trico \u00bfa d\u00f3nde los van a derivar? Eso va a repercutir en la poblaci\u00f3n pedi\u00e1trica&#8221;.<\/p>\n","protected":false},"excerpt":{"rendered":"<p>En una entrevista con el informativo de Radio Nacional, el Prosecretario gremial del Consejo Directivo Provincial, Roberto Calvetti, explic\u00f3 la situaci\u00f3n que sufre el Hospital Pedi\u00e1trico por falta de personal y el consiguiente achicamiento de los servicios prioritarios del centro de salud. El dirigente se\u00f1al\u00f3 que &#8220;la Ex Casa Cuna vive la misma realidad de [&hellip;]<\/p>\n","protected":false},"author":7,"featured_media":28608,"comment_status":"open","ping_status":"open","sticky":false,"template":"","format":"standard","meta":{"_exactmetrics_skip_tracking":false,"_exactmetrics_sitenote_active":false,"_exactmetrics_sitenote_note":"","_exactmetrics_sitenote_category":0,"jnews-multi-image_gallery":[],"jnews_single_post":{"subtitle":"Roberto Calvetti, dirigente de ATE, explic\u00f3 que no se cubren las bajas con nuevas altas de personal ni hay reemplazos para cubrir las licencias reglamentarias porque el gobierno no nombra profesionales para cubrir la atenci\u00f3n. ","format":"standard","video":"","gallery":"","source_name":"","source_url":"","via_name":"","via_url":"","override":[{"template":"1","single_blog_custom":"","parallax":"1","fullscreen":"1","layout":"right-sidebar","sidebar":"default-sidebar","second_sidebar":"default-sidebar","sticky_sidebar":"1","share_position":"top","share_float_style":"share-monocrhome","show_share_counter":"1","show_view_counter":"1","show_featured":"1","show_post_meta":"1","show_post_author":"1","show_post_author_image":"1","show_post_date":"1","post_date_format":"default","post_date_format_custom":"Y\/m\/d","show_post_category":"1","post_reading_time_wpm":"300","zoom_button_out_step":"2","zoom_button_in_step":"3","show_post_tag":"1","show_prev_next_post":"1","show_popup_post":"1","number_popup_post":"1"}],"image_override":[{"single_post_thumbnail_size":"crop-500","single_post_gallery_size":"crop-500"}],"trending_post_position":"meta","trending_post_label":"Trending","sponsored_post_label":"Sponsored by","sponsored_post_name":"","sponsored_post_url":"","sponsored_post_logo":"","sponsored_post_desc":""},"jnews_primary_category":{"id":""},"jnews_social_meta":[],"jnews_review":[],"enable_review":"","type":"","name":"","summary":"","brand":"","sku":"","good":[],"bad":[],"score_override":"","override_value":"","rating":[],"price":[],"jnews_override_counter":[],"jnews_post_split":[],"footnotes":""},"categories":[1],"tags":[953],"class_list":["post-28607","post","type-post","status-publish","format-standard","has-post-thumbnail","hentry","category-sin-categoria","tag-hospital-pediatrico"],"jetpack_featured_media_url":"https:\/\/atecordoba.org\/wp-content\/uploads\/2021\/10\/pediatrico.jpg","_links":{"self":[{"href":"https:\/\/atecordoba.org\/index.php?rest_route=\/wp\/v2\/posts\/28607","targetHints":{"allow":["GET"]}}],"collection":[{"href":"https:\/\/atecordoba.org\/index.php?rest_route=\/wp\/v2\/posts"}],"about":[{"href":"https:\/\/atecordoba.org\/index.php?rest_route=\/wp\/v2\/types\/post"}],"author":[{"embeddable":true,"href":"https:\/\/atecordoba.org\/index.php?rest_route=\/wp\/v2\/users\/7"}],"replies":[{"embeddable":true,"href":"https:\/\/atecordoba.org\/index.php?rest_route=%2Fwp%2Fv2%2Fcomments&post=28607"}],"version-history":[{"count":1,"href":"https:\/\/atecordoba.org\/index.php?rest_route=\/wp\/v2\/posts\/28607\/revisions"}],"predecessor-version":[{"id":28609,"href":"https:\/\/atecordoba.org\/index.php?rest_route=\/wp\/v2\/posts\/28607\/revisions\/28609"}],"wp:featuredmedia":[{"embeddable":true,"href":"https:\/\/atecordoba.org\/index.php?rest_route=\/wp\/v2\/media\/28608"}],"wp:attachment":[{"href":"https:\/\/atecordoba.org\/index.php?rest_route=%2Fwp%2Fv2%2Fmedia&parent=28607"}],"wp:term":[{"taxonomy":"category","embeddable":true,"href":"https:\/\/atecordoba.org\/index.php?rest_route=%2Fwp%2Fv2%2Fcategories&post=28607"},{"taxonomy":"post_tag","embeddable":true,"href":"https:\/\/atecordoba.org\/index.php?rest_route=%2Fwp%2Fv2%2Ftags&post=28607"}],"curies":[{"name":"wp","href":"https:\/\/api.w.org\/{rel}","templated":true}]}}