{"id":28603,"date":"2021-10-21T10:18:58","date_gmt":"2021-10-21T13:18:58","guid":{"rendered":"https:\/\/atecordoba.org\/?p=28603"},"modified":"2021-10-21T10:54:46","modified_gmt":"2021-10-21T13:54:46","slug":"el-ministerio-de-trabajo-lanza-un-plan-de-promocion-del-empleo-para-la-poblacion-trans-y-travesti-en-pymes","status":"publish","type":"post","link":"https:\/\/atecordoba.org\/?p=28603","title":{"rendered":"El Ministerio de Trabajo lanza un plan de promoci\u00f3n del empleo para la poblaci\u00f3n trans y travesti en Pymes"},"content":{"rendered":"\n<div class=\"wp-block-image\"><figure class=\"aligncenter size-large is-resized\"><img loading=\"lazy\" decoding=\"async\" src=\"https:\/\/atecordoba.org\/wp-content\/uploads\/2021\/10\/19_10_Talbot_Transgresiones-1024x640.jpg\" alt=\"\" class=\"wp-image-28604\" width=\"768\" height=\"480\"\/><\/figure><\/div>\n\n\n\n<p>En una comunicaci\u00f3n con el programa radial &#8216;Entre todos y Todas&#8217;, que la Secretaria de Prensa de ATE C\u00f3rdoba emite en GEN FM 107.5, el referente del Departamento de G\u00e9neros y Diversidades del Consejo Directivo Provincial, Eugenio Talbot, cont\u00f3 que particip\u00f3 de una reuni\u00f3n en el Ministerio de Trabajo para anoticiarse del programa de empleo joven para al poblaci\u00f3n trans y travesti que est\u00e1 por implementar la cartea laboral.<\/p>\n\n\n\n<p>&#8220;Buena una reuni\u00f3n donde convocaron a referentes del colectivo con funcionarios como Checu Romero que est\u00e1 trabajando fuertemente para la integraci\u00f3n de la poblaci\u00f3n trans y travesti, que para nosotros es muy importante. Tambi\u00e9n se comunicaron Ignacio Bacelica y Mat\u00edas Maggi, para contarnos de un programa de empleo joven denominado \u2018Te sumo\u2019, pensado para que se reactive el trabajo y pensado tambi\u00e9n para Pymes, donde va a haber un incentivo y se va a pagar una parte del sueldo, con reducci\u00f3n de la carga tributaria para las empresas que contraten esta poblaci\u00f3n, en un margen de edad que va de 19 a 24 a\u00f1os&#8221;, cont\u00f3 Talbot.<\/p>\n\n\n\n<p><strong>Territorios en Latinoam\u00e9rica<\/strong><\/p>\n\n\n\n<p>Por otro lado, Talbot cont\u00f3 que fue convocado para ser parte de un conversatorio que organiza la Universidad Arturo Jauretche y la Universidad de Ciencias Humanas de Paris, referido a reg\u00edmenes autoritarios y diversidad sexual en Latinoam\u00e9rica, Argentina, El Salvador y Guatemala. &#8220;El eje es abordar las realidades en los distintos territorios. Es muy interesante lo que hay que plantear sobre Centroam\u00e9rica y la Universidad de Paris muestra una posici\u00f3n pol\u00edtica interesante porque el curso est\u00e1 destinado a estudiantes de Castellano de esa casa de estudios, donde en su curr\u00edcula tienen que aprender sobre los procesos pol\u00edticos en los pa\u00edses de habla hispana en Am\u00e9rica&#8221;.<\/p>\n\n\n\n<p><strong>Vejeces<\/strong><\/p>\n\n\n\n<p>Por \u00faltimo, hoy se llevar\u00e1 a cabo la presentaci\u00f3n del libro \u2018Vejeces y g\u00e9neros: memoria de resistencia, lucha y conquista\u2019, en el canal de Youtube de la Facultad de Trabajo Social de la Universidad Nacional de Buenos Aires (UBA) a las 17 horas. &#8220;Un grupo de personas mayores trans vamos a contar nuestra experiencia de vida&#8221;, relat\u00f3 Talbot.<\/p>\n","protected":false},"excerpt":{"rendered":"<p>En una comunicaci\u00f3n con el programa radial &#8216;Entre todos y Todas&#8217;, que la Secretaria de Prensa de ATE C\u00f3rdoba emite en GEN FM 107.5, el referente del Departamento de G\u00e9neros y Diversidades del Consejo Directivo Provincial, Eugenio Talbot, cont\u00f3 que particip\u00f3 de una reuni\u00f3n en el Ministerio de Trabajo para anoticiarse del programa de empleo [&hellip;]<\/p>\n","protected":false},"author":7,"featured_media":28604,"comment_status":"open","ping_status":"open","sticky":false,"template":"","format":"standard","meta":{"_exactmetrics_skip_tracking":false,"_exactmetrics_sitenote_active":false,"_exactmetrics_sitenote_note":"","_exactmetrics_sitenote_category":0,"jnews-multi-image_gallery":[],"jnews_single_post":{"subtitle":"El programa de empleo joven \u2018Te sumo\u2019 est\u00e1 destinado a Pymes que contraten a poblaci\u00f3n travesti-trans de 19 a 24 a\u00f1os. Desde el organismo convocaron al Director del Departamento de Derechos Humanos de ATE C\u00f3rdoba, Eugenio Talbot, para dar precisiones al respecto.","format":"standard","video":"","gallery":"","source_name":"","source_url":"","via_name":"","via_url":"","override":[{"template":"1","single_blog_custom":"","parallax":"1","fullscreen":"1","layout":"right-sidebar","sidebar":"default-sidebar","second_sidebar":"default-sidebar","sticky_sidebar":"1","share_position":"top","share_float_style":"share-monocrhome","show_share_counter":"1","show_view_counter":"1","show_featured":"1","show_post_meta":"1","show_post_author":"1","show_post_author_image":"1","show_post_date":"1","post_date_format":"default","post_date_format_custom":"Y\/m\/d","show_post_category":"1","post_reading_time_wpm":"300","zoom_button_out_step":"2","zoom_button_in_step":"3","show_post_tag":"1","show_prev_next_post":"1","show_popup_post":"1","number_popup_post":"1"}],"image_override":[{"single_post_thumbnail_size":"crop-500","single_post_gallery_size":"crop-500"}],"trending_post_position":"meta","trending_post_label":"Trending","sponsored_post_label":"Sponsored by","sponsored_post_name":"","sponsored_post_url":"","sponsored_post_logo":"","sponsored_post_desc":""},"jnews_primary_category":{"id":""},"jnews_social_meta":[],"jnews_review":[],"enable_review":"","type":"","name":"","summary":"","brand":"","sku":"","good":[],"bad":[],"score_override":"","override_value":"","rating":[],"price":[],"jnews_override_counter":[],"jnews_post_split":[],"footnotes":""},"categories":[325],"tags":[],"class_list":["post-28603","post","type-post","status-publish","format-standard","has-post-thumbnail","hentry","category-generos-y-diversidades"],"jetpack_featured_media_url":"https:\/\/atecordoba.org\/wp-content\/uploads\/2021\/10\/19_10_Talbot_Transgresiones-e1634822330561.jpg","_links":{"self":[{"href":"https:\/\/atecordoba.org\/index.php?rest_route=\/wp\/v2\/posts\/28603","targetHints":{"allow":["GET"]}}],"collection":[{"href":"https:\/\/atecordoba.org\/index.php?rest_route=\/wp\/v2\/posts"}],"about":[{"href":"https:\/\/atecordoba.org\/index.php?rest_route=\/wp\/v2\/types\/post"}],"author":[{"embeddable":true,"href":"https:\/\/atecordoba.org\/index.php?rest_route=\/wp\/v2\/users\/7"}],"replies":[{"embeddable":true,"href":"https:\/\/atecordoba.org\/index.php?rest_route=%2Fwp%2Fv2%2Fcomments&post=28603"}],"version-history":[{"count":2,"href":"https:\/\/atecordoba.org\/index.php?rest_route=\/wp\/v2\/posts\/28603\/revisions"}],"predecessor-version":[{"id":28606,"href":"https:\/\/atecordoba.org\/index.php?rest_route=\/wp\/v2\/posts\/28603\/revisions\/28606"}],"wp:featuredmedia":[{"embeddable":true,"href":"https:\/\/atecordoba.org\/index.php?rest_route=\/wp\/v2\/media\/28604"}],"wp:attachment":[{"href":"https:\/\/atecordoba.org\/index.php?rest_route=%2Fwp%2Fv2%2Fmedia&parent=28603"}],"wp:term":[{"taxonomy":"category","embeddable":true,"href":"https:\/\/atecordoba.org\/index.php?rest_route=%2Fwp%2Fv2%2Fcategories&post=28603"},{"taxonomy":"post_tag","embeddable":true,"href":"https:\/\/atecordoba.org\/index.php?rest_route=%2Fwp%2Fv2%2Ftags&post=28603"}],"curies":[{"name":"wp","href":"https:\/\/api.w.org\/{rel}","templated":true}]}}