{"id":28592,"date":"2021-10-20T14:58:47","date_gmt":"2021-10-20T17:58:47","guid":{"rendered":"https:\/\/atecordoba.org\/?p=28592"},"modified":"2021-10-20T15:00:25","modified_gmt":"2021-10-20T18:00:25","slug":"martin-cagnani-el-estado-de-la-salud-mental","status":"publish","type":"post","link":"https:\/\/atecordoba.org\/?p=28592","title":{"rendered":"Mart\u00edn Cagnani: el estado de la salud mental"},"content":{"rendered":"\n<div class=\"wp-block-image\"><figure class=\"aligncenter size-large is-resized\"><img loading=\"lazy\" decoding=\"async\" src=\"https:\/\/atecordoba.org\/wp-content\/uploads\/2021\/10\/19_10_Entrevista_Cagnani-1024x640.jpg\" alt=\"\" class=\"wp-image-28593\" width=\"768\" height=\"480\" \/><figcaption>Cagnani (abajo) durante la entrevista via zoom.<\/figcaption><\/figure><\/div>\n\n\n\n<p><a href=\"https:\/\/ar.radiocut.fm\/audiocut\/entrevista-a-martin-cagnani-salud-mental-y-pandemia\/\">Entrevistado <\/a>por el programa radial &#8216;Entre todos y todas&#8217;, que la Secretar\u00eda de Prensa emite por radio GEN FM 107.5 todos los martes de 18 a 20 horas, el m\u00e9dico psiquiatra, referente del espacio &#8216;Salud Mental contra el Terrorismo -o Violencia- de Estado&#8217; y afiliado de ATE de todas las horas, Mart\u00edn Cagnani, se expres\u00f3 sobre las l\u00edneas de acci\u00f3n que se desarrollan en el agitado mundo de la salud mental en C\u00f3rdoba. <\/p>\n\n\n\n<p>&#8220;La pandemia nos traves\u00f3 como sociedad a todos por igual, pero ese efecto generalizado tuvo mejores respuestas donde los pa\u00edses tuvieron la capacidad de dar respuestas colectivas&#8221;, comenz\u00f3 el facultativo.<\/p>\n\n\n\n<p>En ese sentido, Cagnani dijo que &#8220;sin caer en la conspiranoia, sabemos que hay crisis que son generadas y otras que son aprovechadas. Quienes tienen la vaca atada o la sart\u00e9n por el mango, aprovechan esta situaci\u00f3n. El 10 de octubre fue el d\u00eda mundial de la salud mental y la fecha fue buen motivo para analizar si la pandemia increment\u00f3 los efectos en las personas que sufren enfermedades mentales&#8221;. <\/p>\n\n\n\n<p>&#8220;Y lo que hemos visto, los que empujamos por los derechos humano y la salud mental, para transformar la calidad de la atenci\u00f3n desde los efectores estatales y privados, que en situaciones de ajuste se suele responder con m\u00e1s manicomios, cuando estamos pujando precisamente con la desmanicomializaci\u00f3n. Hay que entender al manicomio no como un edificio sino tambi\u00e9n como un pensamiento, una ideolog\u00eda, una l\u00f3gica de pensamiento de las instituciones de salud, donde se estigmatiza a quien tiene sufrimientos subjetivos, emocionales, que atraviesa situaciones disruptivas, de mucha ansiedad o de un sentimiento de incertidumbre muy grande&#8221;.<\/p>\n\n\n\n<p>Por eso se\u00f1al\u00f3 que &#8220;en este momento debemos evitar el punto de vista de la enfermedad y de aquellos que atienden desde la industria de la atenci\u00f3n de estas enfermedades a quienes padecen una situaci\u00f3n de duelo. Est\u00e1n al salto por un bizcocho aquellos que est\u00e1n para psicopatologizar la experiencia dif\u00edcil que estamos viviendo como sociedad&#8221;.<\/p>\n\n\n\n<p>El profesional describi\u00f3 tambi\u00e9n en otro tramo de la entrevista que &#8220;cuando hay situaciones dif\u00edciles para las condiciones de existencia, eso obviamente provoca trastornos que trasciende el proceso de la enfermedad visto desde la medicina. Recordemos a Carrillo cuando hablaba de la tuberculosis y dec\u00eda \u201clas condiciones materiales de la existencia son muy superiores a lo que genera el bacilo, el bichito que produce la enfermedad\u201d. En la salud mental, en condiciones prepand\u00e9micas hab\u00eda quienes se opon\u00edan a los cambios y a poder transformar la mirada hegem\u00f3nica, proveniente de la medicina cl\u00e1sica originada en la cuesti\u00f3n farmacol\u00f3gica sin una mirada integral, se aprovech\u00f3 estos momentos para aumentar justamente esas posiciones&#8221;.<\/p>\n","protected":false},"excerpt":{"rendered":"<p>Entrevistado por el programa radial &#8216;Entre todos y todas&#8217;, que la Secretar\u00eda de Prensa emite por radio GEN FM 107.5 todos los martes de 18 a 20 horas, el m\u00e9dico psiquiatra, referente del espacio &#8216;Salud Mental contra el Terrorismo -o Violencia- de Estado&#8217; y afiliado de ATE de todas las horas, Mart\u00edn Cagnani, se expres\u00f3 [&hellip;]<\/p>\n","protected":false},"author":7,"featured_media":28593,"comment_status":"open","ping_status":"open","sticky":false,"template":"","format":"standard","meta":{"_exactmetrics_skip_tracking":false,"_exactmetrics_sitenote_active":false,"_exactmetrics_sitenote_note":"","_exactmetrics_sitenote_category":0,"jnews-multi-image_gallery":[],"jnews_single_post":{"subtitle":"\"Las condiciones materiales influyen en el impacto de los padecimientos en la salud mental\", dijo el m\u00e9dico psiquiatra.","format":"standard","video":"","gallery":"","source_name":"","source_url":"","via_name":"","via_url":"","override":[{"template":"1","single_blog_custom":"","parallax":"1","fullscreen":"1","layout":"right-sidebar","sidebar":"default-sidebar","second_sidebar":"default-sidebar","sticky_sidebar":"1","share_position":"top","share_float_style":"share-monocrhome","show_share_counter":"1","show_view_counter":"1","show_featured":"1","show_post_meta":"1","show_post_author":"1","show_post_author_image":"1","show_post_date":"1","post_date_format":"default","post_date_format_custom":"Y\/m\/d","show_post_category":"1","post_reading_time_wpm":"300","zoom_button_out_step":"2","zoom_button_in_step":"3","show_post_tag":"1","show_prev_next_post":"1","show_popup_post":"1","number_popup_post":"1"}],"image_override":[{"single_post_thumbnail_size":"crop-500","single_post_gallery_size":"crop-500"}],"trending_post_position":"meta","trending_post_label":"Trending","sponsored_post_label":"Sponsored by","sponsored_post_name":"","sponsored_post_url":"","sponsored_post_logo":"","sponsored_post_desc":""},"jnews_primary_category":{"id":""},"jnews_social_meta":[],"jnews_review":[],"enable_review":"","type":"","name":"","summary":"","brand":"","sku":"","good":[],"bad":[],"score_override":"","override_value":"","rating":[],"price":[],"jnews_override_counter":[],"jnews_post_split":[],"footnotes":""},"categories":[122],"tags":[435],"class_list":["post-28592","post","type-post","status-publish","format-standard","has-post-thumbnail","hentry","category-ddhh","tag-salud-mental"],"jetpack_featured_media_url":"https:\/\/atecordoba.org\/wp-content\/uploads\/2021\/10\/19_10_Entrevista_Cagnani-e1634752717751.jpg","_links":{"self":[{"href":"https:\/\/atecordoba.org\/index.php?rest_route=\/wp\/v2\/posts\/28592","targetHints":{"allow":["GET"]}}],"collection":[{"href":"https:\/\/atecordoba.org\/index.php?rest_route=\/wp\/v2\/posts"}],"about":[{"href":"https:\/\/atecordoba.org\/index.php?rest_route=\/wp\/v2\/types\/post"}],"author":[{"embeddable":true,"href":"https:\/\/atecordoba.org\/index.php?rest_route=\/wp\/v2\/users\/7"}],"replies":[{"embeddable":true,"href":"https:\/\/atecordoba.org\/index.php?rest_route=%2Fwp%2Fv2%2Fcomments&post=28592"}],"version-history":[{"count":2,"href":"https:\/\/atecordoba.org\/index.php?rest_route=\/wp\/v2\/posts\/28592\/revisions"}],"predecessor-version":[{"id":28597,"href":"https:\/\/atecordoba.org\/index.php?rest_route=\/wp\/v2\/posts\/28592\/revisions\/28597"}],"wp:featuredmedia":[{"embeddable":true,"href":"https:\/\/atecordoba.org\/index.php?rest_route=\/wp\/v2\/media\/28593"}],"wp:attachment":[{"href":"https:\/\/atecordoba.org\/index.php?rest_route=%2Fwp%2Fv2%2Fmedia&parent=28592"}],"wp:term":[{"taxonomy":"category","embeddable":true,"href":"https:\/\/atecordoba.org\/index.php?rest_route=%2Fwp%2Fv2%2Fcategories&post=28592"},{"taxonomy":"post_tag","embeddable":true,"href":"https:\/\/atecordoba.org\/index.php?rest_route=%2Fwp%2Fv2%2Ftags&post=28592"}],"curies":[{"name":"wp","href":"https:\/\/api.w.org\/{rel}","templated":true}]}}