{"id":28568,"date":"2021-10-18T15:36:38","date_gmt":"2021-10-18T18:36:38","guid":{"rendered":"https:\/\/atecordoba.org\/?p=28568"},"modified":"2021-10-19T09:25:15","modified_gmt":"2021-10-19T12:25:15","slug":"charla-mujeres-en-lucha-por-la-soberania-productiva","status":"publish","type":"post","link":"https:\/\/atecordoba.org\/?p=28568","title":{"rendered":"Charla: Mujeres en lucha por la soberan\u00eda productiva"},"content":{"rendered":"\n<div class=\"wp-block-image\"><figure class=\"aligncenter size-large is-resized\"><img loading=\"lazy\" decoding=\"async\" src=\"https:\/\/atecordoba.org\/wp-content\/uploads\/2021\/10\/WhatsApp-Image-2021-10-14-at-19.46.34-1024x600.jpeg\" alt=\"\" class=\"wp-image-28569\" width=\"768\" height=\"450\" \/><\/figure><\/div>\n\n\n\n<p>El jueves pasado, 14 de octubre, a propuesta de las delegadas de Noelia Martino y Anabela Barcena, del Personal Civil de las FFAA, se llev\u00f3 a cabo una charla sobre la inserci\u00f3n de las mujeres en los procesos productivos par la defensa en las industrias estatales, organizada por el Consejo Directivo Provincial (CDP) que cont\u00f3 con la participaci\u00f3n de compa\u00f1eras y compa\u00f1eros de distintos puntos de pa\u00eds. <\/p>\n\n\n\n<p>La actividad estuvo coordinada por la directora del Departamento de G\u00e9neros y Diversidades, Gabriela Alcoba, contando con la presentaci\u00f3n del secretario General de ATE C\u00f3rdoba, Federico Giuliani, y el acompa\u00f1amiento de las y los secretarios generales de las seccionales Rio Tercero, Rio Cuarto y Adelia Mar\u00eda, de la secretaria de Prensa del CDP, Julia Giuliani, del secretario de Formaci\u00f3n , C\u00e9sar Theaux, y el delegado Cymat, Javier Bracamonte.<\/p>\n\n\n\n<p>La charla convoc\u00f3 la disertaci\u00f3n de las compa\u00f1eras Carolina Komar, secretaria general de la Junta Interna de ATE Cnea e integrante de la agrupaci\u00f3n de mujeres de ciencia y t\u00e9cnica, Carolina Antognini, trabajadora del Astillero R\u00edo Santiago y delegada de sector Comedor, Lorena Far\u00edas delegada de ATE en la F\u00e1brica Militar R\u00edo Tercero, sector control de calidad e inspecci\u00f3n mec\u00e1nica y Lucrecia Capello administrativa de Planta de \u00c1cidos de la F\u00e1brica Militar R\u00edo Tercero y afiliada de ATE.<\/p>\n\n\n\n<div class=\"wp-block-image\"><figure class=\"alignright size-large\"><img loading=\"lazy\" decoding=\"async\" width=\"719\" height=\"410\" src=\"https:\/\/atecordoba.org\/wp-content\/uploads\/2021\/10\/WhatsApp-Image-2021-10-14-at-18.36.00.jpeg\" alt=\"\" class=\"wp-image-28570\" srcset=\"https:\/\/atecordoba.org\/wp-content\/uploads\/2021\/10\/WhatsApp-Image-2021-10-14-at-18.36.00.jpeg 719w, https:\/\/atecordoba.org\/wp-content\/uploads\/2021\/10\/WhatsApp-Image-2021-10-14-at-18.36.00-300x171.jpeg 300w\" sizes=\"auto, (max-width: 719px) 100vw, 719px\" \/><\/figure><\/div>\n\n\n\n<p>Como punto de partida de la actividad, <strong>Federico Giuliani<\/strong> destac\u00f3 que &#8220;estas charlas no solo est\u00e1n destinadas a conocer cu\u00e1l es el tipo de trabajo que se hacen en las \u00e1reas productivas del Estado Nacional, sino tambi\u00e9n una caracterizaci\u00f3n del contexto para establecer nuestra pretensi\u00f3n sobre el modelo y el rol del Estado que queremos construir&#8221;.<\/p>\n\n\n\n<p>&#8220;Por eso ya tuvimos dos reuniones sobre el pensamiento estrat\u00e9gico en la defensa nacional para la soberan\u00eda popular, en donde ya discutimos con algunos organismos nacionales que est\u00e1n en C\u00f3rdoba, recordando la importancia que tiene C\u00f3rdoba desde los geopol\u00edtico en la historia para la construcci\u00f3n de un Estado soberano en Argentina. En la provincia hay dependencias estatales que claramente tuvieron incidencia en los desarrollos productivos para la defensa en Argentina, hoy tenemos la mayor proporci\u00f3n de Fabricaciones Militares en C\u00f3rdoba, tenemos la \u00fanica f\u00e1brica de aviones estatal en Latinoam\u00e9rica, tenemos la Conae que hace poco lanz\u00f3 el Arsat al espacio, tenemos Dioxitek la \u00fanica planta que produce Uranio en Argentina, una central nuclear como Embalse, organismos de la tecnolog\u00eda como INTI, como INVAP&#8221;, desatac\u00f3 el dirigente.<\/p>\n\n\n\n<p>Y finaliz\u00f3 su participaci\u00f3n alentando &#8220;esta mirada desde las compa\u00f1eras, construyendo el protagonismo real, en la pr\u00e1ctica, de las mujeres en el aporte a la constituci\u00f3n de un movimiento obrero que aporte a la liberaci\u00f3n nacional, fortaleciendo su mirada desde el feminismo&#8221;.<\/p>\n\n\n\n<p><strong>Noelia Martino<\/strong>, dijo a su vez que &#8220;como integrante de la Corriente Nacional de Estatales Rene Salamanca en ATE, estoy muy orgullosa de poder participar de este espacio, como parte de la lucha incansable que dan las mujeres para no ser relegadas en la historia, esta realidad nos encuentra a muchas que seguimos luchando por una segunda y definitiva independencia argentina. Salimos a la calle a decir que no nos callamos m\u00e1s pero esa frase encierra m\u00e1s que la lucha contra el acoso y el abuso, porque el espacio de la lucha por la soberan\u00eda tambi\u00e9n es nuestro, porque hist\u00f3ricamente nociones como territorio, defensa, modelo de desarrollo, recursos, se encuentran asociados a lo masculino, invisibilizando alas mujeres&#8221;.<\/p>\n\n\n\n<p>Martino afirm\u00f3 que &#8220;nos organizamos para defender la lucha por los recursos, hacemos barcos, damos la pelea por desarrollar tecnolog\u00eda en el \u00e1mbito de la energ\u00eda nuclear, por la soberan\u00eda energ\u00e9tica y la autonom\u00eda tecnol\u00f3gica y estamos en la primera l\u00ednea de trinchera en la lucha contra la pandemia. Las mujeres estamos en cada uno de estos espacios y tenemos mucho que aportar a un proyecto nacional que garantice una vida digna para todos\/as&#8221;.<\/p>\n\n\n\n<div class=\"wp-block-image\"><figure class=\"alignleft size-large is-resized\"><img loading=\"lazy\" decoding=\"async\" src=\"https:\/\/atecordoba.org\/wp-content\/uploads\/2021\/10\/WhatsApp-Image-2021-10-14-at-18.31.41-1024x576.jpeg\" alt=\"\" class=\"wp-image-28571\" width=\"629\" height=\"354\" srcset=\"https:\/\/atecordoba.org\/wp-content\/uploads\/2021\/10\/WhatsApp-Image-2021-10-14-at-18.31.41-1024x576.jpeg 1024w, https:\/\/atecordoba.org\/wp-content\/uploads\/2021\/10\/WhatsApp-Image-2021-10-14-at-18.31.41-300x169.jpeg 300w, https:\/\/atecordoba.org\/wp-content\/uploads\/2021\/10\/WhatsApp-Image-2021-10-14-at-18.31.41-768x432.jpeg 768w, https:\/\/atecordoba.org\/wp-content\/uploads\/2021\/10\/WhatsApp-Image-2021-10-14-at-18.31.41-1536x864.jpeg 1536w, https:\/\/atecordoba.org\/wp-content\/uploads\/2021\/10\/WhatsApp-Image-2021-10-14-at-18.31.41-750x422.jpeg 750w, https:\/\/atecordoba.org\/wp-content\/uploads\/2021\/10\/WhatsApp-Image-2021-10-14-at-18.31.41-1140x641.jpeg 1140w, https:\/\/atecordoba.org\/wp-content\/uploads\/2021\/10\/WhatsApp-Image-2021-10-14-at-18.31.41.jpeg 1600w\" sizes=\"auto, (max-width: 629px) 100vw, 629px\" \/><\/figure><\/div>\n\n\n\n<p>Seguidamente, <strong>Carolina Koma<\/strong>r resalt\u00f3 que &#8220;es muy bueno que como mujeres podamos dar esta discusi\u00f3n y no quedar limitadas a desarrollar protocolos contra la violencia de g\u00e9nero en los lugares de trabajo. Que son necesarios, cosas que tenemos que discutir&#8221;.<\/p>\n\n\n\n<p>&#8220;Como trabajadoras necesitamos dar el debate para una salida liberadora, discutiendo nuevos modelos productivos en la l\u00ednea de la soberan\u00eda energ\u00e9tica y la autonom\u00eda tecnol\u00f3gica nacional. Creemos que esa tecnolog\u00eda debe ser desarrollada de forma estatal, p\u00fablica y orientada a satisfacer las necesidades de nuestro pueblo. En una camino de disminuir la pobreza y mejorar la calidad de vida. Tambi\u00e9n creemos necesario vincular la producci\u00f3n con el cuidado del medio ambiente&#8221;. &nbsp;<\/p>\n\n\n\n<p>Por eso dijo que &#8220;en la CNEA creemos que el desarrollo productivo tiene que ser pensado en condiciones que permitan generar una tecnolog\u00eda conveniente, aprovechando los 70 a\u00f1os de historia y de experiencia acumulada de nuestros cient\u00edficos y tecn\u00f3logos en el \u00e1rea de las centrales nucleares de tipo Candu, que funcionan con uranio natural y agua pesada. Adem\u00e1s, con la experiencia que tenemos con la extensi\u00f3n de la vida \u00fatil de la Central de Embalse y la fabricaci\u00f3n de combustibles de estas centrales&#8221;.<\/p>\n\n\n\n<p>En otro tramo de su exposici\u00f3n, Komar asegur\u00f3 que &#8220;en CNEA hay varios proyectos en desarrollo, entre ellos la construcci\u00f3n del reactor de producci\u00f3n de radio isotopos, en un reactor de Mega 10, que se est\u00e1 construyendo con la idea de generar una producci\u00f3n e radiois\u00f3topos que abastezca no solo a Argentina sino tambi\u00e9n a Latinoam\u00e9rica&#8221;. En el campo de reactores de potencia destac\u00f3 &#8220;el desarrollo del reactor Karem, de dise\u00f1o modular y completamente argentino. Y Planteamos que la miner\u00eda de uranio se tiene que realizar en forma que pueda abastecer a nuestras centrales, para generar una energ\u00eda necesaria par sacar de la pobreza energ\u00e9tica a nuestro pueblo&#8221;.<\/p>\n\n\n\n<p>A su vez, <strong>Lucrecia Capello<\/strong>, relat\u00f3 que &#8220;tras el gobierno de Macri que intent\u00f3 destruir Fabricaciones Militares nos estamos reactivando de a poco, ahora tenemos un contrato por cinco a\u00f1os de producci\u00f3n, se est\u00e1 tomando nuevo personal y se activan las reincorporaciones de los despedidos de ese gobierno&#8221;.<\/p>\n\n\n\n<div class=\"wp-block-image\"><figure class=\"alignright size-large is-resized\"><img loading=\"lazy\" decoding=\"async\" src=\"https:\/\/atecordoba.org\/wp-content\/uploads\/2021\/10\/WhatsApp-Image-2021-10-14-at-18.31.41-4-1024x576.jpeg\" alt=\"\" class=\"wp-image-28572\" width=\"768\" height=\"432\" srcset=\"https:\/\/atecordoba.org\/wp-content\/uploads\/2021\/10\/WhatsApp-Image-2021-10-14-at-18.31.41-4-1024x576.jpeg 1024w, https:\/\/atecordoba.org\/wp-content\/uploads\/2021\/10\/WhatsApp-Image-2021-10-14-at-18.31.41-4-300x169.jpeg 300w, https:\/\/atecordoba.org\/wp-content\/uploads\/2021\/10\/WhatsApp-Image-2021-10-14-at-18.31.41-4-768x432.jpeg 768w, https:\/\/atecordoba.org\/wp-content\/uploads\/2021\/10\/WhatsApp-Image-2021-10-14-at-18.31.41-4-1536x864.jpeg 1536w, https:\/\/atecordoba.org\/wp-content\/uploads\/2021\/10\/WhatsApp-Image-2021-10-14-at-18.31.41-4-750x422.jpeg 750w, https:\/\/atecordoba.org\/wp-content\/uploads\/2021\/10\/WhatsApp-Image-2021-10-14-at-18.31.41-4-1140x641.jpeg 1140w, https:\/\/atecordoba.org\/wp-content\/uploads\/2021\/10\/WhatsApp-Image-2021-10-14-at-18.31.41-4.jpeg 1600w\" sizes=\"auto, (max-width: 768px) 100vw, 768px\" \/><\/figure><\/div>\n\n\n\n<p>La trabajadora coment\u00f3 su inter\u00e9s por &#8220;la mirada geopol\u00edtica, donde tiene que confluir la historia argentina con la latinoamericana, para debatir qu\u00e9 lugar vamos a ocupar en el mundo. Por muchos a\u00f1os nos quisieron hacer creer que no nuestro no serv\u00eda, que solo es \u00fatil lo de afuera. Pero nuestra mano de obra es muy importante y uno de los capitales m\u00e1s importantes que tenemos&#8221;.<\/p>\n\n\n\n<p>Al referirse al lugar de las mujeres en su lugar de trabajo, dijo que &#8220;en el caso de la F\u00e1brica, todav\u00eda tiene una mirada machista ya que nunca hubo mujeres en cargos operativos y productivos. Sino relegadas a cargos administrativos, actualmente sigue siendo igual&#8221;.<\/p>\n\n\n\n<p>Luego fue el turno de <strong>Carolina Antognini<\/strong>, quien cont\u00f3 que el Astillero R\u00edo Santiago &#8220;fue creado en 1953, para construir buques de gran porte para la marina mercante y para la defensa nacional. Hoy son 3100 trabajadores y 340 somos mujeres. Por el 2012 recuperamos nuestro comedor de planta y el jard\u00edn maternal de f\u00e1brica, dos conquistas que permitieron el ingreso de las mujeres. Pero aun somos relegadas a las \u00e1reas de servicio y administrativas&#8221;. <\/p>\n\n\n\n<p>Antognini record\u00f3 que &#8220;en 2006 conseguimos elegir las primeras delegadas mujeres, que nos permiti\u00f3 integrarnos a la organizaci\u00f3n y recuperar derechos que hab\u00edamos perdido, como el pago del rubro mal llamado guarder\u00eda, que la dictadura lo hab\u00eda sacado, el jard\u00edn maternal, y avanzamos en abordar las situaciones cotidianas que afectan a las mujeres en la f\u00e1brica, del d\u00eda a d\u00eda, como el abuso de poder o el acoso, la injusticia a la hora de acceder a un cargo o categor\u00eda jer\u00e1rquico&#8221;. <\/p>\n\n\n\n<div class=\"wp-block-image\"><figure class=\"alignleft size-large is-resized\"><img loading=\"lazy\" decoding=\"async\" src=\"https:\/\/atecordoba.org\/wp-content\/uploads\/2021\/10\/WhatsApp-Image-2021-10-14-at-18.42.37.jpeg\" alt=\"\" class=\"wp-image-28573\" width=\"661\" height=\"373\" srcset=\"https:\/\/atecordoba.org\/wp-content\/uploads\/2021\/10\/WhatsApp-Image-2021-10-14-at-18.42.37.jpeg 728w, https:\/\/atecordoba.org\/wp-content\/uploads\/2021\/10\/WhatsApp-Image-2021-10-14-at-18.42.37-300x169.jpeg 300w\" sizes=\"auto, (max-width: 661px) 100vw, 661px\" \/><\/figure><\/div>\n\n\n\n<p>La delegada comparti\u00f3 que &#8220;la \u00faltima pelea fuerte fue contra el macrismo, que dijo que quer\u00eda dinamitar el astillero, y somos conscientes que quer\u00edan hacerlo con los trabajadores adentro. Nos preparamos un tiempo antes para esa pelea y hoy podemos decir que si el astillero est\u00e1 abierto es por la decisi\u00f3n de las y los trabajadores que pusimos el cuerpo para defender esta f\u00e1brica. Dimos la pelea para poner al astillero y a la industria nacional al servicio de las necesidades de nuestro pueblo. Fuimos avanzando en cobrar las deudas de los rubros que nos sac\u00f3 el macrismo&nbsp; y reactivamos trabajos como la construcci\u00f3n de los buques doble casco Eva Peron y Juana Azurduy para la hermana rep\u00fablica de Venezuela, que estaban paralizados. El lunes hacemos la botadura de la primer Lancha de Instrucci\u00f3n de Cadetes de la Armada (LICA)a de las dos que estamos construyendo para el Ministerio de Defensa. Despu\u00e9s de no construir nada para la defensa nacional durante los \u00faltimos 20 a\u00f1os&#8221;.<\/p>\n\n\n\n<p>Por otro lado, la dirigente bonaerense dijo que &#8220;estamos discutiendo dos aspectos que son centrales para el futuro del Astillero: la salida de la zona franca porque ese estatus creado en el 93 nos impide construir para el mercado interno; y la necesidad de cambiar la figura jur\u00eddica saliendo de la ley de contabilidad de la provincia de Buenos Aires, que dificulta todo el proceso productivo, tanto de producci\u00f3n como de compra de insumos&#8221;.<\/p>\n\n\n\n<p>Por \u00faltimo, habl\u00f3 Lorena Far\u00edas, de F\u00e1brica Militar R\u00edo Tercero, para afirmar que &#8220;las mujeres somos solo el 10% del plantel de la f\u00e1brica. En la reapertura de la escuela de aprendices de este a\u00f1o se ve c\u00f3mo vamos ganado terreno: en el curso de soldador b\u00e1sico hay seis mujeres en un curso de 54, en operadores de procesos qu\u00edmicos 13 de 25 estudiantes son mujeres, hay 9 mujeres de 25 estudiantes en torner\u00eda, y eso es resultado que hoy hay otra visi\u00f3n en la f\u00e1brica sobre la inserci\u00f3n laboral de las mujeres&#8221;.<\/p>\n\n\n\n<p>La charla completa puede verse ingresando <a href=\"https:\/\/www.facebook.com\/atecba\/videos\/353941813189900\">aqu\u00ed<\/a>.<\/p>\n","protected":false},"excerpt":{"rendered":"<p>El jueves pasado, 14 de octubre, a propuesta de las delegadas de Noelia Martino y Anabela Barcena, del Personal Civil de las FFAA, se llev\u00f3 a cabo una charla sobre la inserci\u00f3n de las mujeres en los procesos productivos par la defensa en las industrias estatales, organizada por el Consejo Directivo Provincial (CDP) que cont\u00f3 [&hellip;]<\/p>\n","protected":false},"author":7,"featured_media":28569,"comment_status":"open","ping_status":"open","sticky":false,"template":"","format":"standard","meta":{"_exactmetrics_skip_tracking":false,"_exactmetrics_sitenote_active":false,"_exactmetrics_sitenote_note":"","_exactmetrics_sitenote_category":0,"jnews-multi-image_gallery":[],"jnews_single_post":{"subtitle":"La actividad estuvo co-organizada por el Consejo Directivo Provincial de ATE C\u00f3rdoba y la Corriente Nacional de Estatales Ren\u00e9 Salamanca en ATE.","format":"standard","video":"","gallery":"","source_name":"","source_url":"","via_name":"","via_url":"","override":[{"template":"1","single_blog_custom":"","parallax":"1","fullscreen":"1","layout":"right-sidebar","sidebar":"default-sidebar","second_sidebar":"default-sidebar","sticky_sidebar":"1","share_position":"top","share_float_style":"share-monocrhome","show_share_counter":"1","show_view_counter":"1","show_featured":"1","show_post_meta":"1","show_post_author":"1","show_post_author_image":"1","show_post_date":"1","post_date_format":"default","post_date_format_custom":"Y\/m\/d","show_post_category":"1","post_reading_time_wpm":"300","zoom_button_out_step":"2","zoom_button_in_step":"3","show_post_tag":"1","show_prev_next_post":"1","show_popup_post":"1","number_popup_post":"1"}],"image_override":[{"single_post_thumbnail_size":"crop-500","single_post_gallery_size":"crop-500"}],"trending_post_position":"meta","trending_post_label":"Trending","sponsored_post_label":"Sponsored by","sponsored_post_name":"","sponsored_post_url":"","sponsored_post_logo":"","sponsored_post_desc":""},"jnews_primary_category":{"id":""},"jnews_social_meta":[],"jnews_review":[],"enable_review":"","type":"","name":"","summary":"","brand":"","sku":"","good":[],"bad":[],"score_override":"","override_value":"","rating":[],"price":[],"jnews_override_counter":[],"jnews_post_split":[],"footnotes":""},"categories":[325],"tags":[951],"class_list":["post-28568","post","type-post","status-publish","format-standard","has-post-thumbnail","hentry","category-generos-y-diversidades","tag-mujeres-produccion-para-la-defensa"],"jetpack_featured_media_url":"https:\/\/atecordoba.org\/wp-content\/uploads\/2021\/10\/WhatsApp-Image-2021-10-14-at-19.46.34-e1634582181111.jpeg","_links":{"self":[{"href":"https:\/\/atecordoba.org\/index.php?rest_route=\/wp\/v2\/posts\/28568","targetHints":{"allow":["GET"]}}],"collection":[{"href":"https:\/\/atecordoba.org\/index.php?rest_route=\/wp\/v2\/posts"}],"about":[{"href":"https:\/\/atecordoba.org\/index.php?rest_route=\/wp\/v2\/types\/post"}],"author":[{"embeddable":true,"href":"https:\/\/atecordoba.org\/index.php?rest_route=\/wp\/v2\/users\/7"}],"replies":[{"embeddable":true,"href":"https:\/\/atecordoba.org\/index.php?rest_route=%2Fwp%2Fv2%2Fcomments&post=28568"}],"version-history":[{"count":5,"href":"https:\/\/atecordoba.org\/index.php?rest_route=\/wp\/v2\/posts\/28568\/revisions"}],"predecessor-version":[{"id":28579,"href":"https:\/\/atecordoba.org\/index.php?rest_route=\/wp\/v2\/posts\/28568\/revisions\/28579"}],"wp:featuredmedia":[{"embeddable":true,"href":"https:\/\/atecordoba.org\/index.php?rest_route=\/wp\/v2\/media\/28569"}],"wp:attachment":[{"href":"https:\/\/atecordoba.org\/index.php?rest_route=%2Fwp%2Fv2%2Fmedia&parent=28568"}],"wp:term":[{"taxonomy":"category","embeddable":true,"href":"https:\/\/atecordoba.org\/index.php?rest_route=%2Fwp%2Fv2%2Fcategories&post=28568"},{"taxonomy":"post_tag","embeddable":true,"href":"https:\/\/atecordoba.org\/index.php?rest_route=%2Fwp%2Fv2%2Ftags&post=28568"}],"curies":[{"name":"wp","href":"https:\/\/api.w.org\/{rel}","templated":true}]}}