{"id":28564,"date":"2021-10-18T10:00:02","date_gmt":"2021-10-18T13:00:02","guid":{"rendered":"https:\/\/atecordoba.org\/?p=28564"},"modified":"2021-10-18T10:00:59","modified_gmt":"2021-10-18T13:00:59","slug":"ate-se-reunion-con-autoridades-del-aeropuerto-rio-cuarto","status":"publish","type":"post","link":"https:\/\/atecordoba.org\/?p=28564","title":{"rendered":"ATE se reuni\u00f3 con autoridades del Aeropuerto R\u00edo Cuarto"},"content":{"rendered":"\n<div class=\"wp-block-image\"><figure class=\"aligncenter size-large\"><img loading=\"lazy\" decoding=\"async\" width=\"1024\" height=\"540\" src=\"https:\/\/atecordoba.org\/wp-content\/uploads\/2021\/10\/asamblea-anac-rio-4-1024x540.jpg\" alt=\"\" class=\"wp-image-28565\" \/><\/figure><\/div>\n\n\n\n<p>Carlos Ferreti, integrante de la Comisi\u00f3n Directiva de ATE R\u00edo Cuarto, indic\u00f3 que el pasado 7 de octubre se reunieron con el Director Regional Daniel Luj\u00e1n y con el Jefe del Aeropuerto H\u00e9ctor Galetto.<\/p>\n\n\n\n<p>En la reuni\u00f3n, ATE plante\u00f3 solicitudes y propuestas respecto a la infraestructura del sector, para que sea acorde a las necesidades del Servicio de Salvamento y Extinci\u00f3n de Incendios (SSEI) de la Administraci\u00f3n Nacional de Aviaci\u00f3n Civil (ANAC).<\/p>\n\n\n\n<p>Luego de la audiencia, los trabajadores realizaron una asamblea para analizar lo planteado y las pr\u00f3ximas actividades sectoriales.<\/p>\n","protected":false},"excerpt":{"rendered":"<p>Carlos Ferreti, integrante de la Comisi\u00f3n Directiva de ATE R\u00edo Cuarto, indic\u00f3 que el pasado 7 de octubre se reunieron con el Director Regional Daniel Luj\u00e1n y con el Jefe del Aeropuerto H\u00e9ctor Galetto. En la reuni\u00f3n, ATE plante\u00f3 solicitudes y propuestas respecto a la infraestructura del sector, para que sea acorde a las necesidades [&hellip;]<\/p>\n","protected":false},"author":7,"featured_media":28565,"comment_status":"open","ping_status":"open","sticky":false,"template":"","format":"standard","meta":{"_exactmetrics_skip_tracking":false,"_exactmetrics_sitenote_active":false,"_exactmetrics_sitenote_note":"","_exactmetrics_sitenote_category":0,"jnews-multi-image_gallery":[],"jnews_single_post":{"subtitle":"Se reclam\u00f3 por infraestructura en el sector.","format":"standard","video":"","gallery":"","source_name":"","source_url":"","via_name":"","via_url":"","override":[{"template":"1","single_blog_custom":"","parallax":"1","fullscreen":"1","layout":"right-sidebar","sidebar":"default-sidebar","second_sidebar":"default-sidebar","sticky_sidebar":"1","share_position":"top","share_float_style":"share-monocrhome","show_share_counter":"1","show_view_counter":"1","show_featured":"1","show_post_meta":"1","show_post_author":"1","show_post_author_image":"1","show_post_date":"1","post_date_format":"default","post_date_format_custom":"Y\/m\/d","show_post_category":"1","post_reading_time_wpm":"300","zoom_button_out_step":"2","zoom_button_in_step":"3","show_post_tag":"1","show_prev_next_post":"1","show_popup_post":"1","number_popup_post":"1"}],"image_override":[{"single_post_thumbnail_size":"crop-500","single_post_gallery_size":"crop-500"}],"trending_post_position":"meta","trending_post_label":"Trending","sponsored_post_label":"Sponsored by","sponsored_post_name":"","sponsored_post_url":"","sponsored_post_logo":"","sponsored_post_desc":""},"jnews_primary_category":{"id":""},"jnews_social_meta":[],"jnews_review":[],"enable_review":"","type":"","name":"","summary":"","brand":"","sku":"","good":[],"bad":[],"score_override":"","override_value":"","rating":[],"price":[],"jnews_override_counter":[],"jnews_post_split":[],"footnotes":""},"categories":[18],"tags":[950],"class_list":["post-28564","post","type-post","status-publish","format-standard","has-post-thumbnail","hentry","category-nacionales","tag-anac-rio-cuarto"],"jetpack_featured_media_url":"https:\/\/atecordoba.org\/wp-content\/uploads\/2021\/10\/asamblea-anac-rio-4-e1634561987345.jpg","_links":{"self":[{"href":"https:\/\/atecordoba.org\/index.php?rest_route=\/wp\/v2\/posts\/28564","targetHints":{"allow":["GET"]}}],"collection":[{"href":"https:\/\/atecordoba.org\/index.php?rest_route=\/wp\/v2\/posts"}],"about":[{"href":"https:\/\/atecordoba.org\/index.php?rest_route=\/wp\/v2\/types\/post"}],"author":[{"embeddable":true,"href":"https:\/\/atecordoba.org\/index.php?rest_route=\/wp\/v2\/users\/7"}],"replies":[{"embeddable":true,"href":"https:\/\/atecordoba.org\/index.php?rest_route=%2Fwp%2Fv2%2Fcomments&post=28564"}],"version-history":[{"count":2,"href":"https:\/\/atecordoba.org\/index.php?rest_route=\/wp\/v2\/posts\/28564\/revisions"}],"predecessor-version":[{"id":28567,"href":"https:\/\/atecordoba.org\/index.php?rest_route=\/wp\/v2\/posts\/28564\/revisions\/28567"}],"wp:featuredmedia":[{"embeddable":true,"href":"https:\/\/atecordoba.org\/index.php?rest_route=\/wp\/v2\/media\/28565"}],"wp:attachment":[{"href":"https:\/\/atecordoba.org\/index.php?rest_route=%2Fwp%2Fv2%2Fmedia&parent=28564"}],"wp:term":[{"taxonomy":"category","embeddable":true,"href":"https:\/\/atecordoba.org\/index.php?rest_route=%2Fwp%2Fv2%2Fcategories&post=28564"},{"taxonomy":"post_tag","embeddable":true,"href":"https:\/\/atecordoba.org\/index.php?rest_route=%2Fwp%2Fv2%2Ftags&post=28564"}],"curies":[{"name":"wp","href":"https:\/\/api.w.org\/{rel}","templated":true}]}}