{"id":28556,"date":"2021-10-15T14:59:39","date_gmt":"2021-10-15T17:59:39","guid":{"rendered":"https:\/\/atecordoba.org\/?p=28556"},"modified":"2021-10-16T22:31:59","modified_gmt":"2021-10-17T01:31:59","slug":"dia-de-la-madre-dos-enfermeras-madre-e-hija-apasionadas-por-la-enfermeria","status":"publish","type":"post","link":"https:\/\/atecordoba.org\/?p=28556","title":{"rendered":"D\u00eda de la Madre: dos enfermeras, madre e hija, apasionadas por la enfermer\u00eda"},"content":{"rendered":"\n<div class=\"wp-block-image\"><figure class=\"aligncenter size-large\"><img decoding=\"async\" src=\"https:\/\/atecordoba.org\/wp-content\/uploads\/2021\/10\/dia-madre_enfermeras.jpg\" alt=\"\" class=\"wp-image-28557\"\/><\/figure><\/div>\n\n\n\n<p>En el canal de televisi\u00f3n riocuartense Telediario Digital se realiz\u00f3 ayer una entrevista conjunta a dos enfermeras, madre e hija, que asumen con pasi\u00f3n la profesi\u00f3n de enfermeras y que relataron su experiencia de vida, para tener presente el acto de cari\u00f1o que es significa atender pacientes en pandemia como vocaci\u00f3n de vida. <\/p>\n\n\n\n<p>Se trata de Patricia Gotelli, la mam\u00e1, y Ana Paula Rivarola, enfermeras profesionales que se desempe\u00f1an en el Centro de Salud Municipal de R\u00edo Cuarto. Patricia tiene larga trayectoria en el cuidado y atenci\u00f3n profesional de pacientes, en tanto Ana Paula se recibi\u00f3 de enfermera en plena pandemia y tuvo en suerte aplicarle las dosis de la vacuna contra el Covid -19 a su pap\u00e1 y a sus abuelos. <\/p>\n\n\n\n<p>A ambas, como el resto de los municipales les toca sufrir las inclemencias de los magros salarios del sector.<\/p>\n\n\n\n<p>As\u00ed y todo, consultada como fue que su hija abraz\u00f3 la misma profesi\u00f3n que la madre, Patricia aventur\u00f3 que &#8220;vi\u00e9ndome, ella absorbi\u00f3 la pasi\u00f3n que le pongo a esta profesi\u00f3n. Es que, si naciera 10 veces, igual cantidad de veces ser\u00eda enfermera&#8221;.<\/p>\n\n\n\n<p>A su vez, Ana Paula reconoce la enfermer\u00eda &#8220;que es una profesi\u00f3n muy linda que ayuda a las personas. Para m\u00ed fue muy importante tener la posibilidad de vacunar a mi familia como lo hice con tanto vecinos de nuestra ciudad&#8221;. <\/p>\n\n\n\n<p>Ambas agradecieron al canal de televisi\u00f3n por reconocer la profesi\u00f3n de enfermer\u00eda y pidieron seguir cuid\u00e1ndose contra la pandemia &#8220;tanto como lo hicieron hasta ahora. Nosotras en alguna medida arriesgamos nuestra vida y en este D\u00eda de la Madre valoramos mucho mas el cari\u00f1o de este reconocimiento&#8221;, concluy\u00f3 la enfermera.<\/p>\n","protected":false},"excerpt":{"rendered":"<p>En el canal de televisi\u00f3n riocuartense Telediario Digital se realiz\u00f3 ayer una entrevista conjunta a dos enfermeras, madre e hija, que asumen con pasi\u00f3n la profesi\u00f3n de enfermeras y que relataron su experiencia de vida, para tener presente el acto de cari\u00f1o que es significa atender pacientes en pandemia como vocaci\u00f3n de vida. Se trata [&hellip;]<\/p>\n","protected":false},"author":7,"featured_media":28557,"comment_status":"open","ping_status":"open","sticky":false,"template":"","format":"standard","meta":{"_exactmetrics_skip_tracking":false,"_exactmetrics_sitenote_active":false,"_exactmetrics_sitenote_note":"","_exactmetrics_sitenote_category":0,"jnews-multi-image_gallery":[],"jnews_single_post":{"subtitle":"Ambas se desempe\u00f1an en el Centro de Salud Municipal de R\u00edo Cuarto.","format":"standard","video":"","gallery":"","source_name":"","source_url":"","via_name":"","via_url":"","override":[{"template":"1","single_blog_custom":"","parallax":"1","fullscreen":"1","layout":"right-sidebar","sidebar":"default-sidebar","second_sidebar":"default-sidebar","sticky_sidebar":"1","share_position":"top","share_float_style":"share-monocrhome","show_share_counter":"1","show_view_counter":"1","show_featured":"1","show_post_meta":"1","show_post_author":"1","show_post_author_image":"1","show_post_date":"1","post_date_format":"default","post_date_format_custom":"Y\/m\/d","show_post_category":"1","post_reading_time_wpm":"300","zoom_button_out_step":"2","zoom_button_in_step":"3","show_post_tag":"1","show_prev_next_post":"1","show_popup_post":"1","number_popup_post":"1"}],"image_override":[{"single_post_thumbnail_size":"crop-500","single_post_gallery_size":"crop-500"}],"trending_post_position":"meta","trending_post_label":"Trending","sponsored_post_label":"Sponsored by","sponsored_post_name":"","sponsored_post_url":"","sponsored_post_logo":"","sponsored_post_desc":""},"jnews_primary_category":{"id":""},"jnews_social_meta":[],"jnews_review":[],"enable_review":"","type":"","name":"","summary":"","brand":"","sku":"","good":[],"bad":[],"score_override":"","override_value":"","rating":[],"price":[],"jnews_override_counter":[],"jnews_post_split":[],"footnotes":""},"categories":[104,12],"tags":[948,949],"class_list":["post-28556","post","type-post","status-publish","format-standard","has-post-thumbnail","hentry","category-departamento-de-salud","category-rio-cuarto","tag-dia-de-la-madre","tag-enfermeras"],"jetpack_featured_media_url":"https:\/\/atecordoba.org\/wp-content\/uploads\/2021\/10\/dia-madre_enfermeras-e1634320766231.jpg","_links":{"self":[{"href":"https:\/\/atecordoba.org\/index.php?rest_route=\/wp\/v2\/posts\/28556","targetHints":{"allow":["GET"]}}],"collection":[{"href":"https:\/\/atecordoba.org\/index.php?rest_route=\/wp\/v2\/posts"}],"about":[{"href":"https:\/\/atecordoba.org\/index.php?rest_route=\/wp\/v2\/types\/post"}],"author":[{"embeddable":true,"href":"https:\/\/atecordoba.org\/index.php?rest_route=\/wp\/v2\/users\/7"}],"replies":[{"embeddable":true,"href":"https:\/\/atecordoba.org\/index.php?rest_route=%2Fwp%2Fv2%2Fcomments&post=28556"}],"version-history":[{"count":3,"href":"https:\/\/atecordoba.org\/index.php?rest_route=\/wp\/v2\/posts\/28556\/revisions"}],"predecessor-version":[{"id":28563,"href":"https:\/\/atecordoba.org\/index.php?rest_route=\/wp\/v2\/posts\/28556\/revisions\/28563"}],"wp:featuredmedia":[{"embeddable":true,"href":"https:\/\/atecordoba.org\/index.php?rest_route=\/wp\/v2\/media\/28557"}],"wp:attachment":[{"href":"https:\/\/atecordoba.org\/index.php?rest_route=%2Fwp%2Fv2%2Fmedia&parent=28556"}],"wp:term":[{"taxonomy":"category","embeddable":true,"href":"https:\/\/atecordoba.org\/index.php?rest_route=%2Fwp%2Fv2%2Fcategories&post=28556"},{"taxonomy":"post_tag","embeddable":true,"href":"https:\/\/atecordoba.org\/index.php?rest_route=%2Fwp%2Fv2%2Ftags&post=28556"}],"curies":[{"name":"wp","href":"https:\/\/api.w.org\/{rel}","templated":true}]}}