{"id":28550,"date":"2021-10-15T12:33:42","date_gmt":"2021-10-15T15:33:42","guid":{"rendered":"https:\/\/atecordoba.org\/?p=28550"},"modified":"2021-10-15T13:22:52","modified_gmt":"2021-10-15T16:22:52","slug":"eligen-delegadas-en-mendiolaza","status":"publish","type":"post","link":"https:\/\/atecordoba.org\/?p=28550","title":{"rendered":"Eligen delegadas en Mendiolaza"},"content":{"rendered":"\n<div class=\"wp-block-image\"><figure class=\"aligncenter size-large is-resized\"><img loading=\"lazy\" decoding=\"async\" src=\"https:\/\/atecordoba.org\/wp-content\/uploads\/2021\/10\/14_10_Eleccion_Delegada_Mendiolaza-768x1024.jpeg\" alt=\"\" class=\"wp-image-28551\" width=\"384\" height=\"512\" \/><\/figure><\/div>\n\n\n\n<p>Hoy se realiz\u00f3 la elecci\u00f3n de dos delegadas en la Municipalidad de Mendiolaza, Departamento Col\u00f3n, dependiente del Consejo Directivo Provincial (CDP).<\/p>\n\n\n\n<p>En la oportunidad, resultaron electas las compa\u00f1eras Dayana Rold\u00e1n y Mar\u00eda Figueroa. <\/p>\n\n\n\n<p>Al respecto, el titular de la Secretaria Gremial del CDP, Daniel Pawluchuk, dijo que &#8220;estamos creciendo en afiliaciones y ese es el objetivo para abarcar la parte operativa del municipio, sea de Transito y otros servicios que presta la comuna. La apuesta es grande porque creemos que podemos seguir creciendo, por eso pasamos de tener un delegado a contar ahora con dos compa\u00f1eras delegadas&#8221;. <\/p>\n\n\n\n<p>Para el miembro del CDP, es importante destacar que &#8220;poseemos legitimidad, c\u00f3digo de descuento y reconocimiento por parte del intendente y de las y los trabajadores&#8221;.<\/p>\n\n\n\n<p><\/p>\n","protected":false},"excerpt":{"rendered":"<p>Hoy se realiz\u00f3 la elecci\u00f3n de dos delegadas en la Municipalidad de Mendiolaza, Departamento Col\u00f3n, dependiente del Consejo Directivo Provincial (CDP). En la oportunidad, resultaron electas las compa\u00f1eras Dayana Rold\u00e1n y Mar\u00eda Figueroa. Al respecto, el titular de la Secretaria Gremial del CDP, Daniel Pawluchuk, dijo que &#8220;estamos creciendo en afiliaciones y ese es el [&hellip;]<\/p>\n","protected":false},"author":7,"featured_media":28554,"comment_status":"open","ping_status":"open","sticky":false,"template":"","format":"standard","meta":{"_exactmetrics_skip_tracking":false,"_exactmetrics_sitenote_active":false,"_exactmetrics_sitenote_note":"","_exactmetrics_sitenote_category":0,"jnews-multi-image_gallery":[],"jnews_single_post":{"subtitle":"ATE prosigue con la organizaci\u00f3n de las y los municipales en toda la provincia. ","format":"standard","video":"","gallery":"","source_name":"","source_url":"","via_name":"","via_url":"","override":[{"template":"1","single_blog_custom":"","parallax":"1","fullscreen":"1","layout":"right-sidebar","sidebar":"default-sidebar","second_sidebar":"default-sidebar","sticky_sidebar":"1","share_position":"top","share_float_style":"share-monocrhome","show_share_counter":"1","show_view_counter":"1","show_featured":"1","show_post_meta":"1","show_post_author":"1","show_post_author_image":"1","show_post_date":"1","post_date_format":"default","post_date_format_custom":"Y\/m\/d","show_post_category":"1","post_reading_time_wpm":"300","zoom_button_out_step":"2","zoom_button_in_step":"3","show_post_tag":"1","show_prev_next_post":"1","show_popup_post":"1","number_popup_post":"1"}],"image_override":[{"single_post_thumbnail_size":"crop-500","single_post_gallery_size":"crop-500"}],"trending_post_position":"meta","trending_post_label":"Trending","sponsored_post_label":"Sponsored by","sponsored_post_name":"","sponsored_post_url":"","sponsored_post_logo":"","sponsored_post_desc":""},"jnews_primary_category":{"id":""},"jnews_social_meta":[],"jnews_review":[],"enable_review":"","type":"","name":"","summary":"","brand":"","sku":"","good":[],"bad":[],"score_override":"","override_value":"","rating":[],"price":[],"jnews_override_counter":[],"jnews_post_split":[],"footnotes":""},"categories":[20],"tags":[947],"class_list":["post-28550","post","type-post","status-publish","format-standard","has-post-thumbnail","hentry","category-municipales","tag-mendiolaza"],"jetpack_featured_media_url":"https:\/\/atecordoba.org\/wp-content\/uploads\/2021\/10\/delegadas_mendiolaza-1.png","_links":{"self":[{"href":"https:\/\/atecordoba.org\/index.php?rest_route=\/wp\/v2\/posts\/28550","targetHints":{"allow":["GET"]}}],"collection":[{"href":"https:\/\/atecordoba.org\/index.php?rest_route=\/wp\/v2\/posts"}],"about":[{"href":"https:\/\/atecordoba.org\/index.php?rest_route=\/wp\/v2\/types\/post"}],"author":[{"embeddable":true,"href":"https:\/\/atecordoba.org\/index.php?rest_route=\/wp\/v2\/users\/7"}],"replies":[{"embeddable":true,"href":"https:\/\/atecordoba.org\/index.php?rest_route=%2Fwp%2Fv2%2Fcomments&post=28550"}],"version-history":[{"count":2,"href":"https:\/\/atecordoba.org\/index.php?rest_route=\/wp\/v2\/posts\/28550\/revisions"}],"predecessor-version":[{"id":28555,"href":"https:\/\/atecordoba.org\/index.php?rest_route=\/wp\/v2\/posts\/28550\/revisions\/28555"}],"wp:featuredmedia":[{"embeddable":true,"href":"https:\/\/atecordoba.org\/index.php?rest_route=\/wp\/v2\/media\/28554"}],"wp:attachment":[{"href":"https:\/\/atecordoba.org\/index.php?rest_route=%2Fwp%2Fv2%2Fmedia&parent=28550"}],"wp:term":[{"taxonomy":"category","embeddable":true,"href":"https:\/\/atecordoba.org\/index.php?rest_route=%2Fwp%2Fv2%2Fcategories&post=28550"},{"taxonomy":"post_tag","embeddable":true,"href":"https:\/\/atecordoba.org\/index.php?rest_route=%2Fwp%2Fv2%2Ftags&post=28550"}],"curies":[{"name":"wp","href":"https:\/\/api.w.org\/{rel}","templated":true}]}}