{"id":28544,"date":"2021-10-15T11:34:18","date_gmt":"2021-10-15T14:34:18","guid":{"rendered":"https:\/\/atecordoba.org\/?p=28544"},"modified":"2021-10-15T11:34:46","modified_gmt":"2021-10-15T14:34:46","slug":"ministerio-de-trabajo-asamblea-conjunta-de-las-agencias-territoriales-cordoba-y-rio-cuarto-abordo-el-caso-del-acosador","status":"publish","type":"post","link":"https:\/\/atecordoba.org\/?p=28544","title":{"rendered":"Ministerio de Trabajo: asamblea conjunta de las agencias territoriales C\u00f3rdoba y R\u00edo Cuarto abord\u00f3 el caso del acosador"},"content":{"rendered":"\n<div class=\"wp-block-image\"><figure class=\"aligncenter size-large is-resized\"><img loading=\"lazy\" decoding=\"async\" src=\"https:\/\/atecordoba.org\/wp-content\/uploads\/2021\/10\/trabajo.jpg\" alt=\"\" class=\"wp-image-28545\" width=\"600\" height=\"450\" \/><\/figure><\/div>\n\n\n\n<p>Ayer ATE realiz\u00f3 una asamblea de tipo mixto (virtual y presencial) de trabajadoras y trabajadores del Ministerio de Trabajo de la Naci\u00f3n que se desempe\u00f1an en las agencias territoriales de C\u00f3rdoba y R\u00edo Cuarto donde se trat\u00f3 el caso del empleado acosador y violento que recibi\u00f3 el pase a planta permanente a pesar de las sucesivas denuncias que se realizaron oportunamente por m\u00e1s de20 casos en el organismo.<\/p>\n\n\n\n<p>La actividad se llev\u00f3 a cabo con la participaci\u00f3n de los tres delegados Male Berger y Emiliano Navarro, por C\u00f3rdoba, y Eva Velasco, por R\u00edo Cuarto, y cont\u00f3 con la participaci\u00f3n de 23 trabajadoras y trabajadores.<\/p>\n\n\n\n<p>En la oportunidad se hizo referencia a la reuni\u00f3n donde participaron las y los delegados del sector, el jefe de Agencia Territorial C\u00f3rdoba, Ignacio Baselica, la enlace de G\u00e9nero del Ministerio y miembros del CDP ATE C\u00f3rdoba.<\/p>\n\n\n\n<p>En dicho encuentro se elabor\u00f3 un acta donde se expres\u00f3 la necesidad de \u201cdesafectar a la persona que cometi\u00f3 los hechos de acoso y violencia\u201d, colocando como antecedentes: 1) el expediente que se hab\u00eda abierto en 2015 pero actualmente se archiv\u00f3 y 2) resoluci\u00f3n judicial donde el Ministerio de Trabajo expresa que la persona en cuesti\u00f3n tiene un juicio con el Estado y no puede garantizarse su reincorporaci\u00f3n por sus antecedentes de violencia.<\/p>\n\n\n\n<p>Durante la citada reuni\u00f3n, Baselica se comprometi\u00f3 a elevar un informe al subsecretario de Gesti\u00f3n Administrativa en el Ministerio, Marcelo Bufachi, para que se pueda avanzar en una contestaci\u00f3n. Sin embargo, el informe se elev\u00f3 es a la directora General de Gesti\u00f3n de Recursos Humanos, Laura Rua, expresando las actuaciones que realiz\u00f3 como Jefe de Agencia de enviar al violento a un subsuelo y afirmando que la afectada por los hechos de violencia es solo una persona. En definitiva, desconociendo lo actuado por ATE.<\/p>\n\n\n\n<p>Tambi\u00e9n se rese\u00f1\u00f3 que la Junta Interna de ATE Trabajo se reuni\u00f3 con Bufachhi y Rua para reforzar el pedido elevado por nota por las y los delegados y el CDP ATE C\u00f3rdoba, pero no tuvieron una respuesta satisfactoria.<\/p>\n\n\n\n<p>Los funcionarios alegan que no puede apartarse del cargo a la persona cuestionada dado que el expediente del a\u00f1o 2015 no existe y que por respeto al principio de inocencia y debido proceso no pueden hacer nada al respecto.<\/p>\n\n\n\n<p>El delegado Emiliano Navarro coment\u00f3 que desde el CDP ATE C\u00f3rdoba \u201ctienen pendiente una reuni\u00f3n con la referente de g\u00e9nero del MTEySS para plantear el caso\u201d. \u201cSe est\u00e1 pidiendo el teletrabajo en primera instancia y la desafecci\u00f3n del Estado\u201d, remat\u00f3 el delegado.<\/p>\n\n\n\n<p>Luego de un rico e intenso debate se resolvi\u00f3 avanzar en:<\/p>\n\n\n\n<p>1) Reapertura de un sumario contra la persona que ejerci\u00f3 violencia a m\u00e1s de 20 compa\u00f1eras. La presentaci\u00f3n se har\u00e1 con el patrocinio legal (definido por las trabajadoras) y desde las compa\u00f1eras afectadas en primera instancia que deseen sumarse. Se solicitar\u00e1 en el pedido se tenga en cuenta el expediente abierto en 2015 para no revictimizar al conjunto de compa\u00f1eras que ya declararon.<\/p>\n\n\n\n<p>2) Los delegados de la Agencia Territorial C\u00f3rdoba, pedir\u00e1n por nota la actuaci\u00f3n del jefe de Agencia para que pueda ser desafectado la persona violenta hasta tanto se resuelva el nuevo sumario por el peligro inminente de que alguna trabajadora sea acosada o violentada.<\/p>\n\n\n\n<p>3) Se qued\u00f3 en evaluar con el conjunto de compa\u00f1eras afectadas en primera instancia, las presentaciones individuales como colectiva de carta documento al MTEySS responsabilizando a la patronal de garantizar la salud psicof\u00edsica como parte de las condiciones CyMAT. As\u00ed como garantizar un patrocinio legal definido por las compa\u00f1eras.<\/p>\n\n\n\n<p>4) Evaluar en una pr\u00f3xima asamblea una medida de fuerza de visibilizaci\u00f3n para hacer presi\u00f3n que la patronal y que conflicto se saque afuera con una medida de fuerza.<\/p>\n\n\n\n<p>Por \u00faltimo, se pidi\u00f3 que el sector se manifieste en solidaridad con la compa\u00f1era Virgina Ayala, trabajadora provincial de la SENAF que actualmente vive una persecuci\u00f3n con la apertura de un sumario por parte de la patronal<\/p>\n\n\n\n<p><\/p>\n","protected":false},"excerpt":{"rendered":"<p>Ayer ATE realiz\u00f3 una asamblea de tipo mixto (virtual y presencial) de trabajadoras y trabajadores del Ministerio de Trabajo de la Naci\u00f3n que se desempe\u00f1an en las agencias territoriales de C\u00f3rdoba y R\u00edo Cuarto donde se trat\u00f3 el caso del empleado acosador y violento que recibi\u00f3 el pase a planta permanente a pesar de las [&hellip;]<\/p>\n","protected":false},"author":7,"featured_media":28545,"comment_status":"open","ping_status":"open","sticky":false,"template":"","format":"standard","meta":{"_exactmetrics_skip_tracking":false,"_exactmetrics_sitenote_active":false,"_exactmetrics_sitenote_note":"","_exactmetrics_sitenote_category":0,"jnews-multi-image_gallery":[],"jnews_single_post":{"subtitle":"La asamblea reclama su pase a teletrabajo mientras se resuelve su desafectaci\u00f3n. ","format":"standard","video":"","gallery":"","source_name":"","source_url":"","via_name":"","via_url":"","override":[{"template":"1","single_blog_custom":"","parallax":"1","fullscreen":"1","layout":"right-sidebar","sidebar":"default-sidebar","second_sidebar":"default-sidebar","sticky_sidebar":"1","share_position":"top","share_float_style":"share-monocrhome","show_share_counter":"1","show_view_counter":"1","show_featured":"1","show_post_meta":"1","show_post_author":"1","show_post_author_image":"1","show_post_date":"1","post_date_format":"default","post_date_format_custom":"Y\/m\/d","show_post_category":"1","post_reading_time_wpm":"300","zoom_button_out_step":"2","zoom_button_in_step":"3","show_post_tag":"1","show_prev_next_post":"1","show_popup_post":"1","number_popup_post":"1"}],"image_override":[{"single_post_thumbnail_size":"crop-500","single_post_gallery_size":"crop-500"}],"trending_post_position":"meta","trending_post_label":"Trending","sponsored_post_label":"Sponsored by","sponsored_post_name":"","sponsored_post_url":"","sponsored_post_logo":"","sponsored_post_desc":""},"jnews_primary_category":{"id":""},"jnews_social_meta":[],"jnews_review":[],"enable_review":"","type":"","name":"","summary":"","brand":"","sku":"","good":[],"bad":[],"score_override":"","override_value":"","rating":[],"price":[],"jnews_override_counter":[],"jnews_post_split":[],"footnotes":""},"categories":[18],"tags":[338],"class_list":["post-28544","post","type-post","status-publish","format-standard","has-post-thumbnail","hentry","category-nacionales","tag-ministerio-de-trabajo-de-la-nacion"],"jetpack_featured_media_url":"https:\/\/atecordoba.org\/wp-content\/uploads\/2021\/10\/trabajo-e1634308447672.jpg","_links":{"self":[{"href":"https:\/\/atecordoba.org\/index.php?rest_route=\/wp\/v2\/posts\/28544","targetHints":{"allow":["GET"]}}],"collection":[{"href":"https:\/\/atecordoba.org\/index.php?rest_route=\/wp\/v2\/posts"}],"about":[{"href":"https:\/\/atecordoba.org\/index.php?rest_route=\/wp\/v2\/types\/post"}],"author":[{"embeddable":true,"href":"https:\/\/atecordoba.org\/index.php?rest_route=\/wp\/v2\/users\/7"}],"replies":[{"embeddable":true,"href":"https:\/\/atecordoba.org\/index.php?rest_route=%2Fwp%2Fv2%2Fcomments&post=28544"}],"version-history":[{"count":1,"href":"https:\/\/atecordoba.org\/index.php?rest_route=\/wp\/v2\/posts\/28544\/revisions"}],"predecessor-version":[{"id":28546,"href":"https:\/\/atecordoba.org\/index.php?rest_route=\/wp\/v2\/posts\/28544\/revisions\/28546"}],"wp:featuredmedia":[{"embeddable":true,"href":"https:\/\/atecordoba.org\/index.php?rest_route=\/wp\/v2\/media\/28545"}],"wp:attachment":[{"href":"https:\/\/atecordoba.org\/index.php?rest_route=%2Fwp%2Fv2%2Fmedia&parent=28544"}],"wp:term":[{"taxonomy":"category","embeddable":true,"href":"https:\/\/atecordoba.org\/index.php?rest_route=%2Fwp%2Fv2%2Fcategories&post=28544"},{"taxonomy":"post_tag","embeddable":true,"href":"https:\/\/atecordoba.org\/index.php?rest_route=%2Fwp%2Fv2%2Ftags&post=28544"}],"curies":[{"name":"wp","href":"https:\/\/api.w.org\/{rel}","templated":true}]}}