{"id":2854,"date":"2013-06-06T15:19:13","date_gmt":"2013-06-06T18:19:13","guid":{"rendered":"http:\/\/www.atecordoba.org\/?p=2854"},"modified":"2020-06-09T16:58:34","modified_gmt":"2020-06-09T19:58:34","slug":"rio-cuarto-ate-inauguro-un-policonsultorio-para-los-afiliados","status":"publish","type":"post","link":"https:\/\/atecordoba.org\/?p=2854","title":{"rendered":"R\u00edo Cuarto: ATE inaugur\u00f3 un policonsultorio para los afiliados"},"content":{"rendered":"<p><em>El d\u00eda martes 04 de mayo, se llev\u00f3 a cabo en la sede local de ATE R\u00edo Cuarto, la inauguraci\u00f3n del Policonsultorio \u201cIrma Laciar de Carrica\u201d, con la intenci\u00f3n de llevar a los afiliados la atenci\u00f3n m\u00e9dica en especialidades poco accesibles para el trabajador com\u00fan, como lo es: psicolog\u00eda, estimulaci\u00f3n temprana, psicopedagog\u00eda, pediatr\u00eda y medicina cl\u00ednica.<\/em><\/p>\n<p><a href=\"http:\/\/atecordoba.org\/wp-content\/uploads\/2020\/06\/fede-giuliani.jpg\"><img loading=\"lazy\" decoding=\"async\" class=\"aligncenter size-full wp-image-2855\" title=\"fede giuliani\" src=\"http:\/\/atecordoba.org\/wp-content\/uploads\/2020\/06\/fede-giuliani.jpg\" alt=\"\" width=\"300\" height=\"225\" \/><\/a><\/p>\n<p>El acto cont\u00f3 con la presencia de Norma \u201cMagui\u201d Gabosi, coordinadora del Policonsultorio y miembro de la Comisi\u00f3n Directiva del gremio, Federico Giuliani, Secretario General de ATE y CTA R\u00edo Cuarto, Secretario General provincial CISPREN, Carlos Valduvino, \u00c1ngel Ludue\u00f1a Secretario CISPREN R\u00edo Cuarto, miembros de la Asociaci\u00f3n Agentes de Propaganda Medica, Marcelo Esp\u00edndola Secretario General AGTPAC, Juan Carlos Giuliani Secretario de Relaciones Institucionales de la CTA Nacional, y dem\u00e1s compa\u00f1eros de diferentes localidades y gremios. La presentaci\u00f3n estuvo a cargo de Julia Giuliani, secretaria de Prensa de ATE R\u00edo Cuarto, qui\u00e9n adem\u00e1s de nombrar a los presentes hizo llegar los <a href=\"http:\/\/atecordoba.org\/wp-content\/uploads\/2020\/06\/1_4.jpg\"><img loading=\"lazy\" decoding=\"async\" class=\"alignleft size-full wp-image-2856\" title=\"4\" src=\"http:\/\/atecordoba.org\/wp-content\/uploads\/2020\/06\/1_4.jpg\" alt=\"\" width=\"225\" height=\"300\" \/><\/a>saludos de la Comisi\u00f3n Directiva de AGD (Asociaci\u00f3n Gremial de Docentes Universitarios), de V\u00edctor De Gennaro referente de ATE y CTA y actual Diputado Nacional, y los saludos de compa\u00f1eros de ATE de distintas localidades del sur provincial. H\u00e9ctor Carrica hijo de Irma y Luis Laciar, su hermano hicieron llegar a tan importante acontecimiento sus saludos y felicitaciones.<\/p>\n<p>En palabras de Magui Gabosi,\u201desto fue un sue\u00f1o, cuando empec\u00e9 a militar el ATE, encontr\u00e9 un equipo de trabajo muy lindo, me sum\u00e9, y ah\u00ed empezamos a so\u00f1ar el consultorio para cuando tuvi\u00e9ramos una casa grande, y hoy tenemos la casa y el consultorio; hoy empezamos con algo muy chiquito, pero muy grande, especialidades que se dar\u00e1n por la tarde, cada profesional con un d\u00eda, m\u00e1s adelante, la idea es ampliar los horarios y los tiempos de atenci\u00f3n, en la medida que haya demanda y que se pueda ir construyendo un poco m\u00e1s todo\u201d.<\/p>\n<p>Este espacio servir\u00e1 para la atenci\u00f3n de todos los afiliados, de R\u00edo Cuarto y la zona de influencia, lo que refleja un hecho hist\u00f3rico para el gremio, como bien lo marca su Secretario: \u201cATE nunca en R\u00edo Cuarto tuvo \u00e9sta perspectiva de\u00a0 poder generar la posibilidad y la accesibilidad de los trabajadores afiliados a utilizar \u00e9ste servicio, que tenga que ver con la salud, sobre todo con la salud, con perspectiva de prevenci\u00f3n y lo hacemos enmarcando a \u00e9sta jornada hist\u00f3rica, homenajeando a una trabajadora mujer, luchadora incansable por la salud p\u00fablica , defensora de los pobres y delegada hist\u00f3rica de ATE\u201d.<\/p>\n<p>Precisamente, Irma Carrica, fue una cordobesa, de la localidad de Sampacho, docente de Enfermer\u00eda, Directora de la Escuela de Enfermer\u00eda del \u00a0Ministerio de Salud P\u00fablica de la Naci\u00f3n. Durante la d\u00e9cada del 50 comenz\u00f3 su actividad gremial en ATE, siendo la delegada en sus lugares de <a href=\"http:\/\/atecordoba.org\/wp-content\/uploads\/2020\/06\/31.jpg\"><img loading=\"lazy\" decoding=\"async\" class=\"alignright size-full wp-image-2858\" title=\"3\" src=\"http:\/\/atecordoba.org\/wp-content\/uploads\/2020\/06\/31.jpg\" alt=\"\" width=\"300\" height=\"225\" \/><\/a>trabajo.<\/p>\n<p>Particip\u00f3 como docente en las c\u00e1tedras de medicina para el trabajo e integr\u00f3 el equipo de Derechos Humanos de la CGT para los argentinos. Durante el gobierno de Isabel Per\u00f3n fue despedida y comenz\u00f3 a ser perseguida por la Triple A. Se ocup\u00f3 de brindar apoyo a los familiares de los presos pol\u00edticos y colabor\u00f3 en la b\u00fasqueda de los desaparecidos, hasta que un grupo de tareas la secuestr\u00f3 el 18 de abril de 1977, siendo una de los 147 trabajadores desaparecidos que tuvo ATE durante la \u00faltima dictadura c\u00edvico- militar. Como remarc\u00f3 Giuliani en su presentaci\u00f3n de este nuevo derecho para los afiliados y sus familias, ya que la salud no es un negocio, ni un servicio ni un bien mercantil,\u00a0 sino que es un derecho.<\/p>\n<p><em>Finalmente el Secretario General de ATE R\u00edo Cuarto remarc\u00f3 que \u201cdebemos seguir el ejemplo de aquellos compa\u00f1eros detenidos y desaparecidos durante la \u00faltima dictadura que dieron su vida por un proyecto de liberaci\u00f3n nacional, porque como dijo Irma Laciar de Carrica quien no dio todo, no dio nada\u201d.<\/em><\/p>\n<div id='gallery_1' class='gallery galleryid-2854 gallery-columns-2 gallery-size-thumbnail'><figure class='gallery-item'>\n                <div class='gallery-icon landscape'>\n                    <a href='https:\/\/atecordoba.org\/wp-content\/uploads\/2020\/06\/fede-giuliani.jpg'><img loading=\"lazy\" decoding=\"async\" width=\"150\" height=\"150\" src=\"\" class=\"attachment-thumbnail size-thumbnail lazyload\" alt=\"\" data-src=\"https:\/\/atecordoba.org\/wp-content\/uploads\/2020\/06\/fede-giuliani-150x150.jpg\" data-sizes=\"auto\" data-srcset=\"https:\/\/atecordoba.org\/wp-content\/uploads\/2020\/06\/fede-giuliani-150x150.jpg 150w, https:\/\/atecordoba.org\/wp-content\/uploads\/2020\/06\/fede-giuliani-75x75.jpg 75w\" data-expand=\"700\" \/><\/a>\n                <\/div><\/figure><figure class='gallery-item'>\n                <div class='gallery-icon portrait'>\n                    <a href='https:\/\/atecordoba.org\/wp-content\/uploads\/2020\/06\/1_4.jpg'><img loading=\"lazy\" decoding=\"async\" width=\"150\" height=\"150\" src=\"\" class=\"attachment-thumbnail size-thumbnail lazyload\" alt=\"\" data-src=\"https:\/\/atecordoba.org\/wp-content\/uploads\/2020\/06\/1_4-150x150.jpg\" data-sizes=\"auto\" data-srcset=\"https:\/\/atecordoba.org\/wp-content\/uploads\/2020\/06\/1_4-150x150.jpg 150w, https:\/\/atecordoba.org\/wp-content\/uploads\/2020\/06\/1_4-75x75.jpg 75w\" data-expand=\"700\" \/><\/a>\n                <\/div><\/figure><br style=\"clear: both\" \/><figure class='gallery-item'>\n                <div class='gallery-icon landscape'>\n                    <a href='https:\/\/atecordoba.org\/wp-content\/uploads\/2020\/06\/31.jpg'><img loading=\"lazy\" decoding=\"async\" width=\"150\" height=\"150\" src=\"\" class=\"attachment-thumbnail size-thumbnail lazyload\" alt=\"\" data-src=\"https:\/\/atecordoba.org\/wp-content\/uploads\/2020\/06\/31-150x150.jpg\" data-sizes=\"auto\" data-srcset=\"https:\/\/atecordoba.org\/wp-content\/uploads\/2020\/06\/31-150x150.jpg 150w, https:\/\/atecordoba.org\/wp-content\/uploads\/2020\/06\/31-75x75.jpg 75w\" data-expand=\"700\" \/><\/a>\n                <\/div><\/figure>\n                <br style='clear: both' \/>\n            <\/div>\n\n","protected":false},"excerpt":{"rendered":"<p>El d\u00eda martes 04 de mayo, se llev\u00f3 a cabo en la sede local de ATE R\u00edo Cuarto, la inauguraci\u00f3n del Policonsultorio \u201cIrma Laciar de Carrica\u201d, con la intenci\u00f3n de llevar a los afiliados la atenci\u00f3n m\u00e9dica en especialidades poco accesibles para el trabajador com\u00fan, como lo es: psicolog\u00eda, estimulaci\u00f3n temprana, psicopedagog\u00eda, pediatr\u00eda y medicina [&hellip;]<\/p>\n","protected":false},"author":1,"featured_media":19220,"comment_status":"open","ping_status":"open","sticky":false,"template":"","format":"standard","meta":{"_exactmetrics_skip_tracking":false,"_exactmetrics_sitenote_active":false,"_exactmetrics_sitenote_note":"","_exactmetrics_sitenote_category":0,"jnews-multi-image_gallery":[],"jnews_single_post":[],"jnews_primary_category":[],"jnews_social_meta":[],"jnews_review":[],"enable_review":"","type":"","name":"","summary":"","brand":"","sku":"","good":[],"bad":[],"score_override":"","override_value":"","rating":[],"price":[],"jnews_override_counter":[],"jnews_post_split":[],"footnotes":""},"categories":[75,20,12,34],"tags":[],"class_list":["post-2854","post","type-post","status-publish","format-standard","has-post-thumbnail","hentry","category-accion-social","category-municipales","category-rio-cuarto","category-seccionales"],"jetpack_featured_media_url":"https:\/\/atecordoba.org\/wp-content\/uploads\/2020\/05\/logo-nuevochico-e1561581322808.png","_links":{"self":[{"href":"https:\/\/atecordoba.org\/index.php?rest_route=\/wp\/v2\/posts\/2854","targetHints":{"allow":["GET"]}}],"collection":[{"href":"https:\/\/atecordoba.org\/index.php?rest_route=\/wp\/v2\/posts"}],"about":[{"href":"https:\/\/atecordoba.org\/index.php?rest_route=\/wp\/v2\/types\/post"}],"author":[{"embeddable":true,"href":"https:\/\/atecordoba.org\/index.php?rest_route=\/wp\/v2\/users\/1"}],"replies":[{"embeddable":true,"href":"https:\/\/atecordoba.org\/index.php?rest_route=%2Fwp%2Fv2%2Fcomments&post=2854"}],"version-history":[{"count":1,"href":"https:\/\/atecordoba.org\/index.php?rest_route=\/wp\/v2\/posts\/2854\/revisions"}],"predecessor-version":[{"id":20177,"href":"https:\/\/atecordoba.org\/index.php?rest_route=\/wp\/v2\/posts\/2854\/revisions\/20177"}],"wp:featuredmedia":[{"embeddable":true,"href":"https:\/\/atecordoba.org\/index.php?rest_route=\/wp\/v2\/media\/19220"}],"wp:attachment":[{"href":"https:\/\/atecordoba.org\/index.php?rest_route=%2Fwp%2Fv2%2Fmedia&parent=2854"}],"wp:term":[{"taxonomy":"category","embeddable":true,"href":"https:\/\/atecordoba.org\/index.php?rest_route=%2Fwp%2Fv2%2Fcategories&post=2854"},{"taxonomy":"post_tag","embeddable":true,"href":"https:\/\/atecordoba.org\/index.php?rest_route=%2Fwp%2Fv2%2Ftags&post=2854"}],"curies":[{"name":"wp","href":"https:\/\/api.w.org\/{rel}","templated":true}]}}