{"id":28525,"date":"2021-10-15T09:51:19","date_gmt":"2021-10-15T12:51:19","guid":{"rendered":"https:\/\/atecordoba.org\/?p=28525"},"modified":"2021-10-15T09:52:13","modified_gmt":"2021-10-15T12:52:13","slug":"ate-acompana-el-proyecto-municipal-para-impulsar-la-educacion-universitaria-en-la-ciudad","status":"publish","type":"post","link":"https:\/\/atecordoba.org\/?p=28525","title":{"rendered":"ATE acompa\u00f1a el proyecto municipal para impulsar la educaci\u00f3n universitaria en la ciudad"},"content":{"rendered":"\n<figure class=\"wp-block-gallery columns-3 is-cropped wp-block-gallery-1 is-layout-flex wp-block-gallery-is-layout-flex\"><ul class=\"blocks-gallery-grid\"><li class=\"blocks-gallery-item\"><figure><a href=\"https:\/\/atecordoba.org\/wp-content\/uploads\/2021\/10\/FB_IMG_1634297109814.jpg\"><img loading=\"lazy\" decoding=\"async\" width=\"720\" height=\"480\" src=\"https:\/\/atecordoba.org\/wp-content\/uploads\/2021\/10\/FB_IMG_1634297109814.jpg\" alt=\"\" data-id=\"28526\" data-full-url=\"https:\/\/atecordoba.org\/wp-content\/uploads\/2021\/10\/FB_IMG_1634297109814.jpg\" data-link=\"https:\/\/atecordoba.org\/?attachment_id=28526\" class=\"wp-image-28526\" srcset=\"https:\/\/atecordoba.org\/wp-content\/uploads\/2021\/10\/FB_IMG_1634297109814.jpg 720w, https:\/\/atecordoba.org\/wp-content\/uploads\/2021\/10\/FB_IMG_1634297109814-300x200.jpg 300w\" sizes=\"auto, (max-width: 720px) 100vw, 720px\" \/><\/a><\/figure><\/li><li class=\"blocks-gallery-item\"><figure><a href=\"https:\/\/atecordoba.org\/wp-content\/uploads\/2021\/10\/FB_IMG_1634297112804.jpg\"><img decoding=\"async\" src=\"https:\/\/atecordoba.org\/wp-content\/uploads\/2021\/10\/FB_IMG_1634297112804.jpg\" alt=\"\" data-id=\"28527\" data-full-url=\"https:\/\/atecordoba.org\/wp-content\/uploads\/2021\/10\/FB_IMG_1634297112804.jpg\" data-link=\"https:\/\/atecordoba.org\/?attachment_id=28527\" class=\"wp-image-28527\" \/><\/a><\/figure><\/li><li class=\"blocks-gallery-item\"><figure><a href=\"https:\/\/atecordoba.org\/wp-content\/uploads\/2021\/10\/FB_IMG_1634297106714.jpg\"><img loading=\"lazy\" decoding=\"async\" width=\"720\" height=\"480\" src=\"https:\/\/atecordoba.org\/wp-content\/uploads\/2021\/10\/FB_IMG_1634297106714.jpg\" alt=\"\" data-id=\"28528\" data-full-url=\"https:\/\/atecordoba.org\/wp-content\/uploads\/2021\/10\/FB_IMG_1634297106714.jpg\" data-link=\"https:\/\/atecordoba.org\/?attachment_id=28528\" class=\"wp-image-28528\" srcset=\"https:\/\/atecordoba.org\/wp-content\/uploads\/2021\/10\/FB_IMG_1634297106714.jpg 720w, https:\/\/atecordoba.org\/wp-content\/uploads\/2021\/10\/FB_IMG_1634297106714-300x200.jpg 300w\" sizes=\"auto, (max-width: 720px) 100vw, 720px\" \/><\/a><\/figure><\/li><\/ul><\/figure>\n\n\n\n<p>Con la presencia de referentes de distintos sectores de la ciudad de R\u00edo Tercero se llev\u00f3 a cabo la reuni\u00f3n preliminar del &#8220;Consejo Municipal de Educaci\u00f3n Superior&#8221;. <\/p>\n\n\n\n<p>La iniciativa estuvo encabezada por el Intendente de R\u00edo Tercero, Marcos Ferrer, la directora de la Secretar\u00eda de Educaci\u00f3n, Carolina Go\u00f1i y el secretario General de ATE R\u00edo Tercero, Dami\u00e1n Albornoz, junto al compa\u00f1ero Emanuel Mari\u00f1o (ATE) e Ilda Coria (UEPC), en representaci\u00f3n de la mesa gremial del Consejo, entre otros.<br>&#8220;Celebramos la visi\u00f3n pol\u00edtica y ciudadana de que la Universidad P\u00fablica sea una alternativa educativa en la ciudad como reparaci\u00f3n hist\u00f3rica del atentado sufrido en la ciudad en el a\u00f1o 95. Felicitamos esta iniciativa, y nos sentimos orgullosos de formar parte de este proyecto colectivo&#8221;, sintetiz\u00f3 Albornoz a la salida del acto. <\/p>\n","protected":false},"excerpt":{"rendered":"<p>Con la presencia de referentes de distintos sectores de la ciudad de R\u00edo Tercero se llev\u00f3 a cabo la reuni\u00f3n preliminar del &#8220;Consejo Municipal de Educaci\u00f3n Superior&#8221;. La iniciativa estuvo encabezada por el Intendente de R\u00edo Tercero, Marcos Ferrer, la directora de la Secretar\u00eda de Educaci\u00f3n, Carolina Go\u00f1i y el secretario General de ATE R\u00edo [&hellip;]<\/p>\n","protected":false},"author":7,"featured_media":28527,"comment_status":"open","ping_status":"open","sticky":false,"template":"","format":"standard","meta":{"_exactmetrics_skip_tracking":false,"_exactmetrics_sitenote_active":false,"_exactmetrics_sitenote_note":"","_exactmetrics_sitenote_category":0,"jnews-multi-image_gallery":[],"jnews_single_post":{"subtitle":"La iniciativa suma la educaci\u00f3n superior de calidad a la oferta universitaria en la regi\u00f3n.","format":"standard","video":"","gallery":"","source_name":"","source_url":"","via_name":"","via_url":"","override":[{"template":"1","single_blog_custom":"","parallax":"1","fullscreen":"1","layout":"right-sidebar","sidebar":"default-sidebar","second_sidebar":"default-sidebar","sticky_sidebar":"1","share_position":"top","share_float_style":"share-monocrhome","show_share_counter":"1","show_view_counter":"1","show_featured":"1","show_post_meta":"1","show_post_author":"1","show_post_author_image":"1","show_post_date":"1","post_date_format":"default","post_date_format_custom":"Y\/m\/d","show_post_category":"1","post_reading_time_wpm":"300","zoom_button_out_step":"2","zoom_button_in_step":"3","show_post_tag":"1","show_prev_next_post":"1","show_popup_post":"1","number_popup_post":"1"}],"image_override":[{"single_post_thumbnail_size":"crop-500","single_post_gallery_size":"crop-500"}],"trending_post_position":"meta","trending_post_label":"Trending","sponsored_post_label":"Sponsored by","sponsored_post_name":"","sponsored_post_url":"","sponsored_post_logo":"","sponsored_post_desc":""},"jnews_primary_category":{"id":""},"jnews_social_meta":[],"jnews_review":[],"enable_review":"","type":"","name":"","summary":"","brand":"","sku":"","good":[],"bad":[],"score_override":"","override_value":"","rating":[],"price":[],"jnews_override_counter":[],"jnews_post_split":[],"footnotes":""},"categories":[13],"tags":[],"class_list":["post-28525","post","type-post","status-publish","format-standard","has-post-thumbnail","hentry","category-rio-tercero"],"jetpack_featured_media_url":"https:\/\/atecordoba.org\/wp-content\/uploads\/2021\/10\/FB_IMG_1634297112804-e1634302324483.jpg","_links":{"self":[{"href":"https:\/\/atecordoba.org\/index.php?rest_route=\/wp\/v2\/posts\/28525","targetHints":{"allow":["GET"]}}],"collection":[{"href":"https:\/\/atecordoba.org\/index.php?rest_route=\/wp\/v2\/posts"}],"about":[{"href":"https:\/\/atecordoba.org\/index.php?rest_route=\/wp\/v2\/types\/post"}],"author":[{"embeddable":true,"href":"https:\/\/atecordoba.org\/index.php?rest_route=\/wp\/v2\/users\/7"}],"replies":[{"embeddable":true,"href":"https:\/\/atecordoba.org\/index.php?rest_route=%2Fwp%2Fv2%2Fcomments&post=28525"}],"version-history":[{"count":1,"href":"https:\/\/atecordoba.org\/index.php?rest_route=\/wp\/v2\/posts\/28525\/revisions"}],"predecessor-version":[{"id":28529,"href":"https:\/\/atecordoba.org\/index.php?rest_route=\/wp\/v2\/posts\/28525\/revisions\/28529"}],"wp:featuredmedia":[{"embeddable":true,"href":"https:\/\/atecordoba.org\/index.php?rest_route=\/wp\/v2\/media\/28527"}],"wp:attachment":[{"href":"https:\/\/atecordoba.org\/index.php?rest_route=%2Fwp%2Fv2%2Fmedia&parent=28525"}],"wp:term":[{"taxonomy":"category","embeddable":true,"href":"https:\/\/atecordoba.org\/index.php?rest_route=%2Fwp%2Fv2%2Fcategories&post=28525"},{"taxonomy":"post_tag","embeddable":true,"href":"https:\/\/atecordoba.org\/index.php?rest_route=%2Fwp%2Fv2%2Ftags&post=28525"}],"curies":[{"name":"wp","href":"https:\/\/api.w.org\/{rel}","templated":true}]}}