{"id":28518,"date":"2021-10-15T09:39:40","date_gmt":"2021-10-15T12:39:40","guid":{"rendered":"https:\/\/atecordoba.org\/?p=28518"},"modified":"2021-10-15T09:39:41","modified_gmt":"2021-10-15T12:39:41","slug":"10-boletin-informativo-provincial-bip-de-ate-cordoba","status":"publish","type":"post","link":"https:\/\/atecordoba.org\/?p=28518","title":{"rendered":"10\u00b0 Bolet\u00edn Informativo Provincial (BIP) de ATE C\u00f3rdoba"},"content":{"rendered":"\n<p>\u00a0Sali\u00f3 el *10 Bolet\u00edn Informativo Provincial (BIP) de septiembre-octubre* de 2021 que elabora la Secretar\u00eda de Prensa de ATE C\u00f3rdoba\u00a0<\/p>\n\n\n\n<p>All\u00ed vas a encontrar:<\/p>\n\n\n\n<p>CNRT: Beccacesi, despedido por el macrismo y reincorporado, fue electo delegado de ATE;<\/p>\n\n\n\n<p>Opini\u00f3n por Federico Giuliani, Secretario General de ATE C\u00f3rdoba: &#8220;Tenemos que volver a poner de pie el Estado&#8221;;<\/p>\n\n\n\n<p>ATE trabaja en el Convenio Colectivo de Trabajo de Fabricaciones Militares.<\/p>\n\n\n\n<p>ATE crece a paso firme en Traslasierra<\/p>\n\n\n\n<p>Provinciales perdieron un 44% de poder adquisitivo en 4 a\u00f1os.<\/p>\n\n\n\n<p>ATE acompa\u00f1\u00f3 la aprobaci\u00f3n de la Ley de Regulaci\u00f3n del Ejercicio Profesional de Enfermer\u00eda.<\/p>\n\n\n\n<p>Tras largo conflicto, ATE logra cuadruplicar el monto de las becas en SENAF R\u00edo Cuarto.<\/p>\n\n\n\n<p>Creaci\u00f3n del Departamento de Culturas de ATE C\u00f3rdoba y presentaci\u00f3n del libro &#8220;Mujeres Estatales&#8221;.<\/p>\n\n\n\n<p class=\"has-text-align-center\"> ATE Siempre Est\u00e1<\/p>\n\n\n<a href=\"https:\/\/atecordoba.org\/wp-content\/uploads\/2021\/10\/10-Boletin-BIP-oct-21_compressed.pdf\" class=\"pdfemb-viewer\" style=\"\" data-width=\"max\" data-height=\"max\" data-toolbar=\"bottom\" data-toolbar-fixed=\"off\">10-Boletin-BIP-oct-21_compressed<\/a>\n<p class=\"wp-block-pdfemb-pdf-embedder-viewer\"><\/p>\n","protected":false},"excerpt":{"rendered":"<p>\u00a0Sali\u00f3 el *10 Bolet\u00edn Informativo Provincial (BIP) de septiembre-octubre* de 2021 que elabora la Secretar\u00eda de Prensa de ATE C\u00f3rdoba\u00a0 All\u00ed vas a encontrar: CNRT: Beccacesi, despedido por el macrismo y reincorporado, fue electo delegado de ATE; Opini\u00f3n por Federico Giuliani, Secretario General de ATE C\u00f3rdoba: &#8220;Tenemos que volver a poner de pie el Estado&#8221;; [&hellip;]<\/p>\n","protected":false},"author":7,"featured_media":28521,"comment_status":"open","ping_status":"open","sticky":false,"template":"","format":"standard","meta":{"_exactmetrics_skip_tracking":false,"_exactmetrics_sitenote_active":false,"_exactmetrics_sitenote_note":"","_exactmetrics_sitenote_category":0,"jnews-multi-image_gallery":[],"jnews_single_post":{"subtitle":"S\u00edntesis informativa mensual de septiembre de 2021. Para descargar y repartir.","format":"standard","video":"","gallery":"","source_name":"","source_url":"","via_name":"","via_url":"","override":[{"template":"1","single_blog_custom":"","parallax":"1","fullscreen":"1","layout":"right-sidebar","sidebar":"default-sidebar","second_sidebar":"default-sidebar","sticky_sidebar":"1","share_position":"top","share_float_style":"share-monocrhome","show_share_counter":"1","show_view_counter":"1","show_featured":"1","show_post_meta":"1","show_post_author":"1","show_post_author_image":"1","show_post_date":"1","post_date_format":"default","post_date_format_custom":"Y\/m\/d","show_post_category":"1","post_reading_time_wpm":"300","zoom_button_out_step":"2","zoom_button_in_step":"3","show_post_tag":"1","show_prev_next_post":"1","show_popup_post":"1","number_popup_post":"1"}],"image_override":[{"single_post_thumbnail_size":"crop-500","single_post_gallery_size":"crop-500"}],"trending_post_position":"meta","trending_post_label":"Trending","sponsored_post_label":"Sponsored by","sponsored_post_name":"","sponsored_post_url":"","sponsored_post_logo":"","sponsored_post_desc":""},"jnews_primary_category":{"id":""},"jnews_social_meta":[],"jnews_review":[],"enable_review":"","type":"","name":"","summary":"","brand":"","sku":"","good":[],"bad":[],"score_override":"","override_value":"","rating":[],"price":[],"jnews_override_counter":[],"jnews_post_split":[],"footnotes":""},"categories":[328,1],"tags":[],"class_list":["post-28518","post","type-post","status-publish","format-standard","has-post-thumbnail","hentry","category-bip","category-sin-categoria"],"jetpack_featured_media_url":"https:\/\/atecordoba.org\/wp-content\/uploads\/2021\/10\/tapa-bip-10-e1634301565159.jpg","_links":{"self":[{"href":"https:\/\/atecordoba.org\/index.php?rest_route=\/wp\/v2\/posts\/28518","targetHints":{"allow":["GET"]}}],"collection":[{"href":"https:\/\/atecordoba.org\/index.php?rest_route=\/wp\/v2\/posts"}],"about":[{"href":"https:\/\/atecordoba.org\/index.php?rest_route=\/wp\/v2\/types\/post"}],"author":[{"embeddable":true,"href":"https:\/\/atecordoba.org\/index.php?rest_route=\/wp\/v2\/users\/7"}],"replies":[{"embeddable":true,"href":"https:\/\/atecordoba.org\/index.php?rest_route=%2Fwp%2Fv2%2Fcomments&post=28518"}],"version-history":[{"count":1,"href":"https:\/\/atecordoba.org\/index.php?rest_route=\/wp\/v2\/posts\/28518\/revisions"}],"predecessor-version":[{"id":28520,"href":"https:\/\/atecordoba.org\/index.php?rest_route=\/wp\/v2\/posts\/28518\/revisions\/28520"}],"wp:featuredmedia":[{"embeddable":true,"href":"https:\/\/atecordoba.org\/index.php?rest_route=\/wp\/v2\/media\/28521"}],"wp:attachment":[{"href":"https:\/\/atecordoba.org\/index.php?rest_route=%2Fwp%2Fv2%2Fmedia&parent=28518"}],"wp:term":[{"taxonomy":"category","embeddable":true,"href":"https:\/\/atecordoba.org\/index.php?rest_route=%2Fwp%2Fv2%2Fcategories&post=28518"},{"taxonomy":"post_tag","embeddable":true,"href":"https:\/\/atecordoba.org\/index.php?rest_route=%2Fwp%2Fv2%2Ftags&post=28518"}],"curies":[{"name":"wp","href":"https:\/\/api.w.org\/{rel}","templated":true}]}}