{"id":28511,"date":"2021-10-14T10:16:29","date_gmt":"2021-10-14T13:16:29","guid":{"rendered":"https:\/\/atecordoba.org\/?p=28511"},"modified":"2021-10-14T10:18:37","modified_gmt":"2021-10-14T13:18:37","slug":"ministerio-de-trabajo-ate-insiste-en-separar-al-trabajador-violento-de-la-agencia-territorial-cordoba","status":"publish","type":"post","link":"https:\/\/atecordoba.org\/?p=28511","title":{"rendered":"Ministerio de Trabajo: ATE insiste en separar al trabajador violento de la Agencia Territorial C\u00f3rdoba"},"content":{"rendered":"\n<div class=\"wp-block-image\"><figure class=\"aligncenter size-large is-resized\"><img loading=\"lazy\" decoding=\"async\" src=\"https:\/\/atecordoba.org\/wp-content\/uploads\/2021\/10\/Ministeriode-Trabajo-1024x614.jpg\" alt=\"\" class=\"wp-image-28513\" width=\"768\" height=\"461\" \/><\/figure><\/div>\n\n\n\n<p>En una nota dirigida a la subsecretaria de Pol\u00edticas de Inclusi\u00f3n en el Mundo Laboral del Ministerio de Trabajo, Empleo y Seguridad Social de la Naci\u00f3n, Pamela Ares, el Departamento de G\u00e9neros y Diversidades del Consejo Directivo Provincial reclam\u00f3 una soluci\u00f3n definitiva para &#8220;resguardar el bienestar de las compa\u00f1eras violentadas&#8221; por un agente recientemente reincorporado al organismo, que posee en su haber m\u00e1s de 20 denuncias de trabajadoras y trabajadores de este sector estatal.<\/p>\n\n\n\n<p>En la comunicaci\u00f3n a Ares, con la firma del secretario General de ATE C\u00f3rdoba, Federico Giuliani, y de la directora de G\u00e9neros y Diversidades, Gabriela Alcoba, se cita <a href=\"https:\/\/atecordoba.org\/?p=28303\">una reuni\u00f3n <\/a>llevada a cabo con el jefe de la Agencia Territorial C\u00f3rdoba, Ignacio Baselica, donde se lo puso al tanto de la situaci\u00f3n y se reclam\u00f3 medidas urgentes, que incluyen la separaci\u00f3n preventiva del agente hasta tanto se resuelva la situaci\u00f3n de fondo, fundado en las actuaciones administrativas y judiciales celebradas y acompa\u00f1an contestaci\u00f3n de demanda presentada en el expediente 76681\/2016 y el tratado internacional suscripto por el Congreso Nacional 190 de la OIT.<\/p>\n\n\n\n<p>La semana pr\u00f3xima Alcoba mantendr\u00e1 reuniones con compa\u00f1eras dirigentes de ATE Nacional para avanzar en una reuni\u00f3n presencial con Ares. <\/p>\n\n\n<a href=\"https:\/\/atecordoba.org\/wp-content\/uploads\/2021\/10\/13-10-Nota-Pamela-Ares.pdf\" class=\"pdfemb-viewer\" style=\"\" data-width=\"max\" data-height=\"max\" data-toolbar=\"bottom\" data-toolbar-fixed=\"off\">13-10-Nota-Pamela-Ares<\/a>\n<p class=\"wp-block-pdfemb-pdf-embedder-viewer\"><\/p>\n\n\n\n<p> <\/p>\n","protected":false},"excerpt":{"rendered":"<p>En una nota dirigida a la subsecretaria de Pol\u00edticas de Inclusi\u00f3n en el Mundo Laboral del Ministerio de Trabajo, Empleo y Seguridad Social de la Naci\u00f3n, Pamela Ares, el Departamento de G\u00e9neros y Diversidades del Consejo Directivo Provincial reclam\u00f3 una soluci\u00f3n definitiva para &#8220;resguardar el bienestar de las compa\u00f1eras violentadas&#8221; por un agente recientemente reincorporado [&hellip;]<\/p>\n","protected":false},"author":7,"featured_media":28513,"comment_status":"open","ping_status":"open","sticky":false,"template":"","format":"standard","meta":{"_exactmetrics_skip_tracking":false,"_exactmetrics_sitenote_active":false,"_exactmetrics_sitenote_note":"","_exactmetrics_sitenote_category":0,"jnews-multi-image_gallery":[],"jnews_single_post":{"subtitle":"El reclamo llega a instancias nacionales tras comunicarse la situaci\u00f3n formalmente a las autoridades de la Agencia Territorial.","format":"standard","video":"","gallery":"","source_name":"","source_url":"","via_name":"","via_url":"","override":[{"template":"1","single_blog_custom":"","parallax":"1","fullscreen":"1","layout":"right-sidebar","sidebar":"default-sidebar","second_sidebar":"default-sidebar","sticky_sidebar":"1","share_position":"top","share_float_style":"share-monocrhome","show_share_counter":"1","show_view_counter":"1","show_featured":"1","show_post_meta":"1","show_post_author":"1","show_post_author_image":"1","show_post_date":"1","post_date_format":"default","post_date_format_custom":"Y\/m\/d","show_post_category":"1","post_reading_time_wpm":"300","zoom_button_out_step":"2","zoom_button_in_step":"3","show_post_tag":"1","show_prev_next_post":"1","show_popup_post":"1","number_popup_post":"1"}],"image_override":[{"single_post_thumbnail_size":"crop-500","single_post_gallery_size":"crop-500"}],"trending_post_position":"meta","trending_post_label":"Trending","sponsored_post_label":"Sponsored by","sponsored_post_name":"","sponsored_post_url":"","sponsored_post_logo":"","sponsored_post_desc":""},"jnews_primary_category":{"id":""},"jnews_social_meta":[],"jnews_review":[],"enable_review":"","type":"","name":"","summary":"","brand":"","sku":"","good":[],"bad":[],"score_override":"","override_value":"","rating":[],"price":[],"jnews_override_counter":[],"jnews_post_split":[],"footnotes":""},"categories":[325],"tags":[338],"class_list":["post-28511","post","type-post","status-publish","format-standard","has-post-thumbnail","hentry","category-generos-y-diversidades","tag-ministerio-de-trabajo-de-la-nacion"],"jetpack_featured_media_url":"https:\/\/atecordoba.org\/wp-content\/uploads\/2021\/10\/Ministeriode-Trabajo-e1634217323626.jpg","_links":{"self":[{"href":"https:\/\/atecordoba.org\/index.php?rest_route=\/wp\/v2\/posts\/28511","targetHints":{"allow":["GET"]}}],"collection":[{"href":"https:\/\/atecordoba.org\/index.php?rest_route=\/wp\/v2\/posts"}],"about":[{"href":"https:\/\/atecordoba.org\/index.php?rest_route=\/wp\/v2\/types\/post"}],"author":[{"embeddable":true,"href":"https:\/\/atecordoba.org\/index.php?rest_route=\/wp\/v2\/users\/7"}],"replies":[{"embeddable":true,"href":"https:\/\/atecordoba.org\/index.php?rest_route=%2Fwp%2Fv2%2Fcomments&post=28511"}],"version-history":[{"count":2,"href":"https:\/\/atecordoba.org\/index.php?rest_route=\/wp\/v2\/posts\/28511\/revisions"}],"predecessor-version":[{"id":28515,"href":"https:\/\/atecordoba.org\/index.php?rest_route=\/wp\/v2\/posts\/28511\/revisions\/28515"}],"wp:featuredmedia":[{"embeddable":true,"href":"https:\/\/atecordoba.org\/index.php?rest_route=\/wp\/v2\/media\/28513"}],"wp:attachment":[{"href":"https:\/\/atecordoba.org\/index.php?rest_route=%2Fwp%2Fv2%2Fmedia&parent=28511"}],"wp:term":[{"taxonomy":"category","embeddable":true,"href":"https:\/\/atecordoba.org\/index.php?rest_route=%2Fwp%2Fv2%2Fcategories&post=28511"},{"taxonomy":"post_tag","embeddable":true,"href":"https:\/\/atecordoba.org\/index.php?rest_route=%2Fwp%2Fv2%2Ftags&post=28511"}],"curies":[{"name":"wp","href":"https:\/\/api.w.org\/{rel}","templated":true}]}}