{"id":28507,"date":"2021-10-14T09:41:29","date_gmt":"2021-10-14T12:41:29","guid":{"rendered":"https:\/\/atecordoba.org\/?p=28507"},"modified":"2021-10-14T09:43:03","modified_gmt":"2021-10-14T12:43:03","slug":"ate-adhiere-al-encuentro-de-juventudes-del-cispren","status":"publish","type":"post","link":"https:\/\/atecordoba.org\/?p=28507","title":{"rendered":"ATE adhiere al Encuentro de Juventudes del Cispren"},"content":{"rendered":"\n<div class=\"wp-block-image\"><figure class=\"aligncenter size-large is-resized\"><img loading=\"lazy\" decoding=\"async\" src=\"https:\/\/atecordoba.org\/wp-content\/uploads\/2021\/10\/Cispren.jpg\" alt=\"\" class=\"wp-image-28509\" width=\"580\" height=\"437\" \/><\/figure><\/div>\n\n\n\n<p>Por medio de una nota firmada por el secretario General de ATE C\u00f3rdoba, Federico Giuliani, el Consejo Directivo Provincial (CDP) adhiri\u00f3 al Encuentro de Juventudes del Cispren (C\u00edrculo Sindical de la Prensa) que se llevar\u00e1 a cabo el pr\u00f3ximo s\u00e1bado 17 de octubre.<\/p>\n\n\n\n<p>Como bien describe la esquela &#8220;dicho encuentro tiene el objeto de discutir las problem\u00e1ticas laborales que transitan las juventudes en el actual contexto socio-pol\u00edtico-econ\u00f3mico, en el medio de una pandemia sin precedentes y de una crisis estructural del sistema capitalista que redefine formas de trabajo, las relaciones laborales, que precariza y margina al conjunto de la clase trabajadora, con especial \u00e9nfasis en las juventudes y diversidades&#8221;.<\/p>\n\n\n\n<p>En este sentido, destaca el CDP,  &#8220;discutir en cada lugar de trabajo -con las organizaciones gremiales como eje vertebrador de nuestros colectivos, es la tarea del momento. Emprenderla en conjunto con las organizaciones del campo del Pueblo, el camino&#8221;.<\/p>\n\n\n\n<p>Tras hacer una valoraci\u00f3n de la actualidad que atraviesa nuestro pueblo, la misiva alienta a los convocados por el Cispren para &#8220;impulsar estos debates, para que todo lo que so\u00f1amos pueda realmente convertirse en realidad&#8221;.<\/p>\n\n\n<a href=\"https:\/\/atecordoba.org\/wp-content\/uploads\/2021\/10\/13-10-Adhesion-ATE-a-Encuentro-de-Juventudes-de-CISREN.pdf\" class=\"pdfemb-viewer\" style=\"\" data-width=\"max\" data-height=\"max\" data-toolbar=\"bottom\" data-toolbar-fixed=\"off\">13-10-Adhesion-ATE-a-Encuentro-de-Juventudes-de-CISREN<\/a>\n<p class=\"wp-block-pdfemb-pdf-embedder-viewer\"><\/p>\n\n\n\n<p> <\/p>\n","protected":false},"excerpt":{"rendered":"<p>Por medio de una nota firmada por el secretario General de ATE C\u00f3rdoba, Federico Giuliani, el Consejo Directivo Provincial (CDP) adhiri\u00f3 al Encuentro de Juventudes del Cispren (C\u00edrculo Sindical de la Prensa) que se llevar\u00e1 a cabo el pr\u00f3ximo s\u00e1bado 17 de octubre. Como bien describe la esquela &#8220;dicho encuentro tiene el objeto de discutir [&hellip;]<\/p>\n","protected":false},"author":7,"featured_media":28509,"comment_status":"open","ping_status":"open","sticky":false,"template":"","format":"standard","meta":{"_exactmetrics_skip_tracking":false,"_exactmetrics_sitenote_active":false,"_exactmetrics_sitenote_note":"","_exactmetrics_sitenote_category":0,"jnews-multi-image_gallery":[],"jnews_single_post":{"subtitle":"Las organizaciones sindicales son el eje vertebrador de los debates actuales sobre las necesidades del pueblo. ","format":"standard","video":"","gallery":"","source_name":"","source_url":"","via_name":"","via_url":"","override":[{"template":"1","single_blog_custom":"","parallax":"1","fullscreen":"1","layout":"right-sidebar","sidebar":"default-sidebar","second_sidebar":"default-sidebar","sticky_sidebar":"1","share_position":"top","share_float_style":"share-monocrhome","show_share_counter":"1","show_view_counter":"1","show_featured":"1","show_post_meta":"1","show_post_author":"1","show_post_author_image":"1","show_post_date":"1","post_date_format":"default","post_date_format_custom":"Y\/m\/d","show_post_category":"1","post_reading_time_wpm":"300","zoom_button_out_step":"2","zoom_button_in_step":"3","show_post_tag":"1","show_prev_next_post":"1","show_popup_post":"1","number_popup_post":"1"}],"image_override":[{"single_post_thumbnail_size":"crop-500","single_post_gallery_size":"crop-500"}],"trending_post_position":"meta","trending_post_label":"Trending","sponsored_post_label":"Sponsored by","sponsored_post_name":"","sponsored_post_url":"","sponsored_post_logo":"","sponsored_post_desc":""},"jnews_primary_category":{"id":""},"jnews_social_meta":[],"jnews_review":[],"enable_review":"","type":"","name":"","summary":"","brand":"","sku":"","good":[],"bad":[],"score_override":"","override_value":"","rating":[],"price":[],"jnews_override_counter":[],"jnews_post_split":[],"footnotes":""},"categories":[10],"tags":[942,943],"class_list":["post-28507","post","type-post","status-publish","format-standard","has-post-thumbnail","hentry","category-accion-politica","tag-cispren","tag-encuentro-de-juventudes"],"jetpack_featured_media_url":"https:\/\/atecordoba.org\/wp-content\/uploads\/2021\/10\/Cispren-e1634215275425.jpg","_links":{"self":[{"href":"https:\/\/atecordoba.org\/index.php?rest_route=\/wp\/v2\/posts\/28507","targetHints":{"allow":["GET"]}}],"collection":[{"href":"https:\/\/atecordoba.org\/index.php?rest_route=\/wp\/v2\/posts"}],"about":[{"href":"https:\/\/atecordoba.org\/index.php?rest_route=\/wp\/v2\/types\/post"}],"author":[{"embeddable":true,"href":"https:\/\/atecordoba.org\/index.php?rest_route=\/wp\/v2\/users\/7"}],"replies":[{"embeddable":true,"href":"https:\/\/atecordoba.org\/index.php?rest_route=%2Fwp%2Fv2%2Fcomments&post=28507"}],"version-history":[{"count":1,"href":"https:\/\/atecordoba.org\/index.php?rest_route=\/wp\/v2\/posts\/28507\/revisions"}],"predecessor-version":[{"id":28510,"href":"https:\/\/atecordoba.org\/index.php?rest_route=\/wp\/v2\/posts\/28507\/revisions\/28510"}],"wp:featuredmedia":[{"embeddable":true,"href":"https:\/\/atecordoba.org\/index.php?rest_route=\/wp\/v2\/media\/28509"}],"wp:attachment":[{"href":"https:\/\/atecordoba.org\/index.php?rest_route=%2Fwp%2Fv2%2Fmedia&parent=28507"}],"wp:term":[{"taxonomy":"category","embeddable":true,"href":"https:\/\/atecordoba.org\/index.php?rest_route=%2Fwp%2Fv2%2Fcategories&post=28507"},{"taxonomy":"post_tag","embeddable":true,"href":"https:\/\/atecordoba.org\/index.php?rest_route=%2Fwp%2Fv2%2Ftags&post=28507"}],"curies":[{"name":"wp","href":"https:\/\/api.w.org\/{rel}","templated":true}]}}