{"id":28497,"date":"2021-10-13T11:59:34","date_gmt":"2021-10-13T14:59:34","guid":{"rendered":"https:\/\/atecordoba.org\/?p=28497"},"modified":"2021-10-13T12:00:03","modified_gmt":"2021-10-13T15:00:03","slug":"mujeres-en-lucha-por-la-soberania-productiva","status":"publish","type":"post","link":"https:\/\/atecordoba.org\/?p=28497","title":{"rendered":"Mujeres en lucha por la Soberan\u00eda Productiva"},"content":{"rendered":"\n<div class=\"wp-block-image\"><figure class=\"aligncenter size-large\"><img decoding=\"async\" src=\"https:\/\/atecordoba.org\/wp-content\/uploads\/2021\/10\/flyer-mujeres-que-trabajan.jpg\" alt=\"\" class=\"wp-image-28498\" \/><\/figure><\/div>\n\n\n\n<p>Con la participaci\u00f3n del Secretario General de ATE y la CTA Aut\u00f3noma C\u00f3rdoba, Federico Giuliani, ma\u00f1ana jueves 14 de octubre a las 18 horas, en modo virtual y presencial, se llevar\u00e1 a cabo la charla-debate \u201cMujeres en lucha por la Soberan\u00eda Productiva\u201d, por la Soberan\u00eda Energ\u00e9tica, Autonom\u00eda Tecnol\u00f3gica y Producci\u00f3n para la Defensa Nacional.<\/p>\n\n\n\n<p>\u201cLa cita es el jueves 14 de octubre a las 18 horas por Zoom y redes sociales de ATE C\u00f3rdoba. Llegate a la sede de ATE C\u00f3rdoba, Entre R\u00edos 450, con tu mate\u201d, reza la convocatoria gremial.<\/p>\n\n\n\n<p><img loading=\"lazy\" decoding=\"async\" width=\"16\" height=\"16\" src=\"https:\/\/static.xx.fbcdn.net\/images\/emoji.php\/v9\/tac\/1\/16\/1f4cc.png\" alt=\"\ud83d\udccc\"><strong>&nbsp;Disertan:<\/strong><\/p>\n\n\n\n<p><img loading=\"lazy\" decoding=\"async\" width=\"16\" height=\"16\" src=\"https:\/\/static.xx.fbcdn.net\/images\/emoji.php\/v9\/te\/1\/16\/1f449_1f3fd.png\" alt=\"\ud83d\udc49\ud83c\udffd\"><strong>Carolina Komar<\/strong>:&nbsp;<em>Secretaria General de la Junta Interna de ATE-CNEA<\/em>.<\/p>\n\n\n\n<p><img loading=\"lazy\" decoding=\"async\" width=\"16\" height=\"16\" src=\"https:\/\/static.xx.fbcdn.net\/images\/emoji.php\/v9\/te\/1\/16\/1f449_1f3fd.png\" alt=\"\ud83d\udc49\ud83c\udffd\"><strong>Lorena Far\u00edas: <\/strong><em>F\u00e1brica Militar R\u00edo Tercero (control de calidad e inspecci\u00f3n mec\u00e1nica). Delegada de ATE.<\/em><\/p>\n\n\n\n<p><img loading=\"lazy\" decoding=\"async\" width=\"16\" height=\"16\" src=\"https:\/\/static.xx.fbcdn.net\/images\/emoji.php\/v9\/te\/1\/16\/1f449_1f3fd.png\" alt=\"\ud83d\udc49\ud83c\udffd\"><strong>&nbsp;Carolina Antognini:<\/strong><em> Trabajadora del Astillero R\u00edo Santiago. Delegada sectorial de ATE.<\/em><\/p>\n\n\n\n<p><img loading=\"lazy\" decoding=\"async\" width=\"16\" height=\"16\" src=\"https:\/\/static.xx.fbcdn.net\/images\/emoji.php\/v9\/te\/1\/16\/1f449_1f3fd.png\" alt=\"\ud83d\udc49\ud83c\udffd\"><strong>Lucrecia Capello:<\/strong><em> F\u00e1brica Militar Villa Mar\u00eda (administraci\u00f3n planta de \u00e1cidos). Afiliada de ATE.<\/em> <\/p>\n\n\n\n<p><img loading=\"lazy\" decoding=\"async\" width=\"16\" height=\"16\" src=\"https:\/\/static.xx.fbcdn.net\/images\/emoji.php\/v9\/t7e\/1\/16\/1f3a4.png\" alt=\"\ud83c\udfa4\"><strong>&nbsp;Presenta:<\/strong><em> Federico Giuliani, Secretario General de ATE y la CTA-A C\u00f3rdoba.<\/em><\/p>\n\n\n\n<p><img loading=\"lazy\" decoding=\"async\" width=\"16\" height=\"16\" src=\"https:\/\/static.xx.fbcdn.net\/images\/emoji.php\/v9\/t7e\/1\/16\/1f3a4.png\" alt=\"\ud83c\udfa4\"><strong>&nbsp;Modera: <\/strong><em>Gabriela Alcoba, Directora del Departamento de G\u00e9neros y Diversidades de ATE C\u00f3rdoba.<\/em><\/p>\n","protected":false},"excerpt":{"rendered":"<p>Con la participaci\u00f3n del Secretario General de ATE y la CTA Aut\u00f3noma C\u00f3rdoba, Federico Giuliani, ma\u00f1ana jueves 14 de octubre a las 18 horas, en modo virtual y presencial, se llevar\u00e1 a cabo la charla-debate \u201cMujeres en lucha por la Soberan\u00eda Productiva\u201d, por la Soberan\u00eda Energ\u00e9tica, Autonom\u00eda Tecnol\u00f3gica y Producci\u00f3n para la Defensa Nacional. \u201cLa [&hellip;]<\/p>\n","protected":false},"author":7,"featured_media":28498,"comment_status":"open","ping_status":"open","sticky":false,"template":"","format":"standard","meta":{"_exactmetrics_skip_tracking":false,"_exactmetrics_sitenote_active":false,"_exactmetrics_sitenote_note":"","_exactmetrics_sitenote_category":0,"jnews-multi-image_gallery":[],"jnews_single_post":{"subtitle":"Se har\u00e1 foco en el rol de la mujer en los procesos productivos para la defensa nacional y el desarrollo tecnol\u00f3gico. ","format":"standard","video":"","gallery":"","source_name":"","source_url":"","via_name":"","via_url":"","override":[{"template":"1","single_blog_custom":"","parallax":"1","fullscreen":"1","layout":"right-sidebar","sidebar":"default-sidebar","second_sidebar":"default-sidebar","sticky_sidebar":"1","share_position":"top","share_float_style":"share-monocrhome","show_share_counter":"1","show_view_counter":"1","show_featured":"1","show_post_meta":"1","show_post_author":"1","show_post_author_image":"1","show_post_date":"1","post_date_format":"default","post_date_format_custom":"Y\/m\/d","show_post_category":"1","post_reading_time_wpm":"300","zoom_button_out_step":"2","zoom_button_in_step":"3","show_post_tag":"1","show_prev_next_post":"1","show_popup_post":"1","number_popup_post":"1"}],"image_override":[{"single_post_thumbnail_size":"crop-500","single_post_gallery_size":"crop-500"}],"trending_post_position":"meta","trending_post_label":"Trending","sponsored_post_label":"Sponsored by","sponsored_post_name":"","sponsored_post_url":"","sponsored_post_logo":"","sponsored_post_desc":""},"jnews_primary_category":{"id":""},"jnews_social_meta":[],"jnews_review":[],"enable_review":"","type":"","name":"","summary":"","brand":"","sku":"","good":[],"bad":[],"score_override":"","override_value":"","rating":[],"price":[],"jnews_override_counter":[],"jnews_post_split":[],"footnotes":""},"categories":[10],"tags":[523,941],"class_list":["post-28497","post","type-post","status-publish","format-standard","has-post-thumbnail","hentry","category-accion-politica","tag-mujeres","tag-produccion-para-la-defensa"],"jetpack_featured_media_url":"https:\/\/atecordoba.org\/wp-content\/uploads\/2021\/10\/flyer-mujeres-que-trabajan-e1634137158687.jpg","_links":{"self":[{"href":"https:\/\/atecordoba.org\/index.php?rest_route=\/wp\/v2\/posts\/28497","targetHints":{"allow":["GET"]}}],"collection":[{"href":"https:\/\/atecordoba.org\/index.php?rest_route=\/wp\/v2\/posts"}],"about":[{"href":"https:\/\/atecordoba.org\/index.php?rest_route=\/wp\/v2\/types\/post"}],"author":[{"embeddable":true,"href":"https:\/\/atecordoba.org\/index.php?rest_route=\/wp\/v2\/users\/7"}],"replies":[{"embeddable":true,"href":"https:\/\/atecordoba.org\/index.php?rest_route=%2Fwp%2Fv2%2Fcomments&post=28497"}],"version-history":[{"count":2,"href":"https:\/\/atecordoba.org\/index.php?rest_route=\/wp\/v2\/posts\/28497\/revisions"}],"predecessor-version":[{"id":28500,"href":"https:\/\/atecordoba.org\/index.php?rest_route=\/wp\/v2\/posts\/28497\/revisions\/28500"}],"wp:featuredmedia":[{"embeddable":true,"href":"https:\/\/atecordoba.org\/index.php?rest_route=\/wp\/v2\/media\/28498"}],"wp:attachment":[{"href":"https:\/\/atecordoba.org\/index.php?rest_route=%2Fwp%2Fv2%2Fmedia&parent=28497"}],"wp:term":[{"taxonomy":"category","embeddable":true,"href":"https:\/\/atecordoba.org\/index.php?rest_route=%2Fwp%2Fv2%2Fcategories&post=28497"},{"taxonomy":"post_tag","embeddable":true,"href":"https:\/\/atecordoba.org\/index.php?rest_route=%2Fwp%2Fv2%2Ftags&post=28497"}],"curies":[{"name":"wp","href":"https:\/\/api.w.org\/{rel}","templated":true}]}}