{"id":2849,"date":"2013-06-05T18:58:17","date_gmt":"2013-06-05T21:58:17","guid":{"rendered":"http:\/\/www.atecordoba.org\/?p=2849"},"modified":"2013-06-05T18:58:17","modified_gmt":"2013-06-05T21:58:17","slug":"villa-maria-secondino-exigio-a-schiaretti-el-reconocimiento-de-ate-en-la-provincia","status":"publish","type":"post","link":"https:\/\/atecordoba.org\/?p=2849","title":{"rendered":"Villa Mar\u00eda: Secondino exigi\u00f3 a Schiaretti el reconocimiento de ATE en la provincia"},"content":{"rendered":"<p><em>El secretario General de la seccional Villa Mar\u00eda encar\u00f3 al candidato a diputado oficialista durante la visita proselitista que este \u00faltimo realizo en le marco de la campa\u00f1a electoral. &#8220;Si dicen que en C\u00f3rdoba se cumple la ley y se respetan las instituciones que el gobierno provincial tambi\u00e9n lo haga&#8221;, declar\u00f3 posteriormente Secondino a medios locales.<\/em><\/p>\n<p><a href=\"http:\/\/www.atecordoba.org\/wp-content\/uploads\/2013\/06\/SECONDINO-SCHIARETTI.jpg\"><img loading=\"lazy\" decoding=\"async\" class=\"aligncenter size-full wp-image-2850\" title=\"SECONDINO-SCHIARETTI\" src=\"http:\/\/www.atecordoba.org\/wp-content\/uploads\/2013\/06\/SECONDINO-SCHIARETTI.jpg\" alt=\"\" width=\"600\" height=\"398\" \/><\/a><\/p>\n<p>La seccional Villa Mar\u00eda de nuestro gremio reclam\u00f3 al candidato a diputado nacional por el justicialismo local, Juan Schiaretti, que el gobierno provincial aplique las resoluciones del Ministerio de Trabajo, y el \u00faltimo fallo judicial de la C\u00e1mara Nacional de la Justicia del Trabajo, para efectivizar el reconocimiento de ATE en la provincia y en los municipios cordobeses.<\/p>\n<p>Walter Secondino, secretario General de la seccional, junto a Arnaldo Molina, Adjunto, abordaron al ex gobernador cuando \u00e9ste se encontraba en Villa Mar\u00eda en campa\u00f1a electoral, con vistas a las pr\u00f3ximas elecciones de octubre. Cara a cara, Secondino entreg\u00f3 a Schiaretti un pe\u00adti\u00adto\u00adrio pa\u00adra que se re\u00adco\u00adnoz\u00adca en la pro\u00advin\u00adcia al sin\u00addi\u00adca\u00adto ya que\u00a0\u201cen pos de la li\u00adber\u00adtad sin\u00addi\u00adcal no po\u00adde\u00admos se\u00adguir sien\u00addo dis\u00adcri\u00admi\u00adna\u00addos por el Go\u00adbier\u00adno pro\u00advin\u00adcial\u201d.<\/p>\n<p><a href=\"http:\/\/www.atecordoba.org\/wp-content\/uploads\/2013\/06\/foto-11.jpg\"><img loading=\"lazy\" decoding=\"async\" class=\"alignleft  wp-image-2852\" title=\"foto 1\" src=\"http:\/\/www.atecordoba.org\/wp-content\/uploads\/2013\/06\/foto-11.jpg\" alt=\"\" width=\"311\" height=\"233\" \/><\/a>En declaraciones posteriores a radio Villa Mar\u00eda, el dirigente se\u00f1al\u00f3 que &#8220;Schiaretti dijo que \u00e9l est\u00e1 para hacer gestiones, que lo va a gestionar. Realmente eso no lo puede creer absolutamente nadie y menos nosotros como dirigentes, cuando \u00e9l fue parte de esto, parece que se olvidara que fue gobernador&#8221;.<\/p>\n<p>Adem\u00e1s, asegur\u00f3 que &#8220;m\u00e1s all\u00e1 de lo que estuvo exponiendo del tema del hospital, son muy pocos los que le pueden creer. Con el tema de ATE es exactamente lo mismo. Usted lo escucha al se\u00f1or gobernador, lo escucha al contador Schiaretti y esta es una provincia donde se respeta la ley, donde se respetan las instituciones. Yo le puede decir como secretario general de la seccional Villa Mar\u00eda de ATE que todo eso es mentira. Esa m\u00e1s, hay delegados que sufren persecuci\u00f3n del gobierno de la provincia y que la justicia en los \u00faltimos fallos le est\u00e1 dando la raz\u00f3n al sindicato en el tema de la representaci\u00f3n, y m\u00e1s aun con este fallo. Lo \u00fanico que le queda al SEP ahora es ir al m\u00e1ximo tribunal, que ya ser\u00eda algo totalmente exagerado. Porque ac\u00e1 la discusi\u00f3n de fondo es la libertad sindical&#8221;.<\/p>\n","protected":false},"excerpt":{"rendered":"<p>El secretario General de la seccional Villa Mar\u00eda encar\u00f3 al candidato a diputado oficialista durante la visita proselitista que este \u00faltimo realizo en le marco de la campa\u00f1a electoral. &#8220;Si dicen que en C\u00f3rdoba se cumple la ley y se respetan las instituciones que el gobierno provincial tambi\u00e9n lo haga&#8221;, declar\u00f3 posteriormente Secondino a medios [&hellip;]<\/p>\n","protected":false},"author":1,"featured_media":19220,"comment_status":"open","ping_status":"open","sticky":false,"template":"","format":"standard","meta":{"_exactmetrics_skip_tracking":false,"_exactmetrics_sitenote_active":false,"_exactmetrics_sitenote_note":"","_exactmetrics_sitenote_category":0,"jnews-multi-image_gallery":[],"jnews_single_post":[],"jnews_primary_category":[],"jnews_social_meta":[],"jnews_review":[],"enable_review":"","type":"","name":"","summary":"","brand":"","sku":"","good":[],"bad":[],"score_override":"","override_value":"","rating":[],"price":[],"jnews_override_counter":[],"jnews_post_split":[],"footnotes":""},"categories":[8,14],"tags":[],"class_list":["post-2849","post","type-post","status-publish","format-standard","has-post-thumbnail","hentry","category-provinciales","category-villa-maria"],"jetpack_featured_media_url":"https:\/\/atecordoba.org\/wp-content\/uploads\/2020\/05\/logo-nuevochico-e1561581322808.png","_links":{"self":[{"href":"https:\/\/atecordoba.org\/index.php?rest_route=\/wp\/v2\/posts\/2849","targetHints":{"allow":["GET"]}}],"collection":[{"href":"https:\/\/atecordoba.org\/index.php?rest_route=\/wp\/v2\/posts"}],"about":[{"href":"https:\/\/atecordoba.org\/index.php?rest_route=\/wp\/v2\/types\/post"}],"author":[{"embeddable":true,"href":"https:\/\/atecordoba.org\/index.php?rest_route=\/wp\/v2\/users\/1"}],"replies":[{"embeddable":true,"href":"https:\/\/atecordoba.org\/index.php?rest_route=%2Fwp%2Fv2%2Fcomments&post=2849"}],"version-history":[{"count":0,"href":"https:\/\/atecordoba.org\/index.php?rest_route=\/wp\/v2\/posts\/2849\/revisions"}],"wp:featuredmedia":[{"embeddable":true,"href":"https:\/\/atecordoba.org\/index.php?rest_route=\/wp\/v2\/media\/19220"}],"wp:attachment":[{"href":"https:\/\/atecordoba.org\/index.php?rest_route=%2Fwp%2Fv2%2Fmedia&parent=2849"}],"wp:term":[{"taxonomy":"category","embeddable":true,"href":"https:\/\/atecordoba.org\/index.php?rest_route=%2Fwp%2Fv2%2Fcategories&post=2849"},{"taxonomy":"post_tag","embeddable":true,"href":"https:\/\/atecordoba.org\/index.php?rest_route=%2Fwp%2Fv2%2Ftags&post=2849"}],"curies":[{"name":"wp","href":"https:\/\/api.w.org\/{rel}","templated":true}]}}