{"id":28485,"date":"2021-10-12T14:00:13","date_gmt":"2021-10-12T17:00:13","guid":{"rendered":"https:\/\/atecordoba.org\/?p=28485"},"modified":"2021-10-12T15:47:36","modified_gmt":"2021-10-12T18:47:36","slug":"la-salud-mental-es-cosa-de-todos","status":"publish","type":"post","link":"https:\/\/atecordoba.org\/?p=28485","title":{"rendered":"La Salud Mental es cosa de todos y todas"},"content":{"rendered":"\n<div class=\"wp-block-image\"><figure class=\"aligncenter size-large\"><img decoding=\"async\" src=\"https:\/\/atecordoba.org\/wp-content\/uploads\/2021\/10\/dia-mundial-salud-mental.jpg\" alt=\"\" class=\"wp-image-28492\" \/><\/figure><\/div>\n\n\n\n<p>Con motivo de celebrarse el pasado 10 de octubre el D\u00eda Mundial de la Salud Mental, el Sindicato de Psic\u00f3logas y Psic\u00f3logos de la Rep\u00fablica Argentina (SIPPSIRA-CTA Aut\u00f3noma), difundi\u00f3 una declaraci\u00f3n, recordando los motivos de la conmemoraci\u00f3n y alertando que \u201cmientras crecen las patolog\u00edas vinculadas al estr\u00e9s y la ansiedad, el consumo de psicof\u00e1rmacos se dispara a niveles alarmantes y los gobiernos de todos los signos desprecian la importancia de la Salud Mental, releg\u00e1ndola a est\u00e9riles clich\u00e9s de campa\u00f1a. En tanto, los Profesionales de la Salud Mental se encuentran en una desesperante situaci\u00f3n econ\u00f3mica: apenas tres de cada 10 gana m\u00e1s de 69000 pesos, la cifra que marca la l\u00ednea de pobreza para una familia tipo&#8221;. <\/p>\n\n\n\n<div class=\"wp-block-image\"><figure class=\"alignleft size-large\"><img loading=\"lazy\" decoding=\"async\" width=\"400\" height=\"400\" src=\"https:\/\/atecordoba.org\/wp-content\/uploads\/2021\/10\/sippstra.jpg\" alt=\"\" class=\"wp-image-28493\" srcset=\"https:\/\/atecordoba.org\/wp-content\/uploads\/2021\/10\/sippstra.jpg 400w, https:\/\/atecordoba.org\/wp-content\/uploads\/2021\/10\/sippstra-300x300.jpg 300w, https:\/\/atecordoba.org\/wp-content\/uploads\/2021\/10\/sippstra-150x150.jpg 150w, https:\/\/atecordoba.org\/wp-content\/uploads\/2021\/10\/sippstra-75x75.jpg 75w, https:\/\/atecordoba.org\/wp-content\/uploads\/2021\/10\/sippstra-350x350.jpg 350w\" sizes=\"auto, (max-width: 400px) 100vw, 400px\" \/><figcaption>Sindicato de Psic\u00f3logas y Psic\u00f3logos de la Rep\u00fablica Argentina<\/figcaption><\/figure><\/div>\n\n\n\n<p>Por eso el sindicato reclama que &#8220;es imperativo y urgente lanzar un Plan Nacional de Salud Mental, que provocar\u00e1 un mejoramiento de la calidad de vida del pueblo, y aliviar\u00e1 la acuciante y penosa situaci\u00f3n econ\u00f3mica de los Profesionales del \u00e1rea\u201d.<\/p>\n\n\n\n<p><strong>Experiencia cordobesa frustrada por la Dictadura<\/strong><\/p>\n\n\n\n<p>A su vez, y para rescatar la lucha de las y los trabajadores de la salud mental, as\u00ed como de familiares y pacientes, ATE C\u00f3rdoba convoc\u00f3 a la delegada del Hospital Colonia Santa Mar\u00eda de Punilla, Nora Cendra, de larga trayectoria como enfermera, militante sindical y ex presa pol\u00edtica durante la Dictadura de 1976, para que realice una reflexi\u00f3n sobre la situaci\u00f3n actual de la salud mental en C\u00f3rdoba y recuerde la extraordinaria experiencia que protagoniz\u00f3 en los &#8217;70 en t\u00e9rminos de atenci\u00f3n psiqui\u00e1trica a los pacientes de la instituci\u00f3n. <\/p>\n\n\n\n<p>En tal sentido, la compa\u00f1era relat\u00f3 que &#8220;cada vez que recorro los t\u00e9rminos de la Ley de Salud Mental y que se celebra el D\u00eda de la Salud Mental me invaden sentimientos contradictorios, que van de la tristeza y la amargura a la satisfacci\u00f3n y el anhelo&#8221;. <\/p>\n\n\n\n<p>&#8220;Primero porque los derechos humanos de los usuarios de salud mental siguen estando en deuda: la verdadera implementaci\u00f3n de la ley aun no se concreta. No basta  solo con la desmanicomializaci\u00f3n si no est\u00e1 abordada desde una perspectiva econ\u00f3mica, social y pol\u00edtica.  Aun la pelean soledad las y los trabajadores de la salud, los usuarios y los familiares de quienes padecen las distintas patolog\u00edas&#8221;, remarc\u00f3 Cendra. <\/p>\n\n\n\n<p>&#8220;Por otro lado, dijo la delegada, tengo satisfacci\u00f3n y anhelo porque a pesar de los a\u00f1os de discursos hegem\u00f3nicos retr\u00f3grados aun hay seres que piensan que todos debemos gozar de derechos, sin discriminaciones aberrantes. Yo fui trabajadora desde 1968 a 1976 del hospital Colonia  Santa Mar\u00eda de Punilla, asist\u00ed  a su inauguraci\u00f3n y particip\u00e9 como integrante de Junta Interna en ATE. All\u00ed fueron a parar pacientes psiqui\u00e1tricos cronificados, no cr\u00f3nicos, supuestamente sin potencialidad alguna, que llegaron  de distintas instituciones por haber sufrido tuberculosis agregada a su trasfondo mental. Desde all\u00ed, hace m\u00e1s de 40 a\u00f1os empezamos la batalla. Hab\u00eda pacientes, como bien mencion\u00f3 el gran psiquiatra Alberto Sasatelli, ten\u00edan la actualizaci\u00f3n de su historia cl\u00ednica firmada al d\u00eda siguiente de su ingreso y despu\u00e9s nada por a\u00f1os&#8221;. <\/p>\n\n\n\n<div class=\"wp-block-image\"><figure class=\"alignright size-large is-resized\"><img loading=\"lazy\" decoding=\"async\" src=\"https:\/\/atecordoba.org\/wp-content\/uploads\/2021\/10\/nota-cendra.jpg\" alt=\"\" class=\"wp-image-28494\" width=\"634\" height=\"357\" srcset=\"https:\/\/atecordoba.org\/wp-content\/uploads\/2021\/10\/nota-cendra.jpg 750w, https:\/\/atecordoba.org\/wp-content\/uploads\/2021\/10\/nota-cendra-300x169.jpg 300w\" sizes=\"auto, (max-width: 634px) 100vw, 634px\" \/><figcaption>La delegada Nora Cendra, hablando durante la presentaci\u00f3n del libro &#8216;Mujeres Estatales&#8217;. <\/figcaption><\/figure><\/div>\n\n\n\n<p>&#8220;Por ese entonces, la pr\u00e1ctica de atarlos a la cama, el electroshock, los c\u00f3cteles de &#8216;haloperidol&#8217;, &#8216;fenergan&#8217; y &#8216;nocidan&#8217; eyectables eran pr\u00e1ctica corriente. Psiquiatras, psic\u00f3logos, trabajadores sociales, enfermeros y laborterapistas, aliados en un proyecto com\u00fan y enfrentados a la medicina tradicional, lograron crear una cooperativa de trabajo integrada y sostenida solo por pacientes.  Sal\u00edan al exterior de la instituci\u00f3n a trabajar individual o colectivamente, ten\u00edan el seguimiento de trabajadores sociales para evitar situaciones de maltrato y explotaci\u00f3n, se convirtieron en seres humanos. Por eso el nombre de Hospital Modelo&#8221;.<\/p>\n\n\n\n<p>Cendra recod\u00f3 que &#8220;todos esos grandes logros se esfumaron con la irrupci\u00f3n de la dictadura c\u00edvico-eclesi\u00e1stico-militar de 1976. Ese tipo de experiencia no estaba destinada a sobrevivir en un mundo donde el ser humano deb\u00edan resignar sus derechos y su dignidad en favor de un mercado para grandes capitales, relegando al Estado. Por eso fuimos detenidos y el hospital se transform\u00f3 en un tiempo en un centro clandestino de detenci\u00f3n y tortura&#8221;.<\/p>\n\n\n\n<p>Y finaliz\u00f3 reflexionando que &#8220;hoy a m\u00e1s de 40 a\u00f1os de aquellas bella experiencia y viendo la poca difusi\u00f3n que se da al d\u00eda de la salud mental hay que destacar que hasta para la Organizaci\u00f3n Mundial de la Salud (OMS) la salud mental no es cosa de locos, es cosa de todos&#8221;. <\/p>\n","protected":false},"excerpt":{"rendered":"<p>Con motivo de celebrarse el pasado 10 de octubre el D\u00eda Mundial de la Salud Mental, el Sindicato de Psic\u00f3logas y Psic\u00f3logos de la Rep\u00fablica Argentina (SIPPSIRA-CTA Aut\u00f3noma), difundi\u00f3 una declaraci\u00f3n, recordando los motivos de la conmemoraci\u00f3n y alertando que \u201cmientras crecen las patolog\u00edas vinculadas al estr\u00e9s y la ansiedad, el consumo de psicof\u00e1rmacos se [&hellip;]<\/p>\n","protected":false},"author":7,"featured_media":28492,"comment_status":"open","ping_status":"open","sticky":false,"template":"","format":"standard","meta":{"_exactmetrics_skip_tracking":false,"_exactmetrics_sitenote_active":false,"_exactmetrics_sitenote_note":"","_exactmetrics_sitenote_category":0,"jnews-multi-image_gallery":[],"jnews_single_post":{"subtitle":"El Sindicato de Psic\u00f3logas y Psic\u00f3logos pidi\u00f3 un Plan Nacional de Salud Mental. La delegada Nora Cendra record\u00f3 la experiencia terap\u00e9utica del Hospital Colonia Santa Mar\u00eda en los '70.","format":"standard","video":"","gallery":"","source_name":"","source_url":"","via_name":"","via_url":"","override":[{"template":"1","single_blog_custom":"","parallax":"1","fullscreen":"1","layout":"right-sidebar","sidebar":"default-sidebar","second_sidebar":"default-sidebar","sticky_sidebar":"1","share_position":"top","share_float_style":"share-monocrhome","show_share_counter":"1","show_view_counter":"1","show_featured":"1","show_post_meta":"1","show_post_author":"1","show_post_author_image":"1","show_post_date":"1","post_date_format":"default","post_date_format_custom":"Y\/m\/d","show_post_category":"1","post_reading_time_wpm":"300","zoom_button_out_step":"2","zoom_button_in_step":"3","show_post_tag":"1","show_prev_next_post":"1","show_popup_post":"1","number_popup_post":"1"}],"image_override":[{"single_post_thumbnail_size":"crop-500","single_post_gallery_size":"crop-500"}],"trending_post_position":"meta","trending_post_label":"Trending","sponsored_post_label":"Sponsored by","sponsored_post_name":"","sponsored_post_url":"","sponsored_post_logo":"","sponsored_post_desc":""},"jnews_primary_category":{"id":""},"jnews_social_meta":[],"jnews_review":[],"enable_review":"","type":"","name":"","summary":"","brand":"","sku":"","good":[],"bad":[],"score_override":"","override_value":"","rating":[],"price":[],"jnews_override_counter":[],"jnews_post_split":[],"footnotes":""},"categories":[10],"tags":[940,939],"class_list":["post-28485","post","type-post","status-publish","format-standard","has-post-thumbnail","hentry","category-accion-politica","tag-dia-mundial-de-la-salud-mental","tag-hospital-colonia-santa-maria"],"jetpack_featured_media_url":"https:\/\/atecordoba.org\/wp-content\/uploads\/2021\/10\/dia-mundial-salud-mental-e1634057989361.jpg","_links":{"self":[{"href":"https:\/\/atecordoba.org\/index.php?rest_route=\/wp\/v2\/posts\/28485","targetHints":{"allow":["GET"]}}],"collection":[{"href":"https:\/\/atecordoba.org\/index.php?rest_route=\/wp\/v2\/posts"}],"about":[{"href":"https:\/\/atecordoba.org\/index.php?rest_route=\/wp\/v2\/types\/post"}],"author":[{"embeddable":true,"href":"https:\/\/atecordoba.org\/index.php?rest_route=\/wp\/v2\/users\/7"}],"replies":[{"embeddable":true,"href":"https:\/\/atecordoba.org\/index.php?rest_route=%2Fwp%2Fv2%2Fcomments&post=28485"}],"version-history":[{"count":2,"href":"https:\/\/atecordoba.org\/index.php?rest_route=\/wp\/v2\/posts\/28485\/revisions"}],"predecessor-version":[{"id":28496,"href":"https:\/\/atecordoba.org\/index.php?rest_route=\/wp\/v2\/posts\/28485\/revisions\/28496"}],"wp:featuredmedia":[{"embeddable":true,"href":"https:\/\/atecordoba.org\/index.php?rest_route=\/wp\/v2\/media\/28492"}],"wp:attachment":[{"href":"https:\/\/atecordoba.org\/index.php?rest_route=%2Fwp%2Fv2%2Fmedia&parent=28485"}],"wp:term":[{"taxonomy":"category","embeddable":true,"href":"https:\/\/atecordoba.org\/index.php?rest_route=%2Fwp%2Fv2%2Fcategories&post=28485"},{"taxonomy":"post_tag","embeddable":true,"href":"https:\/\/atecordoba.org\/index.php?rest_route=%2Fwp%2Fv2%2Ftags&post=28485"}],"curies":[{"name":"wp","href":"https:\/\/api.w.org\/{rel}","templated":true}]}}