{"id":28472,"date":"2021-10-07T15:28:04","date_gmt":"2021-10-07T18:28:04","guid":{"rendered":"https:\/\/atecordoba.org\/?p=28472"},"modified":"2021-10-07T15:28:46","modified_gmt":"2021-10-07T18:28:46","slug":"comenzo-la-jornada-de-formacion-para-delagadas-y-delegados-nacionales-y-provinciales-en-ate-rio-cuarto","status":"publish","type":"post","link":"https:\/\/atecordoba.org\/?p=28472","title":{"rendered":"Comenz\u00f3 la jornada de formaci\u00f3n para delegadas y delegados nacionales y provinciales en ATE R\u00edo Cuarto"},"content":{"rendered":"\n<figure class=\"wp-block-gallery columns-3 is-cropped wp-block-gallery-1 is-layout-flex wp-block-gallery-is-layout-flex\"><ul class=\"blocks-gallery-grid\"><li class=\"blocks-gallery-item\"><figure><a href=\"https:\/\/atecordoba.org\/wp-content\/uploads\/2021\/10\/07_10_Formacion_ATERioCuarto.jpeg\"><img loading=\"lazy\" decoding=\"async\" width=\"1024\" height=\"768\" src=\"https:\/\/atecordoba.org\/wp-content\/uploads\/2021\/10\/07_10_Formacion_ATERioCuarto-1024x768.jpeg\" alt=\"\" data-id=\"28476\" data-full-url=\"https:\/\/atecordoba.org\/wp-content\/uploads\/2021\/10\/07_10_Formacion_ATERioCuarto.jpeg\" data-link=\"https:\/\/atecordoba.org\/?attachment_id=28476\" class=\"wp-image-28476\" srcset=\"https:\/\/atecordoba.org\/wp-content\/uploads\/2021\/10\/07_10_Formacion_ATERioCuarto-1024x768.jpeg 1024w, https:\/\/atecordoba.org\/wp-content\/uploads\/2021\/10\/07_10_Formacion_ATERioCuarto-300x225.jpeg 300w, https:\/\/atecordoba.org\/wp-content\/uploads\/2021\/10\/07_10_Formacion_ATERioCuarto-768x576.jpeg 768w, https:\/\/atecordoba.org\/wp-content\/uploads\/2021\/10\/07_10_Formacion_ATERioCuarto-1536x1152.jpeg 1536w, https:\/\/atecordoba.org\/wp-content\/uploads\/2021\/10\/07_10_Formacion_ATERioCuarto-750x563.jpeg 750w, https:\/\/atecordoba.org\/wp-content\/uploads\/2021\/10\/07_10_Formacion_ATERioCuarto-1140x855.jpeg 1140w, https:\/\/atecordoba.org\/wp-content\/uploads\/2021\/10\/07_10_Formacion_ATERioCuarto.jpeg 1600w\" sizes=\"auto, (max-width: 1024px) 100vw, 1024px\" \/><\/a><\/figure><\/li><li class=\"blocks-gallery-item\"><figure><a href=\"https:\/\/atecordoba.org\/wp-content\/uploads\/2021\/10\/07_10_Formacion_ATERioCuarto1.jpeg\"><img loading=\"lazy\" decoding=\"async\" width=\"1024\" height=\"768\" src=\"https:\/\/atecordoba.org\/wp-content\/uploads\/2021\/10\/07_10_Formacion_ATERioCuarto1-1024x768.jpeg\" alt=\"\" data-id=\"28477\" data-full-url=\"https:\/\/atecordoba.org\/wp-content\/uploads\/2021\/10\/07_10_Formacion_ATERioCuarto1.jpeg\" data-link=\"https:\/\/atecordoba.org\/?attachment_id=28477\" class=\"wp-image-28477\" srcset=\"https:\/\/atecordoba.org\/wp-content\/uploads\/2021\/10\/07_10_Formacion_ATERioCuarto1-1024x768.jpeg 1024w, https:\/\/atecordoba.org\/wp-content\/uploads\/2021\/10\/07_10_Formacion_ATERioCuarto1-300x225.jpeg 300w, https:\/\/atecordoba.org\/wp-content\/uploads\/2021\/10\/07_10_Formacion_ATERioCuarto1-768x576.jpeg 768w, https:\/\/atecordoba.org\/wp-content\/uploads\/2021\/10\/07_10_Formacion_ATERioCuarto1-1536x1152.jpeg 1536w, https:\/\/atecordoba.org\/wp-content\/uploads\/2021\/10\/07_10_Formacion_ATERioCuarto1-750x563.jpeg 750w, https:\/\/atecordoba.org\/wp-content\/uploads\/2021\/10\/07_10_Formacion_ATERioCuarto1-1140x855.jpeg 1140w, https:\/\/atecordoba.org\/wp-content\/uploads\/2021\/10\/07_10_Formacion_ATERioCuarto1.jpeg 1600w\" sizes=\"auto, (max-width: 1024px) 100vw, 1024px\" \/><\/a><\/figure><\/li><li class=\"blocks-gallery-item\"><figure><a href=\"https:\/\/atecordoba.org\/wp-content\/uploads\/2021\/10\/07_10_Formacion_ATERioCuarto2.jpeg\"><img loading=\"lazy\" decoding=\"async\" width=\"1024\" height=\"768\" src=\"https:\/\/atecordoba.org\/wp-content\/uploads\/2021\/10\/07_10_Formacion_ATERioCuarto2-1024x768.jpeg\" alt=\"\" data-id=\"28478\" data-full-url=\"https:\/\/atecordoba.org\/wp-content\/uploads\/2021\/10\/07_10_Formacion_ATERioCuarto2.jpeg\" data-link=\"https:\/\/atecordoba.org\/?attachment_id=28478\" class=\"wp-image-28478\" srcset=\"https:\/\/atecordoba.org\/wp-content\/uploads\/2021\/10\/07_10_Formacion_ATERioCuarto2-1024x768.jpeg 1024w, https:\/\/atecordoba.org\/wp-content\/uploads\/2021\/10\/07_10_Formacion_ATERioCuarto2-300x225.jpeg 300w, https:\/\/atecordoba.org\/wp-content\/uploads\/2021\/10\/07_10_Formacion_ATERioCuarto2-768x576.jpeg 768w, https:\/\/atecordoba.org\/wp-content\/uploads\/2021\/10\/07_10_Formacion_ATERioCuarto2-1536x1152.jpeg 1536w, https:\/\/atecordoba.org\/wp-content\/uploads\/2021\/10\/07_10_Formacion_ATERioCuarto2-750x563.jpeg 750w, https:\/\/atecordoba.org\/wp-content\/uploads\/2021\/10\/07_10_Formacion_ATERioCuarto2-1140x855.jpeg 1140w, https:\/\/atecordoba.org\/wp-content\/uploads\/2021\/10\/07_10_Formacion_ATERioCuarto2.jpeg 1600w\" sizes=\"auto, (max-width: 1024px) 100vw, 1024px\" \/><\/a><\/figure><\/li><li class=\"blocks-gallery-item\"><figure><a href=\"https:\/\/atecordoba.org\/wp-content\/uploads\/2021\/10\/07_10_Formacion_ATERioCuarto3.jpeg\"><img loading=\"lazy\" decoding=\"async\" width=\"1024\" height=\"576\" src=\"https:\/\/atecordoba.org\/wp-content\/uploads\/2021\/10\/07_10_Formacion_ATERioCuarto3-1024x576.jpeg\" alt=\"\" data-id=\"28479\" data-full-url=\"https:\/\/atecordoba.org\/wp-content\/uploads\/2021\/10\/07_10_Formacion_ATERioCuarto3.jpeg\" data-link=\"https:\/\/atecordoba.org\/?attachment_id=28479\" class=\"wp-image-28479\" srcset=\"https:\/\/atecordoba.org\/wp-content\/uploads\/2021\/10\/07_10_Formacion_ATERioCuarto3-1024x576.jpeg 1024w, https:\/\/atecordoba.org\/wp-content\/uploads\/2021\/10\/07_10_Formacion_ATERioCuarto3-300x169.jpeg 300w, https:\/\/atecordoba.org\/wp-content\/uploads\/2021\/10\/07_10_Formacion_ATERioCuarto3-768x432.jpeg 768w, https:\/\/atecordoba.org\/wp-content\/uploads\/2021\/10\/07_10_Formacion_ATERioCuarto3-1536x864.jpeg 1536w, https:\/\/atecordoba.org\/wp-content\/uploads\/2021\/10\/07_10_Formacion_ATERioCuarto3-750x422.jpeg 750w, https:\/\/atecordoba.org\/wp-content\/uploads\/2021\/10\/07_10_Formacion_ATERioCuarto3-1140x641.jpeg 1140w, https:\/\/atecordoba.org\/wp-content\/uploads\/2021\/10\/07_10_Formacion_ATERioCuarto3.jpeg 1599w\" sizes=\"auto, (max-width: 1024px) 100vw, 1024px\" \/><\/a><\/figure><\/li><li class=\"blocks-gallery-item\"><figure><a href=\"https:\/\/atecordoba.org\/wp-content\/uploads\/2021\/10\/07_10_Formacion_ATERioCuarto4.jpeg\"><img loading=\"lazy\" decoding=\"async\" width=\"1024\" height=\"768\" src=\"https:\/\/atecordoba.org\/wp-content\/uploads\/2021\/10\/07_10_Formacion_ATERioCuarto4-1024x768.jpeg\" alt=\"\" data-id=\"28480\" data-full-url=\"https:\/\/atecordoba.org\/wp-content\/uploads\/2021\/10\/07_10_Formacion_ATERioCuarto4.jpeg\" data-link=\"https:\/\/atecordoba.org\/?attachment_id=28480\" class=\"wp-image-28480\" srcset=\"https:\/\/atecordoba.org\/wp-content\/uploads\/2021\/10\/07_10_Formacion_ATERioCuarto4-1024x768.jpeg 1024w, https:\/\/atecordoba.org\/wp-content\/uploads\/2021\/10\/07_10_Formacion_ATERioCuarto4-300x225.jpeg 300w, https:\/\/atecordoba.org\/wp-content\/uploads\/2021\/10\/07_10_Formacion_ATERioCuarto4-768x576.jpeg 768w, https:\/\/atecordoba.org\/wp-content\/uploads\/2021\/10\/07_10_Formacion_ATERioCuarto4-750x563.jpeg 750w, https:\/\/atecordoba.org\/wp-content\/uploads\/2021\/10\/07_10_Formacion_ATERioCuarto4-1140x855.jpeg 1140w, https:\/\/atecordoba.org\/wp-content\/uploads\/2021\/10\/07_10_Formacion_ATERioCuarto4.jpeg 1280w\" sizes=\"auto, (max-width: 1024px) 100vw, 1024px\" \/><\/a><\/figure><\/li><li class=\"blocks-gallery-item\"><figure><a href=\"https:\/\/atecordoba.org\/wp-content\/uploads\/2021\/10\/07_10_Formacion_ATERioCuarto5.jpeg\"><img loading=\"lazy\" decoding=\"async\" width=\"1024\" height=\"576\" src=\"https:\/\/atecordoba.org\/wp-content\/uploads\/2021\/10\/07_10_Formacion_ATERioCuarto5-1024x576.jpeg\" alt=\"\" data-id=\"28481\" data-full-url=\"https:\/\/atecordoba.org\/wp-content\/uploads\/2021\/10\/07_10_Formacion_ATERioCuarto5.jpeg\" data-link=\"https:\/\/atecordoba.org\/?attachment_id=28481\" class=\"wp-image-28481\" srcset=\"https:\/\/atecordoba.org\/wp-content\/uploads\/2021\/10\/07_10_Formacion_ATERioCuarto5-1024x576.jpeg 1024w, https:\/\/atecordoba.org\/wp-content\/uploads\/2021\/10\/07_10_Formacion_ATERioCuarto5-300x169.jpeg 300w, https:\/\/atecordoba.org\/wp-content\/uploads\/2021\/10\/07_10_Formacion_ATERioCuarto5-768x432.jpeg 768w, https:\/\/atecordoba.org\/wp-content\/uploads\/2021\/10\/07_10_Formacion_ATERioCuarto5-1536x864.jpeg 1536w, https:\/\/atecordoba.org\/wp-content\/uploads\/2021\/10\/07_10_Formacion_ATERioCuarto5-750x422.jpeg 750w, https:\/\/atecordoba.org\/wp-content\/uploads\/2021\/10\/07_10_Formacion_ATERioCuarto5-1140x641.jpeg 1140w, https:\/\/atecordoba.org\/wp-content\/uploads\/2021\/10\/07_10_Formacion_ATERioCuarto5.jpeg 1599w\" sizes=\"auto, (max-width: 1024px) 100vw, 1024px\" \/><\/a><\/figure><\/li><\/ul><\/figure>\n\n\n\n<p>En una fruct\u00edfera jornada llevada adelante hoy, trabajadoras y trabajadores de los sectores nacionales y provinciales de ATE, realizaron una formaci\u00f3n gremial orientada a fortalecer la acci\u00f3n de los cuerpos de delegados\/as de cada uno de los espacios de trabajo donde el sindicato tiene presencia. &#8220;Trabajamos desde una perspectiva integral que aborde, adem\u00e1s de lo intr\u00ednsecamente laboral y gremial, cuestiones m\u00e1s amplias que tienen que ver con los derechos humanos, la discapacidad y g\u00e9neros y diversidades, todos enfoques que enriquecen nuestra mirada y nos empujan a dar peleas integrales&#8221;, explic\u00f3 Julia Giuliani, Secretaria de Prensa y Comunicaci\u00f3n del Consejo Directivo Provincial (CDP) de ATE C\u00f3rdoba.<\/p>\n\n\n\n<p>Fueron expositores en el encuentro Cesar Theaux, Sec. Formaci\u00f3n del CDP;  David Salto, trabajador de la F\u00e1brica Militar de R\u00edo Tercero y Secretario Gremial de la seccional de ATE hom\u00f3nima; Franco Orsato, Titular del Departamento de Discapacidad del CDP de ATE C\u00f3rdoba; y Julia Giuliani, Secretaria de Prensa y Comunicaci\u00f3n del CDP.<\/p>\n\n\n\n<p>Participaron, adem\u00e1s, representantes de SENAF, SENASA, ANDIS, EMOS, ANAC, SAF, \u00c1REA MATERIAL RIO CUARTO, MINISTERIO DE TRABAJO, ANSES, BATALL\u00d3N DE ARSENALES Y UNRC.<\/p>\n\n\n\n<p>La actividad fue tambi\u00e9n acompa\u00f1ada por los m\u00e1ximos\/as referentes del sindicato local y de la Seccional de R\u00edo Tercero, Rafaela Alcoba y Dami\u00e1n Albornoz, Secretaria\/o General de cada una de esas seccionales, respectivamente. <\/p>\n","protected":false},"excerpt":{"rendered":"<p>En una fruct\u00edfera jornada llevada adelante hoy, trabajadoras y trabajadores de los sectores nacionales y provinciales de ATE, realizaron una formaci\u00f3n gremial orientada a fortalecer la acci\u00f3n de los cuerpos de delegados\/as de cada uno de los espacios de trabajo donde el sindicato tiene presencia. &#8220;Trabajamos desde una perspectiva integral que aborde, adem\u00e1s de lo [&hellip;]<\/p>\n","protected":false},"author":6,"featured_media":28476,"comment_status":"open","ping_status":"open","sticky":false,"template":"","format":"standard","meta":{"_exactmetrics_skip_tracking":false,"_exactmetrics_sitenote_active":false,"_exactmetrics_sitenote_note":"","_exactmetrics_sitenote_category":0,"jnews-multi-image_gallery":[],"jnews_single_post":{"subtitle":"El encuentro se realiz\u00f3 de manera presencial en la sede del gremio de calle San Mart\u00edn 374 de la ciudad del sur cordob\u00e9s. Expusieron referentes de la delegaci\u00f3n local, del CDP y de R\u00edo Tercero.","format":"standard","video":"","gallery":"","source_name":"","source_url":"","via_name":"","via_url":"","override":[{"template":"1","single_blog_custom":"","parallax":"1","fullscreen":"1","layout":"right-sidebar","sidebar":"default-sidebar","second_sidebar":"default-sidebar","sticky_sidebar":"1","share_position":"top","share_float_style":"share-monocrhome","show_share_counter":"1","show_view_counter":"1","show_featured":"1","show_post_meta":"1","show_post_author":"1","show_post_author_image":"1","show_post_date":"1","post_date_format":"default","post_date_format_custom":"Y\/m\/d","show_post_category":"1","post_reading_time_wpm":"300","zoom_button_out_step":"2","zoom_button_in_step":"3","show_post_tag":"1","show_prev_next_post":"1","show_popup_post":"1","number_popup_post":"1"}],"image_override":[{"single_post_thumbnail_size":"crop-500","single_post_gallery_size":"crop-500"}],"trending_post_position":"meta","trending_post_label":"Trending","sponsored_post_label":"Sponsored by","sponsored_post_name":"","sponsored_post_url":"","sponsored_post_logo":"","sponsored_post_desc":""},"jnews_primary_category":{"id":""},"jnews_social_meta":[],"jnews_review":[],"enable_review":"","type":"","name":"","summary":"","brand":"","sku":"","good":[],"bad":[],"score_override":"","override_value":"","rating":[],"price":[],"jnews_override_counter":[],"jnews_post_split":[],"footnotes":""},"categories":[341,88,906,907,12,13],"tags":[],"class_list":["post-28472","post","type-post","status-publish","format-standard","has-post-thumbnail","hentry","category-cdp","category-formacion","category-nacionales-manual-de-delegadxs","category-provinciales-manual-de-delegadxs","category-rio-cuarto","category-rio-tercero"],"jetpack_featured_media_url":"https:\/\/atecordoba.org\/wp-content\/uploads\/2021\/10\/07_10_Formacion_ATERioCuarto.jpeg","_links":{"self":[{"href":"https:\/\/atecordoba.org\/index.php?rest_route=\/wp\/v2\/posts\/28472","targetHints":{"allow":["GET"]}}],"collection":[{"href":"https:\/\/atecordoba.org\/index.php?rest_route=\/wp\/v2\/posts"}],"about":[{"href":"https:\/\/atecordoba.org\/index.php?rest_route=\/wp\/v2\/types\/post"}],"author":[{"embeddable":true,"href":"https:\/\/atecordoba.org\/index.php?rest_route=\/wp\/v2\/users\/6"}],"replies":[{"embeddable":true,"href":"https:\/\/atecordoba.org\/index.php?rest_route=%2Fwp%2Fv2%2Fcomments&post=28472"}],"version-history":[{"count":2,"href":"https:\/\/atecordoba.org\/index.php?rest_route=\/wp\/v2\/posts\/28472\/revisions"}],"predecessor-version":[{"id":28483,"href":"https:\/\/atecordoba.org\/index.php?rest_route=\/wp\/v2\/posts\/28472\/revisions\/28483"}],"wp:featuredmedia":[{"embeddable":true,"href":"https:\/\/atecordoba.org\/index.php?rest_route=\/wp\/v2\/media\/28476"}],"wp:attachment":[{"href":"https:\/\/atecordoba.org\/index.php?rest_route=%2Fwp%2Fv2%2Fmedia&parent=28472"}],"wp:term":[{"taxonomy":"category","embeddable":true,"href":"https:\/\/atecordoba.org\/index.php?rest_route=%2Fwp%2Fv2%2Fcategories&post=28472"},{"taxonomy":"post_tag","embeddable":true,"href":"https:\/\/atecordoba.org\/index.php?rest_route=%2Fwp%2Fv2%2Ftags&post=28472"}],"curies":[{"name":"wp","href":"https:\/\/api.w.org\/{rel}","templated":true}]}}