{"id":28466,"date":"2021-10-07T15:01:17","date_gmt":"2021-10-07T18:01:17","guid":{"rendered":"https:\/\/atecordoba.org\/?p=28466"},"modified":"2021-10-07T15:03:04","modified_gmt":"2021-10-07T18:03:04","slug":"ate-acompano-la-presentacion-de-la-ley-de-regulacion-del-ejercicio-profesional-de-la-enfermeria-en-rio-cuarto","status":"publish","type":"post","link":"https:\/\/atecordoba.org\/?p=28466","title":{"rendered":"ATE acompa\u00f1\u00f3 la presentaci\u00f3n de la Ley de Regulaci\u00f3n del Ejercicio Profesional de la Enfermer\u00eda en R\u00edo Cuarto"},"content":{"rendered":"\n<div class=\"wp-block-image\"><figure class=\"aligncenter size-large is-resized\"><img loading=\"lazy\" decoding=\"async\" src=\"https:\/\/atecordoba.org\/wp-content\/uploads\/2021\/10\/07_10_Salutacion_Enfermeria_ATE-1024x682.jpeg\" alt=\"\" class=\"wp-image-28468\" width=\"768\" height=\"512\" srcset=\"https:\/\/atecordoba.org\/wp-content\/uploads\/2021\/10\/07_10_Salutacion_Enfermeria_ATE-1024x682.jpeg 1024w, https:\/\/atecordoba.org\/wp-content\/uploads\/2021\/10\/07_10_Salutacion_Enfermeria_ATE-300x200.jpeg 300w, https:\/\/atecordoba.org\/wp-content\/uploads\/2021\/10\/07_10_Salutacion_Enfermeria_ATE-768x512.jpeg 768w, https:\/\/atecordoba.org\/wp-content\/uploads\/2021\/10\/07_10_Salutacion_Enfermeria_ATE-750x500.jpeg 750w, https:\/\/atecordoba.org\/wp-content\/uploads\/2021\/10\/07_10_Salutacion_Enfermeria_ATE-1140x760.jpeg 1140w, https:\/\/atecordoba.org\/wp-content\/uploads\/2021\/10\/07_10_Salutacion_Enfermeria_ATE.jpeg 1280w\" sizes=\"auto, (max-width: 768px) 100vw, 768px\" \/><\/figure><\/div>\n\n\n\n<p>El acto de presentaci\u00f3n de la ley de Regulaci\u00f3n del Ejercicio Profesional de la Enfermer\u00eda se realiz\u00f3 esta ma\u00f1ana en el Centro C\u00edvico de R\u00edo Cuarto, la sede alterna del Gobierno  Provincial y ATE estuvo presente con una delegaci\u00f3n integrada por el secretario de Formaci\u00f3n del Consejo Directivo Provincial (CDP), C\u00e9sar Theaux, la secretaria General de ATE R\u00edo Cuarto, Rafaela Alcoba, y su par de R\u00edo Tercero, Dami\u00e1n Albornoz. <\/p>\n\n\n\n<p>All\u00ed nuestro gremio acompa\u00f1\u00f3 a la Asociaci\u00f3n de Enfermer\u00eda del Sur de C\u00f3rdoba. En nota enviada a la instituci\u00f3n, con la firma del secretario General del CDP, Federico Giuliani, ATE destac\u00f3 que la Ley 10780 es &#8220;fruto de la lucha por el reconocimiento de la incansable labor de trabajadores y trabajadoras profesionales actuantes en el campo de la salud humana y que, tras tantos a\u00f1os de inconmensurable empe\u00f1o, hoy en hecho realidad este sue\u00f1o, paso fundamental en el camino del enaltecimiento de la profesi\u00f3n de la enfermer\u00eda y la dignificaci\u00f3n del colectivo&#8221;.<\/p>\n\n\n\n<p>Y record\u00f3 que &#8220;una comunidad organizada, con sus trabajadores y trabajadoras participando activa y democr\u00e1ticamente en la construcci\u00f3n de sociedades m\u00e1s justas y solidarias, es el ideario que desde nuestro sindicato pregonamos&#8221;.<\/p>\n\n\n\n<figure class=\"wp-block-gallery aligncenter columns-2 is-cropped wp-block-gallery-1 is-layout-flex wp-block-gallery-is-layout-flex\"><ul class=\"blocks-gallery-grid\"><li class=\"blocks-gallery-item\"><figure><a href=\"https:\/\/atecordoba.org\/wp-content\/uploads\/2021\/10\/07_10_Salutacion_Enfermeria_ATE2-1.jpeg\"><img loading=\"lazy\" decoding=\"async\" width=\"1024\" height=\"683\" src=\"https:\/\/atecordoba.org\/wp-content\/uploads\/2021\/10\/07_10_Salutacion_Enfermeria_ATE2-1-1024x683.jpeg\" alt=\"\" data-id=\"28469\" data-full-url=\"https:\/\/atecordoba.org\/wp-content\/uploads\/2021\/10\/07_10_Salutacion_Enfermeria_ATE2-1.jpeg\" data-link=\"https:\/\/atecordoba.org\/?attachment_id=28469\" class=\"wp-image-28469\" srcset=\"https:\/\/atecordoba.org\/wp-content\/uploads\/2021\/10\/07_10_Salutacion_Enfermeria_ATE2-1-1024x683.jpeg 1024w, https:\/\/atecordoba.org\/wp-content\/uploads\/2021\/10\/07_10_Salutacion_Enfermeria_ATE2-1-300x200.jpeg 300w, https:\/\/atecordoba.org\/wp-content\/uploads\/2021\/10\/07_10_Salutacion_Enfermeria_ATE2-1-768x512.jpeg 768w, https:\/\/atecordoba.org\/wp-content\/uploads\/2021\/10\/07_10_Salutacion_Enfermeria_ATE2-1-1536x1024.jpeg 1536w, https:\/\/atecordoba.org\/wp-content\/uploads\/2021\/10\/07_10_Salutacion_Enfermeria_ATE2-1-750x500.jpeg 750w, https:\/\/atecordoba.org\/wp-content\/uploads\/2021\/10\/07_10_Salutacion_Enfermeria_ATE2-1-1140x760.jpeg 1140w, https:\/\/atecordoba.org\/wp-content\/uploads\/2021\/10\/07_10_Salutacion_Enfermeria_ATE2-1.jpeg 1599w\" sizes=\"auto, (max-width: 1024px) 100vw, 1024px\" \/><\/a><\/figure><\/li><li class=\"blocks-gallery-item\"><figure><a href=\"https:\/\/atecordoba.org\/wp-content\/uploads\/2021\/10\/07_10_Salutacion_Enfermeria_ATE3.jpeg\"><img loading=\"lazy\" decoding=\"async\" width=\"1024\" height=\"576\" src=\"https:\/\/atecordoba.org\/wp-content\/uploads\/2021\/10\/07_10_Salutacion_Enfermeria_ATE3-1024x576.jpeg\" alt=\"\" data-id=\"28470\" data-full-url=\"https:\/\/atecordoba.org\/wp-content\/uploads\/2021\/10\/07_10_Salutacion_Enfermeria_ATE3.jpeg\" data-link=\"https:\/\/atecordoba.org\/?attachment_id=28470\" class=\"wp-image-28470\" \/><\/a><\/figure><\/li><\/ul><\/figure>\n\n\n\n<p>En esa l\u00ednea, el secretario Adjunto del CDP, Hugo Duran, dijo que &#8220;a pesar de que los y las enfermeras est\u00e1n mal pagas por la provincia, es un primer paso porque los ubica a la altura de la actividad que realizan con el resto de los profesionales que trabajan en el hospital p\u00fablico&#8221;. <\/p>\n\n\n\n<p>El dirigente afirm\u00f3 que &#8220;desde ese lugar saludamos y decimos que estamos dispuestos a transitar ese camino que lleva a que a partir de ahora la enfermer\u00eda tenga el reconocimiento econ\u00f3mico por la tarea que desempe\u00f1a en cada uno de los centros de salud p\u00fablicos y privados. Porque esta ley abarca los dos estamentos&#8221;.<\/p>\n\n\n\n<p>&#8220;En el caso del sector p\u00fablico provincia, que ATE representa directamente, nos pone muy felices que se hay cumplido esta etapa y ahora vamos a avanzar sobre el resto de las demandas del sector. Era indispensable que la enfermer\u00eda, como el resto de las profesiones, tenga su colegio profesional. El a\u00f1o que viene vamos a empezar a trabajar, con algunas de las organizaciones sindicales y las asociaciones de enfermer\u00eda y otros estamentos que representan a esta noble profesi\u00f3n, para crear un colegio que los agrupe, que los distinga y que jerarquice la profesi\u00f3n&#8221;, agreg\u00f3 Dur\u00e1n.<\/p>\n\n\n\n<p>Y concluy\u00f3 que &#8220;nos parece que es una buena forma de empezar el 2022, trabajando conjuntamente por el bien de este colectivo que tanto hizo para que superemos la pandemia&#8221;. <\/p>\n\n\n<a href=\"https:\/\/atecordoba.org\/wp-content\/uploads\/2021\/10\/07_10_Salutacion_Enfermeria_ATE-1.pdf\" class=\"pdfemb-viewer\" style=\"\" data-width=\"max\" data-height=\"max\" data-toolbar=\"bottom\" data-toolbar-fixed=\"off\">07_10_Salutacion_Enfermeria_ATE-1<\/a>\n<p class=\"wp-block-pdfemb-pdf-embedder-viewer\"><\/p>\n\n\n\n<p><\/p>\n","protected":false},"excerpt":{"rendered":"<p>El acto de presentaci\u00f3n de la ley de Regulaci\u00f3n del Ejercicio Profesional de la Enfermer\u00eda se realiz\u00f3 esta ma\u00f1ana en el Centro C\u00edvico de R\u00edo Cuarto, la sede alterna del Gobierno Provincial y ATE estuvo presente con una delegaci\u00f3n integrada por el secretario de Formaci\u00f3n del Consejo Directivo Provincial (CDP), C\u00e9sar Theaux, la secretaria General [&hellip;]<\/p>\n","protected":false},"author":7,"featured_media":28470,"comment_status":"open","ping_status":"open","sticky":false,"template":"","format":"standard","meta":{"_exactmetrics_skip_tracking":false,"_exactmetrics_sitenote_active":false,"_exactmetrics_sitenote_note":"","_exactmetrics_sitenote_category":0,"jnews-multi-image_gallery":[],"jnews_single_post":{"subtitle":"\"La ley jerarquiza la enfermer\u00eda y la ubica a la altura del resto de las profesiones que hay en los hospitales\", consider\u00f3 el secretario Adjunto de ATE C\u00f3rdoba, Hugo Dur\u00e1n.","format":"standard","video":"","gallery":"","source_name":"","source_url":"","via_name":"","via_url":"","override":[{"template":"1","single_blog_custom":"","parallax":"1","fullscreen":"1","layout":"right-sidebar","sidebar":"default-sidebar","second_sidebar":"default-sidebar","sticky_sidebar":"1","share_position":"top","share_float_style":"share-monocrhome","show_share_counter":"1","show_view_counter":"1","show_featured":"1","show_post_meta":"1","show_post_author":"1","show_post_author_image":"1","show_post_date":"1","post_date_format":"default","post_date_format_custom":"Y\/m\/d","show_post_category":"1","post_reading_time_wpm":"300","zoom_button_out_step":"2","zoom_button_in_step":"3","show_post_tag":"1","show_prev_next_post":"1","show_popup_post":"1","number_popup_post":"1"}],"image_override":[{"single_post_thumbnail_size":"crop-500","single_post_gallery_size":"crop-500"}],"trending_post_position":"meta","trending_post_label":"Trending","sponsored_post_label":"Sponsored by","sponsored_post_name":"","sponsored_post_url":"","sponsored_post_logo":"","sponsored_post_desc":""},"jnews_primary_category":{"id":""},"jnews_social_meta":[],"jnews_review":[],"enable_review":"","type":"","name":"","summary":"","brand":"","sku":"","good":[],"bad":[],"score_override":"","override_value":"","rating":[],"price":[],"jnews_override_counter":[],"jnews_post_split":[],"footnotes":""},"categories":[10],"tags":[510],"class_list":["post-28466","post","type-post","status-publish","format-standard","has-post-thumbnail","hentry","category-accion-politica","tag-enfermeros"],"jetpack_featured_media_url":"https:\/\/atecordoba.org\/wp-content\/uploads\/2021\/10\/07_10_Salutacion_Enfermeria_ATE3-e1633629668249.jpeg","_links":{"self":[{"href":"https:\/\/atecordoba.org\/index.php?rest_route=\/wp\/v2\/posts\/28466","targetHints":{"allow":["GET"]}}],"collection":[{"href":"https:\/\/atecordoba.org\/index.php?rest_route=\/wp\/v2\/posts"}],"about":[{"href":"https:\/\/atecordoba.org\/index.php?rest_route=\/wp\/v2\/types\/post"}],"author":[{"embeddable":true,"href":"https:\/\/atecordoba.org\/index.php?rest_route=\/wp\/v2\/users\/7"}],"replies":[{"embeddable":true,"href":"https:\/\/atecordoba.org\/index.php?rest_route=%2Fwp%2Fv2%2Fcomments&post=28466"}],"version-history":[{"count":2,"href":"https:\/\/atecordoba.org\/index.php?rest_route=\/wp\/v2\/posts\/28466\/revisions"}],"predecessor-version":[{"id":28475,"href":"https:\/\/atecordoba.org\/index.php?rest_route=\/wp\/v2\/posts\/28466\/revisions\/28475"}],"wp:featuredmedia":[{"embeddable":true,"href":"https:\/\/atecordoba.org\/index.php?rest_route=\/wp\/v2\/media\/28470"}],"wp:attachment":[{"href":"https:\/\/atecordoba.org\/index.php?rest_route=%2Fwp%2Fv2%2Fmedia&parent=28466"}],"wp:term":[{"taxonomy":"category","embeddable":true,"href":"https:\/\/atecordoba.org\/index.php?rest_route=%2Fwp%2Fv2%2Fcategories&post=28466"},{"taxonomy":"post_tag","embeddable":true,"href":"https:\/\/atecordoba.org\/index.php?rest_route=%2Fwp%2Fv2%2Ftags&post=28466"}],"curies":[{"name":"wp","href":"https:\/\/api.w.org\/{rel}","templated":true}]}}