{"id":28441,"date":"2021-10-07T10:28:11","date_gmt":"2021-10-07T13:28:11","guid":{"rendered":"https:\/\/atecordoba.org\/?p=28441"},"modified":"2021-10-14T11:54:14","modified_gmt":"2021-10-14T14:54:14","slug":"cntr-la-eleccion-del-delegado-beccacesi-muestra-como-ate-revierte-los-despidos-de-macri","status":"publish","type":"post","link":"https:\/\/atecordoba.org\/?p=28441","title":{"rendered":"CNRT: la elecci\u00f3n del delegado Beccacesi muestra c\u00f3mo ATE revierte los despidos de Macri"},"content":{"rendered":"\n<div class=\"wp-block-image\"><figure class=\"aligncenter size-large is-resized\"><img loading=\"lazy\" decoding=\"async\" src=\"https:\/\/atecordoba.org\/wp-content\/uploads\/2021\/10\/IMG-20211007-WA0011-1024x766.jpg\" alt=\"\" class=\"wp-image-28442\" width=\"768\" height=\"575\" srcset=\"https:\/\/atecordoba.org\/wp-content\/uploads\/2021\/10\/IMG-20211007-WA0011-1024x766.jpg 1024w, https:\/\/atecordoba.org\/wp-content\/uploads\/2021\/10\/IMG-20211007-WA0011-300x224.jpg 300w, https:\/\/atecordoba.org\/wp-content\/uploads\/2021\/10\/IMG-20211007-WA0011-768x575.jpg 768w, https:\/\/atecordoba.org\/wp-content\/uploads\/2021\/10\/IMG-20211007-WA0011-1536x1149.jpg 1536w, https:\/\/atecordoba.org\/wp-content\/uploads\/2021\/10\/IMG-20211007-WA0011-750x561.jpg 750w, https:\/\/atecordoba.org\/wp-content\/uploads\/2021\/10\/IMG-20211007-WA0011-1140x853.jpg 1140w, https:\/\/atecordoba.org\/wp-content\/uploads\/2021\/10\/IMG-20211007-WA0011.jpg 1600w\" sizes=\"auto, (max-width: 768px) 100vw, 768px\" \/><\/figure><\/div>\n\n\n\n<p>El martes pasado las y los trabajadores de la delegaci\u00f3n C\u00f3rdoba de la Comisi\u00f3n Nacional de Regulaci\u00f3n del Transporte (CNRT) eligieron como delegado gremial de ATE, por los pr\u00f3ximos dos a\u00f1os, al compa\u00f1ero Claudio Beccacesi.<\/p>\n\n\n\n<p>Se trata de uno de los trabajadores del organismo que h<a href=\"https:\/\/atecordoba.org\/?p=25075\">ab\u00eda sido despedido por el macrismo y result\u00f3 reincorporado <\/a>en abril pasado como resultado de la lucha de ATE y la CORREDMA &nbsp;(Comisi\u00f3n de Relevamiento y Reincorporaci\u00f3n de los trabajadores y trabajadoras estatales despedidos en la era Macri), dando cuenta que con perseverancia y compromiso en la defensa de los derechos de las y los trabajadores se logran los objetivos deseados. <\/p>\n\n\n\n<p>Ahora Beccacesi dio un paso m\u00e1s, al ser elegido como delegado de su sector. Para la realizaci\u00f3n de la elecci\u00f3n, en la oficina de la Terminal de \u00d3mnibus de C\u00f3rdoba, estuvieron presentes el referente de la CORREDMA e integrante de la conducci\u00f3n nacional de ATE , Francisco Pancho Dollmann, Agust\u00edn Bertone del Departamento de Nacionales de ATE C\u00f3rdoba, junto a compa\u00f1eros de la CNTR llegados desde Mar del Plata y Mendoza, que quisieron estar presentes en la oportunidad. <\/p>\n\n\n\n<figure class=\"wp-block-gallery columns-3 is-cropped wp-block-gallery-1 is-layout-flex wp-block-gallery-is-layout-flex\"><ul class=\"blocks-gallery-grid\"><li class=\"blocks-gallery-item\"><figure><a href=\"https:\/\/atecordoba.org\/wp-content\/uploads\/2021\/10\/IMG-20211007-WA0012.jpg\"><img loading=\"lazy\" decoding=\"async\" width=\"1024\" height=\"766\" src=\"https:\/\/atecordoba.org\/wp-content\/uploads\/2021\/10\/IMG-20211007-WA0012-1024x766.jpg\" alt=\"\" data-id=\"28444\" data-full-url=\"https:\/\/atecordoba.org\/wp-content\/uploads\/2021\/10\/IMG-20211007-WA0012.jpg\" data-link=\"https:\/\/atecordoba.org\/?attachment_id=28444\" class=\"wp-image-28444\"\/><\/a><\/figure><\/li><li class=\"blocks-gallery-item\"><figure><a href=\"https:\/\/atecordoba.org\/wp-content\/uploads\/2021\/10\/IMG-20211007-WA0015.jpg\"><img loading=\"lazy\" decoding=\"async\" width=\"1024\" height=\"766\" src=\"https:\/\/atecordoba.org\/wp-content\/uploads\/2021\/10\/IMG-20211007-WA0015-1024x766.jpg\" alt=\"\" data-id=\"28445\" data-full-url=\"https:\/\/atecordoba.org\/wp-content\/uploads\/2021\/10\/IMG-20211007-WA0015.jpg\" data-link=\"https:\/\/atecordoba.org\/?attachment_id=28445\" class=\"wp-image-28445\" srcset=\"https:\/\/atecordoba.org\/wp-content\/uploads\/2021\/10\/IMG-20211007-WA0015-1024x766.jpg 1024w, https:\/\/atecordoba.org\/wp-content\/uploads\/2021\/10\/IMG-20211007-WA0015-300x224.jpg 300w, https:\/\/atecordoba.org\/wp-content\/uploads\/2021\/10\/IMG-20211007-WA0015-768x574.jpg 768w, https:\/\/atecordoba.org\/wp-content\/uploads\/2021\/10\/IMG-20211007-WA0015-750x561.jpg 750w, https:\/\/atecordoba.org\/wp-content\/uploads\/2021\/10\/IMG-20211007-WA0015-1140x852.jpg 1140w, https:\/\/atecordoba.org\/wp-content\/uploads\/2021\/10\/IMG-20211007-WA0015.jpg 1280w\" sizes=\"auto, (max-width: 1024px) 100vw, 1024px\" \/><\/a><\/figure><\/li><li class=\"blocks-gallery-item\"><figure><a href=\"https:\/\/atecordoba.org\/wp-content\/uploads\/2021\/10\/IMG-20211007-WA0006.jpg\"><img loading=\"lazy\" decoding=\"async\" width=\"1024\" height=\"768\" src=\"https:\/\/atecordoba.org\/wp-content\/uploads\/2021\/10\/IMG-20211007-WA0006-1024x768.jpg\" alt=\"\" data-id=\"28446\" data-full-url=\"https:\/\/atecordoba.org\/wp-content\/uploads\/2021\/10\/IMG-20211007-WA0006.jpg\" data-link=\"https:\/\/atecordoba.org\/?attachment_id=28446\" class=\"wp-image-28446\" srcset=\"https:\/\/atecordoba.org\/wp-content\/uploads\/2021\/10\/IMG-20211007-WA0006-1024x768.jpg 1024w, https:\/\/atecordoba.org\/wp-content\/uploads\/2021\/10\/IMG-20211007-WA0006-300x225.jpg 300w, https:\/\/atecordoba.org\/wp-content\/uploads\/2021\/10\/IMG-20211007-WA0006-768x576.jpg 768w, https:\/\/atecordoba.org\/wp-content\/uploads\/2021\/10\/IMG-20211007-WA0006-1536x1153.jpg 1536w, https:\/\/atecordoba.org\/wp-content\/uploads\/2021\/10\/IMG-20211007-WA0006-750x563.jpg 750w, https:\/\/atecordoba.org\/wp-content\/uploads\/2021\/10\/IMG-20211007-WA0006-1140x856.jpg 1140w, https:\/\/atecordoba.org\/wp-content\/uploads\/2021\/10\/IMG-20211007-WA0006.jpg 1599w\" sizes=\"auto, (max-width: 1024px) 100vw, 1024px\" \/><\/a><\/figure><\/li><li class=\"blocks-gallery-item\"><figure><a href=\"https:\/\/atecordoba.org\/wp-content\/uploads\/2021\/10\/IMG-20211007-WA0008.jpg\"><img loading=\"lazy\" decoding=\"async\" width=\"1024\" height=\"768\" src=\"https:\/\/atecordoba.org\/wp-content\/uploads\/2021\/10\/IMG-20211007-WA0008-1024x768.jpg\" alt=\"\" data-id=\"28447\" data-full-url=\"https:\/\/atecordoba.org\/wp-content\/uploads\/2021\/10\/IMG-20211007-WA0008.jpg\" data-link=\"https:\/\/atecordoba.org\/?attachment_id=28447\" class=\"wp-image-28447\" srcset=\"https:\/\/atecordoba.org\/wp-content\/uploads\/2021\/10\/IMG-20211007-WA0008-1024x768.jpg 1024w, https:\/\/atecordoba.org\/wp-content\/uploads\/2021\/10\/IMG-20211007-WA0008-300x225.jpg 300w, https:\/\/atecordoba.org\/wp-content\/uploads\/2021\/10\/IMG-20211007-WA0008-768x576.jpg 768w, https:\/\/atecordoba.org\/wp-content\/uploads\/2021\/10\/IMG-20211007-WA0008-1536x1152.jpg 1536w, https:\/\/atecordoba.org\/wp-content\/uploads\/2021\/10\/IMG-20211007-WA0008-750x563.jpg 750w, https:\/\/atecordoba.org\/wp-content\/uploads\/2021\/10\/IMG-20211007-WA0008-1140x855.jpg 1140w, https:\/\/atecordoba.org\/wp-content\/uploads\/2021\/10\/IMG-20211007-WA0008.jpg 1600w\" sizes=\"auto, (max-width: 1024px) 100vw, 1024px\" \/><\/a><\/figure><\/li><li class=\"blocks-gallery-item\"><figure><a href=\"https:\/\/atecordoba.org\/wp-content\/uploads\/2021\/10\/IMG-20211007-WA0009.jpg\"><img loading=\"lazy\" decoding=\"async\" width=\"1024\" height=\"768\" src=\"https:\/\/atecordoba.org\/wp-content\/uploads\/2021\/10\/IMG-20211007-WA0009-1024x768.jpg\" alt=\"\" data-id=\"28448\" data-full-url=\"https:\/\/atecordoba.org\/wp-content\/uploads\/2021\/10\/IMG-20211007-WA0009.jpg\" data-link=\"https:\/\/atecordoba.org\/?attachment_id=28448\" class=\"wp-image-28448\" srcset=\"https:\/\/atecordoba.org\/wp-content\/uploads\/2021\/10\/IMG-20211007-WA0009-1024x768.jpg 1024w, https:\/\/atecordoba.org\/wp-content\/uploads\/2021\/10\/IMG-20211007-WA0009-300x225.jpg 300w, https:\/\/atecordoba.org\/wp-content\/uploads\/2021\/10\/IMG-20211007-WA0009-768x576.jpg 768w, https:\/\/atecordoba.org\/wp-content\/uploads\/2021\/10\/IMG-20211007-WA0009-750x563.jpg 750w, https:\/\/atecordoba.org\/wp-content\/uploads\/2021\/10\/IMG-20211007-WA0009-1140x855.jpg 1140w, https:\/\/atecordoba.org\/wp-content\/uploads\/2021\/10\/IMG-20211007-WA0009.jpg 1280w\" sizes=\"auto, (max-width: 1024px) 100vw, 1024px\" \/><\/a><\/figure><\/li><li class=\"blocks-gallery-item\"><figure><a href=\"https:\/\/atecordoba.org\/wp-content\/uploads\/2021\/10\/IMG-20211007-WA0010-1.jpg\"><img loading=\"lazy\" decoding=\"async\" width=\"1024\" height=\"768\" src=\"https:\/\/atecordoba.org\/wp-content\/uploads\/2021\/10\/IMG-20211007-WA0010-1-1024x768.jpg\" alt=\"\" data-id=\"28449\" data-full-url=\"https:\/\/atecordoba.org\/wp-content\/uploads\/2021\/10\/IMG-20211007-WA0010-1.jpg\" data-link=\"https:\/\/atecordoba.org\/?attachment_id=28449\" class=\"wp-image-28449\" srcset=\"https:\/\/atecordoba.org\/wp-content\/uploads\/2021\/10\/IMG-20211007-WA0010-1-1024x768.jpg 1024w, https:\/\/atecordoba.org\/wp-content\/uploads\/2021\/10\/IMG-20211007-WA0010-1-300x225.jpg 300w, https:\/\/atecordoba.org\/wp-content\/uploads\/2021\/10\/IMG-20211007-WA0010-1-768x576.jpg 768w, https:\/\/atecordoba.org\/wp-content\/uploads\/2021\/10\/IMG-20211007-WA0010-1-750x563.jpg 750w, https:\/\/atecordoba.org\/wp-content\/uploads\/2021\/10\/IMG-20211007-WA0010-1-1140x855.jpg 1140w, https:\/\/atecordoba.org\/wp-content\/uploads\/2021\/10\/IMG-20211007-WA0010-1.jpg 1280w\" sizes=\"auto, (max-width: 1024px) 100vw, 1024px\" \/><\/a><\/figure><\/li><\/ul><\/figure>\n\n\n\n<p>Beccacesi agradeci\u00f3 a todo ATE, a la CORREDMA, haciendo especial hincapi\u00e9 en nuestro secretario General, Federico Giuliani, que &#8220;siempre estuvo cuando dando el apoyo y la presencia en esta lucha&#8221;, dijo el nuevo delegado. <\/p>\n\n\n\n<p>&#8220;Muy feliz estoy por poder representar mis compa\u00f1eros, con el desaf\u00edo de poder ayudar en cualquier situaci\u00f3n laboral. Tenemos un gremio activo y colaborativo para resolver de manera favorable los problemas ante quien corresponda. ATE nunca abandona la lucha y soy el claro ejemplo de eso porque despu\u00e9s de ser despedido durante el gobierno macrista hoy estoy reincorporado y ejerciendo la representaci\u00f3n gremial en la CNTR&#8221;, resumi\u00f3 con orgullo Becacesi .<\/p>\n\n\n\n<p>Y concluy\u00f3: &#8220;Agradecido a CORREDMA y ATE que siempre estuvieron en la lucha y a los compa\u00f1eros que vinieron de Mendoza y Mar del Plata a dar el apoyo. Hoy estamos luchando para reincorporar los compa\u00f1eros que faltan&#8221;.<\/p>\n","protected":false},"excerpt":{"rendered":"<p>El martes pasado las y los trabajadores de la delegaci\u00f3n C\u00f3rdoba de la Comisi\u00f3n Nacional de Regulaci\u00f3n del Transporte (CNRT) eligieron como delegado gremial de ATE, por los pr\u00f3ximos dos a\u00f1os, al compa\u00f1ero Claudio Beccacesi. Se trata de uno de los trabajadores del organismo que hab\u00eda sido despedido por el macrismo y result\u00f3 reincorporado en [&hellip;]<\/p>\n","protected":false},"author":7,"featured_media":28444,"comment_status":"open","ping_status":"open","sticky":false,"template":"","format":"standard","meta":{"_exactmetrics_skip_tracking":false,"_exactmetrics_sitenote_active":false,"_exactmetrics_sitenote_note":"","_exactmetrics_sitenote_category":0,"jnews-multi-image_gallery":[],"jnews_single_post":{"subtitle":"El delegado fue reincorporado en abril luego de ser despedido en 2018.","format":"standard","video":"","gallery":"","source_name":"","source_url":"","via_name":"","via_url":"","override":[{"template":"1","single_blog_custom":"","parallax":"1","fullscreen":"1","layout":"right-sidebar","sidebar":"default-sidebar","second_sidebar":"default-sidebar","sticky_sidebar":"1","share_position":"top","share_float_style":"share-monocrhome","show_share_counter":"1","show_view_counter":"1","show_featured":"1","show_post_meta":"1","show_post_author":"1","show_post_author_image":"1","show_post_date":"1","post_date_format":"default","post_date_format_custom":"Y\/m\/d","show_post_category":"1","post_reading_time_wpm":"300","zoom_button_out_step":"2","zoom_button_in_step":"3","show_post_tag":"1","show_prev_next_post":"1","show_popup_post":"1","number_popup_post":"1"}],"image_override":[{"single_post_thumbnail_size":"crop-500","single_post_gallery_size":"crop-500"}],"trending_post_position":"meta","trending_post_label":"Trending","sponsored_post_label":"Sponsored by","sponsored_post_name":"","sponsored_post_url":"","sponsored_post_logo":"","sponsored_post_desc":""},"jnews_primary_category":{"id":""},"jnews_social_meta":[],"jnews_review":[],"enable_review":"","type":"","name":"","summary":"","brand":"","sku":"","good":[],"bad":[],"score_override":"","override_value":"","rating":[],"price":[],"jnews_override_counter":[],"jnews_post_split":[],"footnotes":""},"categories":[18],"tags":[793],"class_list":["post-28441","post","type-post","status-publish","format-standard","has-post-thumbnail","hentry","category-nacionales","tag-cnrt"],"jetpack_featured_media_url":"https:\/\/atecordoba.org\/wp-content\/uploads\/2021\/10\/IMG-20211007-WA0012-e1633613277629.jpg","_links":{"self":[{"href":"https:\/\/atecordoba.org\/index.php?rest_route=\/wp\/v2\/posts\/28441","targetHints":{"allow":["GET"]}}],"collection":[{"href":"https:\/\/atecordoba.org\/index.php?rest_route=\/wp\/v2\/posts"}],"about":[{"href":"https:\/\/atecordoba.org\/index.php?rest_route=\/wp\/v2\/types\/post"}],"author":[{"embeddable":true,"href":"https:\/\/atecordoba.org\/index.php?rest_route=\/wp\/v2\/users\/7"}],"replies":[{"embeddable":true,"href":"https:\/\/atecordoba.org\/index.php?rest_route=%2Fwp%2Fv2%2Fcomments&post=28441"}],"version-history":[{"count":3,"href":"https:\/\/atecordoba.org\/index.php?rest_route=\/wp\/v2\/posts\/28441\/revisions"}],"predecessor-version":[{"id":28517,"href":"https:\/\/atecordoba.org\/index.php?rest_route=\/wp\/v2\/posts\/28441\/revisions\/28517"}],"wp:featuredmedia":[{"embeddable":true,"href":"https:\/\/atecordoba.org\/index.php?rest_route=\/wp\/v2\/media\/28444"}],"wp:attachment":[{"href":"https:\/\/atecordoba.org\/index.php?rest_route=%2Fwp%2Fv2%2Fmedia&parent=28441"}],"wp:term":[{"taxonomy":"category","embeddable":true,"href":"https:\/\/atecordoba.org\/index.php?rest_route=%2Fwp%2Fv2%2Fcategories&post=28441"},{"taxonomy":"post_tag","embeddable":true,"href":"https:\/\/atecordoba.org\/index.php?rest_route=%2Fwp%2Fv2%2Ftags&post=28441"}],"curies":[{"name":"wp","href":"https:\/\/api.w.org\/{rel}","templated":true}]}}