{"id":28420,"date":"2021-10-06T14:57:15","date_gmt":"2021-10-06T17:57:15","guid":{"rendered":"https:\/\/atecordoba.org\/?p=28420"},"modified":"2021-10-06T15:50:13","modified_gmt":"2021-10-06T18:50:13","slug":"la-juventud-de-la-ctaa-articula-en-el-territorio-y-convoca-a-una-jornada-de-construccion-colectiva-en-villa-la-tribu","status":"publish","type":"post","link":"https:\/\/atecordoba.org\/?p=28420","title":{"rendered":"La juventud de la CTAA articula en el territorio y convoca a una doble jornada de construcci\u00f3n colectiva en Villa La Tribu"},"content":{"rendered":"\n<figure class=\"wp-block-gallery alignleft columns-1 is-cropped wp-block-gallery-1 is-layout-flex wp-block-gallery-is-layout-flex\"><ul class=\"blocks-gallery-grid\"><li class=\"blocks-gallery-item\"><figure><img loading=\"lazy\" decoding=\"async\" width=\"768\" height=\"1024\" src=\"https:\/\/atecordoba.org\/wp-content\/uploads\/2021\/10\/WhatsApp-Image-2021-09-29-at-21.54.24-1-768x1024.jpeg\" alt=\"\" data-id=\"28421\" data-full-url=\"https:\/\/atecordoba.org\/wp-content\/uploads\/2021\/10\/WhatsApp-Image-2021-09-29-at-21.54.24-1-e1633542883368.jpeg\" data-link=\"https:\/\/atecordoba.org\/?attachment_id=28421\" class=\"wp-image-28421\"\/><\/figure><\/li><\/ul><\/figure>\n\n\n\n<p>Como parte del camino de construcci\u00f3n colectiva y fortalecimiento pol\u00edtico que lleva adelante la juventud de la CTAA y la Fenat-CTAA, los d\u00edas viernes 15 y s\u00e1bado 16 de octubre est\u00e1 previsto realizar dos jornadas de trabajo solidario en la Villa La Tribu, barriada popular de la ciudad de C\u00f3rdoba Capital.<\/p>\n\n\n\n<p>All\u00ed, junto con el Centro de Estudiantes de la Facultad de Arquitectura y Dise\u00f1o Industrial de la UNC, se levantar\u00e1 un espacio comunitario necesario para las actividades colectivas que se realizan en el sector. <\/p>\n\n\n\n<p>Fermin Boloquy, militante del espacio de juventudes y la Fenat de la CTAA, explic\u00f3 que &#8220;el sal\u00f3n comunitario busca convertirse en un espacio de contenci\u00f3n y de encuentro para canalizar demandas que se generan en el barrio. Es una doble jornada donde juventudes pol\u00edticas, sindicales, estudiantiles, comprometidas con el trabajo territorial, compartimos metodolog\u00edas de intervenci\u00f3n y mecanismos de articulaci\u00f3n conjunta, para proyectarnos en el tiempo&#8221;.<\/p>\n\n\n\n<p>Adem\u00e1s, el activista dijo que &#8220;este es un puntapi\u00e9 para mayores intervenciones en el futuro desde las juventudes con el territorio&#8221; y convoc\u00f3 a participar del trabajo solidario. <\/p>\n\n\n\n<p>A su vez, Rocio Sampietro, estudiante de la Facultad de Arquitectura e integrante de la conducci\u00f3n del centro de estudiantes (CEADI) por la Agrupaci\u00f3n el M\u00f3dulo dijo, en una entrevista que concedi\u00f3 al programa Entre Todos y Todas -que la Secretaria de Prensa de ATE C\u00f3rdoba emite por GEN FM 107.5-, que el proyecto se origin\u00f3 &#8220;participando de encuentros que se producen en el barrio. Comenzamos con un programa de alfabetizaci\u00f3n para adultos, y posteriormente actividades de recreaci\u00f3n y creatividad para ni\u00f1os y ni\u00f1as en horario de la merienda, para que tengan su colaci\u00f3n cuando salen de la escuela. As\u00ed surgi\u00f3 el proyecto de materializar un espacio necesario para hacer estos encuentros&#8221;. <\/p>\n\n\n\n<p>Sampietro dijo que &#8220;como j\u00f3venes y estudiantes de la universidad p\u00fablica podemos dar discusiones sobre la realidad que nos parece injusta pero tambi\u00e9n concretar proyectos que impulsen acciones en el mismo barrio&#8221;.<\/p>\n\n\n\n<figure class=\"wp-block-gallery columns-3 is-cropped wp-block-gallery-2 is-layout-flex wp-block-gallery-is-layout-flex\"><ul class=\"blocks-gallery-grid\"><li class=\"blocks-gallery-item\"><figure><a href=\"https:\/\/atecordoba.org\/wp-content\/uploads\/2021\/10\/WhatsApp-Image-2021-09-29-at-21.54.24-3.jpeg\"><img loading=\"lazy\" decoding=\"async\" width=\"768\" height=\"1024\" src=\"https:\/\/atecordoba.org\/wp-content\/uploads\/2021\/10\/WhatsApp-Image-2021-09-29-at-21.54.24-3-768x1024.jpeg\" alt=\"\" data-id=\"28422\" data-full-url=\"https:\/\/atecordoba.org\/wp-content\/uploads\/2021\/10\/WhatsApp-Image-2021-09-29-at-21.54.24-3.jpeg\" data-link=\"https:\/\/atecordoba.org\/?attachment_id=28422\" class=\"wp-image-28422\" srcset=\"https:\/\/atecordoba.org\/wp-content\/uploads\/2021\/10\/WhatsApp-Image-2021-09-29-at-21.54.24-3-768x1024.jpeg 768w, https:\/\/atecordoba.org\/wp-content\/uploads\/2021\/10\/WhatsApp-Image-2021-09-29-at-21.54.24-3-225x300.jpeg 225w, https:\/\/atecordoba.org\/wp-content\/uploads\/2021\/10\/WhatsApp-Image-2021-09-29-at-21.54.24-3-1152x1536.jpeg 1152w, https:\/\/atecordoba.org\/wp-content\/uploads\/2021\/10\/WhatsApp-Image-2021-09-29-at-21.54.24-3-750x1000.jpeg 750w, https:\/\/atecordoba.org\/wp-content\/uploads\/2021\/10\/WhatsApp-Image-2021-09-29-at-21.54.24-3-1140x1520.jpeg 1140w, https:\/\/atecordoba.org\/wp-content\/uploads\/2021\/10\/WhatsApp-Image-2021-09-29-at-21.54.24-3.jpeg 1200w\" sizes=\"auto, (max-width: 768px) 100vw, 768px\" \/><\/a><\/figure><\/li><li class=\"blocks-gallery-item\"><figure><a href=\"https:\/\/atecordoba.org\/wp-content\/uploads\/2021\/10\/WhatsApp-Image-2021-09-29-at-21.54.24-4.jpeg\"><img loading=\"lazy\" decoding=\"async\" width=\"768\" height=\"1024\" src=\"https:\/\/atecordoba.org\/wp-content\/uploads\/2021\/10\/WhatsApp-Image-2021-09-29-at-21.54.24-4-768x1024.jpeg\" alt=\"\" data-id=\"28423\" data-full-url=\"https:\/\/atecordoba.org\/wp-content\/uploads\/2021\/10\/WhatsApp-Image-2021-09-29-at-21.54.24-4.jpeg\" data-link=\"https:\/\/atecordoba.org\/?attachment_id=28423\" class=\"wp-image-28423\" srcset=\"https:\/\/atecordoba.org\/wp-content\/uploads\/2021\/10\/WhatsApp-Image-2021-09-29-at-21.54.24-4-768x1024.jpeg 768w, https:\/\/atecordoba.org\/wp-content\/uploads\/2021\/10\/WhatsApp-Image-2021-09-29-at-21.54.24-4-225x300.jpeg 225w, https:\/\/atecordoba.org\/wp-content\/uploads\/2021\/10\/WhatsApp-Image-2021-09-29-at-21.54.24-4-1152x1536.jpeg 1152w, https:\/\/atecordoba.org\/wp-content\/uploads\/2021\/10\/WhatsApp-Image-2021-09-29-at-21.54.24-4-750x1000.jpeg 750w, https:\/\/atecordoba.org\/wp-content\/uploads\/2021\/10\/WhatsApp-Image-2021-09-29-at-21.54.24-4-1140x1520.jpeg 1140w, https:\/\/atecordoba.org\/wp-content\/uploads\/2021\/10\/WhatsApp-Image-2021-09-29-at-21.54.24-4.jpeg 1200w\" sizes=\"auto, (max-width: 768px) 100vw, 768px\" \/><\/a><\/figure><\/li><li class=\"blocks-gallery-item\"><figure><a href=\"https:\/\/atecordoba.org\/wp-content\/uploads\/2021\/10\/WhatsApp-Image-2021-09-29-at-21.54.24-5.jpeg\"><img loading=\"lazy\" decoding=\"async\" width=\"1024\" height=\"768\" src=\"https:\/\/atecordoba.org\/wp-content\/uploads\/2021\/10\/WhatsApp-Image-2021-09-29-at-21.54.24-5-1024x768.jpeg\" alt=\"\" data-id=\"28424\" data-full-url=\"https:\/\/atecordoba.org\/wp-content\/uploads\/2021\/10\/WhatsApp-Image-2021-09-29-at-21.54.24-5.jpeg\" data-link=\"https:\/\/atecordoba.org\/?attachment_id=28424\" class=\"wp-image-28424\" srcset=\"https:\/\/atecordoba.org\/wp-content\/uploads\/2021\/10\/WhatsApp-Image-2021-09-29-at-21.54.24-5-1024x768.jpeg 1024w, https:\/\/atecordoba.org\/wp-content\/uploads\/2021\/10\/WhatsApp-Image-2021-09-29-at-21.54.24-5-300x225.jpeg 300w, https:\/\/atecordoba.org\/wp-content\/uploads\/2021\/10\/WhatsApp-Image-2021-09-29-at-21.54.24-5-768x576.jpeg 768w, https:\/\/atecordoba.org\/wp-content\/uploads\/2021\/10\/WhatsApp-Image-2021-09-29-at-21.54.24-5-1536x1152.jpeg 1536w, https:\/\/atecordoba.org\/wp-content\/uploads\/2021\/10\/WhatsApp-Image-2021-09-29-at-21.54.24-5-750x563.jpeg 750w, https:\/\/atecordoba.org\/wp-content\/uploads\/2021\/10\/WhatsApp-Image-2021-09-29-at-21.54.24-5-1140x855.jpeg 1140w, https:\/\/atecordoba.org\/wp-content\/uploads\/2021\/10\/WhatsApp-Image-2021-09-29-at-21.54.24-5.jpeg 1600w\" sizes=\"auto, (max-width: 1024px) 100vw, 1024px\" \/><\/a><\/figure><\/li><li class=\"blocks-gallery-item\"><figure><a href=\"https:\/\/atecordoba.org\/wp-content\/uploads\/2021\/10\/WhatsApp-Image-2021-09-29-at-21.54.24.jpeg\"><img loading=\"lazy\" decoding=\"async\" width=\"768\" height=\"1024\" src=\"https:\/\/atecordoba.org\/wp-content\/uploads\/2021\/10\/WhatsApp-Image-2021-09-29-at-21.54.24-768x1024.jpeg\" alt=\"\" data-id=\"28425\" data-full-url=\"https:\/\/atecordoba.org\/wp-content\/uploads\/2021\/10\/WhatsApp-Image-2021-09-29-at-21.54.24.jpeg\" data-link=\"https:\/\/atecordoba.org\/?attachment_id=28425\" class=\"wp-image-28425\" srcset=\"https:\/\/atecordoba.org\/wp-content\/uploads\/2021\/10\/WhatsApp-Image-2021-09-29-at-21.54.24-768x1024.jpeg 768w, https:\/\/atecordoba.org\/wp-content\/uploads\/2021\/10\/WhatsApp-Image-2021-09-29-at-21.54.24-225x300.jpeg 225w, https:\/\/atecordoba.org\/wp-content\/uploads\/2021\/10\/WhatsApp-Image-2021-09-29-at-21.54.24-1152x1536.jpeg 1152w, https:\/\/atecordoba.org\/wp-content\/uploads\/2021\/10\/WhatsApp-Image-2021-09-29-at-21.54.24-750x1000.jpeg 750w, https:\/\/atecordoba.org\/wp-content\/uploads\/2021\/10\/WhatsApp-Image-2021-09-29-at-21.54.24-1140x1520.jpeg 1140w, https:\/\/atecordoba.org\/wp-content\/uploads\/2021\/10\/WhatsApp-Image-2021-09-29-at-21.54.24.jpeg 1200w\" sizes=\"auto, (max-width: 768px) 100vw, 768px\" \/><\/a><\/figure><\/li><li class=\"blocks-gallery-item\"><figure><a href=\"https:\/\/atecordoba.org\/wp-content\/uploads\/2021\/10\/WhatsApp-Image-2021-09-29-at-21.54.46-1.jpeg\"><img loading=\"lazy\" decoding=\"async\" width=\"576\" height=\"1024\" src=\"https:\/\/atecordoba.org\/wp-content\/uploads\/2021\/10\/WhatsApp-Image-2021-09-29-at-21.54.46-1-576x1024.jpeg\" alt=\"\" data-id=\"28426\" data-full-url=\"https:\/\/atecordoba.org\/wp-content\/uploads\/2021\/10\/WhatsApp-Image-2021-09-29-at-21.54.46-1.jpeg\" data-link=\"https:\/\/atecordoba.org\/?attachment_id=28426\" class=\"wp-image-28426\" srcset=\"https:\/\/atecordoba.org\/wp-content\/uploads\/2021\/10\/WhatsApp-Image-2021-09-29-at-21.54.46-1-576x1024.jpeg 576w, https:\/\/atecordoba.org\/wp-content\/uploads\/2021\/10\/WhatsApp-Image-2021-09-29-at-21.54.46-1-169x300.jpeg 169w, https:\/\/atecordoba.org\/wp-content\/uploads\/2021\/10\/WhatsApp-Image-2021-09-29-at-21.54.46-1.jpeg 720w\" sizes=\"auto, (max-width: 576px) 100vw, 576px\" \/><\/a><\/figure><\/li><li class=\"blocks-gallery-item\"><figure><a href=\"https:\/\/atecordoba.org\/wp-content\/uploads\/2021\/10\/WhatsApp-Image-2021-09-29-at-21.54.46-2.jpeg\"><img loading=\"lazy\" decoding=\"async\" width=\"1024\" height=\"576\" src=\"https:\/\/atecordoba.org\/wp-content\/uploads\/2021\/10\/WhatsApp-Image-2021-09-29-at-21.54.46-2-1024x576.jpeg\" alt=\"\" data-id=\"28427\" data-full-url=\"https:\/\/atecordoba.org\/wp-content\/uploads\/2021\/10\/WhatsApp-Image-2021-09-29-at-21.54.46-2.jpeg\" data-link=\"https:\/\/atecordoba.org\/?attachment_id=28427\" class=\"wp-image-28427\" srcset=\"https:\/\/atecordoba.org\/wp-content\/uploads\/2021\/10\/WhatsApp-Image-2021-09-29-at-21.54.46-2-1024x576.jpeg 1024w, https:\/\/atecordoba.org\/wp-content\/uploads\/2021\/10\/WhatsApp-Image-2021-09-29-at-21.54.46-2-300x169.jpeg 300w, https:\/\/atecordoba.org\/wp-content\/uploads\/2021\/10\/WhatsApp-Image-2021-09-29-at-21.54.46-2-768x432.jpeg 768w, https:\/\/atecordoba.org\/wp-content\/uploads\/2021\/10\/WhatsApp-Image-2021-09-29-at-21.54.46-2-750x422.jpeg 750w, https:\/\/atecordoba.org\/wp-content\/uploads\/2021\/10\/WhatsApp-Image-2021-09-29-at-21.54.46-2-1140x641.jpeg 1140w, https:\/\/atecordoba.org\/wp-content\/uploads\/2021\/10\/WhatsApp-Image-2021-09-29-at-21.54.46-2.jpeg 1280w\" sizes=\"auto, (max-width: 1024px) 100vw, 1024px\" \/><\/a><\/figure><\/li><li class=\"blocks-gallery-item\"><figure><a href=\"https:\/\/atecordoba.org\/wp-content\/uploads\/2021\/10\/WhatsApp-Image-2021-09-29-at-21.54.46-3.jpeg\"><img loading=\"lazy\" decoding=\"async\" width=\"576\" height=\"1024\" src=\"https:\/\/atecordoba.org\/wp-content\/uploads\/2021\/10\/WhatsApp-Image-2021-09-29-at-21.54.46-3-576x1024.jpeg\" alt=\"\" data-id=\"28428\" data-full-url=\"https:\/\/atecordoba.org\/wp-content\/uploads\/2021\/10\/WhatsApp-Image-2021-09-29-at-21.54.46-3.jpeg\" data-link=\"https:\/\/atecordoba.org\/?attachment_id=28428\" class=\"wp-image-28428\" srcset=\"https:\/\/atecordoba.org\/wp-content\/uploads\/2021\/10\/WhatsApp-Image-2021-09-29-at-21.54.46-3-576x1024.jpeg 576w, https:\/\/atecordoba.org\/wp-content\/uploads\/2021\/10\/WhatsApp-Image-2021-09-29-at-21.54.46-3-169x300.jpeg 169w, https:\/\/atecordoba.org\/wp-content\/uploads\/2021\/10\/WhatsApp-Image-2021-09-29-at-21.54.46-3.jpeg 581w\" sizes=\"auto, (max-width: 576px) 100vw, 576px\" \/><\/a><\/figure><\/li><li class=\"blocks-gallery-item\"><figure><a href=\"https:\/\/atecordoba.org\/wp-content\/uploads\/2021\/10\/WhatsApp-Image-2021-09-29-at-21.54.46-4.jpeg\"><img loading=\"lazy\" decoding=\"async\" width=\"1024\" height=\"576\" src=\"https:\/\/atecordoba.org\/wp-content\/uploads\/2021\/10\/WhatsApp-Image-2021-09-29-at-21.54.46-4-1024x576.jpeg\" alt=\"\" data-id=\"28429\" data-full-url=\"https:\/\/atecordoba.org\/wp-content\/uploads\/2021\/10\/WhatsApp-Image-2021-09-29-at-21.54.46-4.jpeg\" data-link=\"https:\/\/atecordoba.org\/?attachment_id=28429\" class=\"wp-image-28429\" srcset=\"https:\/\/atecordoba.org\/wp-content\/uploads\/2021\/10\/WhatsApp-Image-2021-09-29-at-21.54.46-4-1024x576.jpeg 1024w, https:\/\/atecordoba.org\/wp-content\/uploads\/2021\/10\/WhatsApp-Image-2021-09-29-at-21.54.46-4-300x169.jpeg 300w, https:\/\/atecordoba.org\/wp-content\/uploads\/2021\/10\/WhatsApp-Image-2021-09-29-at-21.54.46-4-768x432.jpeg 768w, https:\/\/atecordoba.org\/wp-content\/uploads\/2021\/10\/WhatsApp-Image-2021-09-29-at-21.54.46-4-750x422.jpeg 750w, https:\/\/atecordoba.org\/wp-content\/uploads\/2021\/10\/WhatsApp-Image-2021-09-29-at-21.54.46-4.jpeg 1032w\" sizes=\"auto, (max-width: 1024px) 100vw, 1024px\" \/><\/a><\/figure><\/li><li class=\"blocks-gallery-item\"><figure><a href=\"https:\/\/atecordoba.org\/wp-content\/uploads\/2021\/10\/WhatsApp-Image-2021-09-29-at-21.54.46-5.jpeg\"><img loading=\"lazy\" decoding=\"async\" width=\"576\" height=\"1024\" src=\"https:\/\/atecordoba.org\/wp-content\/uploads\/2021\/10\/WhatsApp-Image-2021-09-29-at-21.54.46-5-576x1024.jpeg\" alt=\"\" data-id=\"28430\" data-full-url=\"https:\/\/atecordoba.org\/wp-content\/uploads\/2021\/10\/WhatsApp-Image-2021-09-29-at-21.54.46-5.jpeg\" data-link=\"https:\/\/atecordoba.org\/?attachment_id=28430\" class=\"wp-image-28430\" srcset=\"https:\/\/atecordoba.org\/wp-content\/uploads\/2021\/10\/WhatsApp-Image-2021-09-29-at-21.54.46-5-576x1024.jpeg 576w, https:\/\/atecordoba.org\/wp-content\/uploads\/2021\/10\/WhatsApp-Image-2021-09-29-at-21.54.46-5-169x300.jpeg 169w, https:\/\/atecordoba.org\/wp-content\/uploads\/2021\/10\/WhatsApp-Image-2021-09-29-at-21.54.46-5.jpeg 581w\" sizes=\"auto, (max-width: 576px) 100vw, 576px\" \/><\/a><\/figure><\/li><li class=\"blocks-gallery-item\"><figure><a href=\"https:\/\/atecordoba.org\/wp-content\/uploads\/2021\/10\/WhatsApp-Image-2021-09-29-at-21.54.46-8.jpeg\"><img loading=\"lazy\" decoding=\"async\" width=\"576\" height=\"1024\" src=\"https:\/\/atecordoba.org\/wp-content\/uploads\/2021\/10\/WhatsApp-Image-2021-09-29-at-21.54.46-8-576x1024.jpeg\" alt=\"\" data-id=\"28431\" data-full-url=\"https:\/\/atecordoba.org\/wp-content\/uploads\/2021\/10\/WhatsApp-Image-2021-09-29-at-21.54.46-8.jpeg\" data-link=\"https:\/\/atecordoba.org\/?attachment_id=28431\" class=\"wp-image-28431\" srcset=\"https:\/\/atecordoba.org\/wp-content\/uploads\/2021\/10\/WhatsApp-Image-2021-09-29-at-21.54.46-8-576x1024.jpeg 576w, https:\/\/atecordoba.org\/wp-content\/uploads\/2021\/10\/WhatsApp-Image-2021-09-29-at-21.54.46-8-169x300.jpeg 169w, https:\/\/atecordoba.org\/wp-content\/uploads\/2021\/10\/WhatsApp-Image-2021-09-29-at-21.54.46-8.jpeg 581w\" sizes=\"auto, (max-width: 576px) 100vw, 576px\" \/><\/a><\/figure><\/li><li class=\"blocks-gallery-item\"><figure><a href=\"https:\/\/atecordoba.org\/wp-content\/uploads\/2021\/10\/WhatsApp-Image-2021-09-29-at-21.54.46.jpeg\"><img loading=\"lazy\" decoding=\"async\" width=\"1024\" height=\"576\" src=\"https:\/\/atecordoba.org\/wp-content\/uploads\/2021\/10\/WhatsApp-Image-2021-09-29-at-21.54.46-1024x576.jpeg\" alt=\"\" data-id=\"28432\" data-full-url=\"https:\/\/atecordoba.org\/wp-content\/uploads\/2021\/10\/WhatsApp-Image-2021-09-29-at-21.54.46.jpeg\" data-link=\"https:\/\/atecordoba.org\/?attachment_id=28432\" class=\"wp-image-28432\" srcset=\"https:\/\/atecordoba.org\/wp-content\/uploads\/2021\/10\/WhatsApp-Image-2021-09-29-at-21.54.46-1024x576.jpeg 1024w, https:\/\/atecordoba.org\/wp-content\/uploads\/2021\/10\/WhatsApp-Image-2021-09-29-at-21.54.46-300x169.jpeg 300w, https:\/\/atecordoba.org\/wp-content\/uploads\/2021\/10\/WhatsApp-Image-2021-09-29-at-21.54.46-768x432.jpeg 768w, https:\/\/atecordoba.org\/wp-content\/uploads\/2021\/10\/WhatsApp-Image-2021-09-29-at-21.54.46-750x422.jpeg 750w, https:\/\/atecordoba.org\/wp-content\/uploads\/2021\/10\/WhatsApp-Image-2021-09-29-at-21.54.46.jpeg 1032w\" sizes=\"auto, (max-width: 1024px) 100vw, 1024px\" \/><\/a><\/figure><\/li><li class=\"blocks-gallery-item\"><figure><a href=\"https:\/\/atecordoba.org\/wp-content\/uploads\/2021\/10\/WhatsApp-Image-2021-09-29-at-21.54.23-2.jpeg\"><img loading=\"lazy\" decoding=\"async\" width=\"768\" height=\"1024\" src=\"https:\/\/atecordoba.org\/wp-content\/uploads\/2021\/10\/WhatsApp-Image-2021-09-29-at-21.54.23-2-768x1024.jpeg\" alt=\"\" data-id=\"28433\" data-full-url=\"https:\/\/atecordoba.org\/wp-content\/uploads\/2021\/10\/WhatsApp-Image-2021-09-29-at-21.54.23-2.jpeg\" data-link=\"https:\/\/atecordoba.org\/?attachment_id=28433\" class=\"wp-image-28433\" srcset=\"https:\/\/atecordoba.org\/wp-content\/uploads\/2021\/10\/WhatsApp-Image-2021-09-29-at-21.54.23-2-768x1024.jpeg 768w, https:\/\/atecordoba.org\/wp-content\/uploads\/2021\/10\/WhatsApp-Image-2021-09-29-at-21.54.23-2-225x300.jpeg 225w, https:\/\/atecordoba.org\/wp-content\/uploads\/2021\/10\/WhatsApp-Image-2021-09-29-at-21.54.23-2-1152x1536.jpeg 1152w, https:\/\/atecordoba.org\/wp-content\/uploads\/2021\/10\/WhatsApp-Image-2021-09-29-at-21.54.23-2-750x1000.jpeg 750w, https:\/\/atecordoba.org\/wp-content\/uploads\/2021\/10\/WhatsApp-Image-2021-09-29-at-21.54.23-2-1140x1520.jpeg 1140w, https:\/\/atecordoba.org\/wp-content\/uploads\/2021\/10\/WhatsApp-Image-2021-09-29-at-21.54.23-2.jpeg 1200w\" sizes=\"auto, (max-width: 768px) 100vw, 768px\" \/><\/a><\/figure><\/li><li class=\"blocks-gallery-item\"><figure><a href=\"https:\/\/atecordoba.org\/wp-content\/uploads\/2021\/10\/WhatsApp-Image-2021-09-29-at-21.54.23.jpeg\"><img loading=\"lazy\" decoding=\"async\" width=\"768\" height=\"1024\" src=\"https:\/\/atecordoba.org\/wp-content\/uploads\/2021\/10\/WhatsApp-Image-2021-09-29-at-21.54.23-768x1024.jpeg\" alt=\"\" data-id=\"28434\" data-full-url=\"https:\/\/atecordoba.org\/wp-content\/uploads\/2021\/10\/WhatsApp-Image-2021-09-29-at-21.54.23.jpeg\" data-link=\"https:\/\/atecordoba.org\/?attachment_id=28434\" class=\"wp-image-28434\"\/><\/a><\/figure><\/li><\/ul><\/figure>\n\n\n\n<p><\/p>\n","protected":false},"excerpt":{"rendered":"<p>Como parte del camino de construcci\u00f3n colectiva y fortalecimiento pol\u00edtico que lleva adelante la juventud de la CTAA y la Fenat-CTAA, los d\u00edas viernes 15 y s\u00e1bado 16 de octubre est\u00e1 previsto realizar dos jornadas de trabajo solidario en la Villa La Tribu, barriada popular de la ciudad de C\u00f3rdoba Capital. All\u00ed, junto con el [&hellip;]<\/p>\n","protected":false},"author":7,"featured_media":28434,"comment_status":"open","ping_status":"open","sticky":false,"template":"","format":"standard","meta":{"_exactmetrics_skip_tracking":false,"_exactmetrics_sitenote_active":false,"_exactmetrics_sitenote_note":"","_exactmetrics_sitenote_category":0,"jnews-multi-image_gallery":[],"jnews_single_post":{"subtitle":"La actividad se realizar\u00e1 los d\u00edas 15 y 16 de octubre pr\u00f3ximos. ","format":"standard","video":"","gallery":"","source_name":"","source_url":"","via_name":"","via_url":"","override":[{"template":"1","single_blog_custom":"","parallax":"1","fullscreen":"1","layout":"right-sidebar","sidebar":"default-sidebar","second_sidebar":"default-sidebar","sticky_sidebar":"1","share_position":"top","share_float_style":"share-monocrhome","show_share_counter":"1","show_view_counter":"1","show_featured":"1","show_post_meta":"1","show_post_author":"1","show_post_author_image":"1","show_post_date":"1","post_date_format":"default","post_date_format_custom":"Y\/m\/d","show_post_category":"1","post_reading_time_wpm":"300","zoom_button_out_step":"2","zoom_button_in_step":"3","show_post_tag":"1","show_prev_next_post":"1","show_popup_post":"1","number_popup_post":"1"}],"image_override":[{"single_post_thumbnail_size":"crop-500","single_post_gallery_size":"crop-500"}],"trending_post_position":"meta","trending_post_label":"Trending","sponsored_post_label":"Sponsored by","sponsored_post_name":"","sponsored_post_url":"","sponsored_post_logo":"","sponsored_post_desc":""},"jnews_primary_category":{"id":""},"jnews_social_meta":[],"jnews_review":[],"enable_review":"","type":"","name":"","summary":"","brand":"","sku":"","good":[],"bad":[],"score_override":"","override_value":"","rating":[],"price":[],"jnews_override_counter":[],"jnews_post_split":[],"footnotes":""},"categories":[10],"tags":[938],"class_list":["post-28420","post","type-post","status-publish","format-standard","has-post-thumbnail","hentry","category-accion-politica","tag-jornada-solidaria-juvetud-ctaa"],"jetpack_featured_media_url":"https:\/\/atecordoba.org\/wp-content\/uploads\/2021\/10\/WhatsApp-Image-2021-09-29-at-21.54.23-e1633543006773.jpeg","_links":{"self":[{"href":"https:\/\/atecordoba.org\/index.php?rest_route=\/wp\/v2\/posts\/28420","targetHints":{"allow":["GET"]}}],"collection":[{"href":"https:\/\/atecordoba.org\/index.php?rest_route=\/wp\/v2\/posts"}],"about":[{"href":"https:\/\/atecordoba.org\/index.php?rest_route=\/wp\/v2\/types\/post"}],"author":[{"embeddable":true,"href":"https:\/\/atecordoba.org\/index.php?rest_route=\/wp\/v2\/users\/7"}],"replies":[{"embeddable":true,"href":"https:\/\/atecordoba.org\/index.php?rest_route=%2Fwp%2Fv2%2Fcomments&post=28420"}],"version-history":[{"count":3,"href":"https:\/\/atecordoba.org\/index.php?rest_route=\/wp\/v2\/posts\/28420\/revisions"}],"predecessor-version":[{"id":28440,"href":"https:\/\/atecordoba.org\/index.php?rest_route=\/wp\/v2\/posts\/28420\/revisions\/28440"}],"wp:featuredmedia":[{"embeddable":true,"href":"https:\/\/atecordoba.org\/index.php?rest_route=\/wp\/v2\/media\/28434"}],"wp:attachment":[{"href":"https:\/\/atecordoba.org\/index.php?rest_route=%2Fwp%2Fv2%2Fmedia&parent=28420"}],"wp:term":[{"taxonomy":"category","embeddable":true,"href":"https:\/\/atecordoba.org\/index.php?rest_route=%2Fwp%2Fv2%2Fcategories&post=28420"},{"taxonomy":"post_tag","embeddable":true,"href":"https:\/\/atecordoba.org\/index.php?rest_route=%2Fwp%2Fv2%2Ftags&post=28420"}],"curies":[{"name":"wp","href":"https:\/\/api.w.org\/{rel}","templated":true}]}}