{"id":28416,"date":"2021-10-06T13:25:36","date_gmt":"2021-10-06T16:25:36","guid":{"rendered":"https:\/\/atecordoba.org\/?p=28416"},"modified":"2021-10-06T14:59:31","modified_gmt":"2021-10-06T17:59:31","slug":"hoy-comienzan-las-actividades-de-la-libreria-el-espejo-en-la-feria-del-libro-de-cordoba","status":"publish","type":"post","link":"https:\/\/atecordoba.org\/?p=28416","title":{"rendered":"Contin\u00faan las actividades de la librer\u00eda El Espejo en la Feria del Libro de C\u00f3rdoba"},"content":{"rendered":"\n<div class=\"wp-block-image\"><figure class=\"aligncenter size-large is-resized\"><img loading=\"lazy\" decoding=\"async\" src=\"https:\/\/atecordoba.org\/wp-content\/uploads\/2021\/10\/espejo.jpg\" alt=\"\" class=\"wp-image-28417\" width=\"750\" height=\"500\" \/><\/figure><\/div>\n\n\n\n<p>El Espejo Libros realizar\u00e1 m\u00e1s de 10 actividades en el marco de la Feria del Libro.&nbsp; ATE C\u00f3rdoba tiene un convenio suscripto con la librer\u00eda que beneficia a las y los afiliados con el descuento del 10% en cualquier compra. <\/p>\n\n\n\n<p>Seg\u00fan informan desde El Espejo, en el marco de la Feria del Libro hoy a las 19.30, en el local de la librer\u00eda, Dean Funes 163 local 4, el gran Mart\u00edn Cristal presenta \u201cEl sue\u00f1o del tsunami\u201d, un peque\u00f1o libro de ocho cuentos que van del terror a lo fant\u00e1stico o la ciencia ficci\u00f3n al mejor estilo \u2018Black Mirrow\u2019. El libro acaba de editarse por la editorial D\u00e1bale Arroz y est\u00e1 acompa\u00f1ado por un podcats donde el autor lee todos cuentos publicados, que fue muy bien desarrollado por les productores de \u2018Parque Podcast\u2019 y lo encuentran en Spotify con el t\u00edtulo de \u2018Una dosis de cristal\u2019. Mart\u00edn Cristal es una persona que se toma el oficio de escritor con mucho compromiso, su obra -que ya tuvo importantes premios- va tomando forma consistentemente y en camino a tornarse imprescindible.<\/p>\n\n\n\n<p>Por otro lado, ma\u00f1ana jueves 7, a las 19.30 se presenta el libro \u2018Otra medida\u2019 de Pilar Ordo\u00f1ez, un bell\u00edsimo libro de cuentos y microrelatos con cuidadas construcciones de palabras, que de tan peque\u00f1as son gigantes y conforman un conjunto que estremece. Ordo\u00f1ez es psicoanalista y se nombre el sutil uso del lenguaje, pero sin caer en los lugares comunes del campo del psicoan\u00e1lisis.<\/p>\n\n\n\n<p>El viernes 8 de octubre, como actividad para d\u00eda feriado, a las 19.30, se realizar\u00e1 un homenaje a Alejandro Schmidt, un inmenso poeta que nos dej\u00f3 hace poco y que no cabe duda que estar\u00e1 entre los grandes de la poes\u00eda argentina. Junto al reconocimiento que realizar\u00e1 Antonio Moro tambi\u00e9n se llevar\u00e1 a cabo la presentaci\u00f3n del libro \u201cPerro de Dios\u201d sobre la obra de Schmidt, realizado por Elena Ann\u00edbali y Leticia Ressia.<\/p>\n\n\n\n<p>La actividad del domingo, a las 11.30 de la ma\u00f1ana, es para interesados de la pol\u00edtica y la cuesti\u00f3n social en Argentina, Latinoam\u00e9rica y el mundo: se presenta en C\u00f3rdoba el \u00faltimo n\u00famero de la Revista Crisis, dirigida en esta etapa por Mario Santucho, con una mirada distinta e inteligente. <\/p>\n","protected":false},"excerpt":{"rendered":"<p>El Espejo Libros realizar\u00e1 m\u00e1s de 10 actividades en el marco de la Feria del Libro.&nbsp; ATE C\u00f3rdoba tiene un convenio suscripto con la librer\u00eda que beneficia a las y los afiliados con el descuento del 10% en cualquier compra. Seg\u00fan informan desde El Espejo, en el marco de la Feria del Libro hoy a [&hellip;]<\/p>\n","protected":false},"author":7,"featured_media":28417,"comment_status":"open","ping_status":"open","sticky":false,"template":"","format":"standard","meta":{"_exactmetrics_skip_tracking":false,"_exactmetrics_sitenote_active":false,"_exactmetrics_sitenote_note":"","_exactmetrics_sitenote_category":0,"jnews-multi-image_gallery":[],"jnews_single_post":{"subtitle":"Hay variadas actividades programas para todos los gustos. ","format":"standard","video":"","gallery":"","source_name":"","source_url":"","via_name":"","via_url":"","override":[{"template":"1","single_blog_custom":"","parallax":"1","fullscreen":"1","layout":"right-sidebar","sidebar":"default-sidebar","second_sidebar":"default-sidebar","sticky_sidebar":"1","share_position":"top","share_float_style":"share-monocrhome","show_share_counter":"1","show_view_counter":"1","show_featured":"1","show_post_meta":"1","show_post_author":"1","show_post_author_image":"1","show_post_date":"1","post_date_format":"default","post_date_format_custom":"Y\/m\/d","show_post_category":"1","post_reading_time_wpm":"300","zoom_button_out_step":"2","zoom_button_in_step":"3","show_post_tag":"1","show_prev_next_post":"1","show_popup_post":"1","number_popup_post":"1"}],"image_override":[{"single_post_thumbnail_size":"crop-500","single_post_gallery_size":"crop-500"}],"trending_post_position":"meta","trending_post_label":"Trending","sponsored_post_label":"Sponsored by","sponsored_post_name":"","sponsored_post_url":"","sponsored_post_logo":"","sponsored_post_desc":""},"jnews_primary_category":{"id":""},"jnews_social_meta":[],"jnews_review":[],"enable_review":"","type":"","name":"","summary":"","brand":"","sku":"","good":[],"bad":[],"score_override":"","override_value":"","rating":[],"price":[],"jnews_override_counter":[],"jnews_post_split":[],"footnotes":""},"categories":[75],"tags":[937],"class_list":["post-28416","post","type-post","status-publish","format-standard","has-post-thumbnail","hentry","category-accion-social","tag-cultura"],"jetpack_featured_media_url":"https:\/\/atecordoba.org\/wp-content\/uploads\/2021\/10\/espejo-e1633537520498.jpg","_links":{"self":[{"href":"https:\/\/atecordoba.org\/index.php?rest_route=\/wp\/v2\/posts\/28416","targetHints":{"allow":["GET"]}}],"collection":[{"href":"https:\/\/atecordoba.org\/index.php?rest_route=\/wp\/v2\/posts"}],"about":[{"href":"https:\/\/atecordoba.org\/index.php?rest_route=\/wp\/v2\/types\/post"}],"author":[{"embeddable":true,"href":"https:\/\/atecordoba.org\/index.php?rest_route=\/wp\/v2\/users\/7"}],"replies":[{"embeddable":true,"href":"https:\/\/atecordoba.org\/index.php?rest_route=%2Fwp%2Fv2%2Fcomments&post=28416"}],"version-history":[{"count":3,"href":"https:\/\/atecordoba.org\/index.php?rest_route=\/wp\/v2\/posts\/28416\/revisions"}],"predecessor-version":[{"id":28437,"href":"https:\/\/atecordoba.org\/index.php?rest_route=\/wp\/v2\/posts\/28416\/revisions\/28437"}],"wp:featuredmedia":[{"embeddable":true,"href":"https:\/\/atecordoba.org\/index.php?rest_route=\/wp\/v2\/media\/28417"}],"wp:attachment":[{"href":"https:\/\/atecordoba.org\/index.php?rest_route=%2Fwp%2Fv2%2Fmedia&parent=28416"}],"wp:term":[{"taxonomy":"category","embeddable":true,"href":"https:\/\/atecordoba.org\/index.php?rest_route=%2Fwp%2Fv2%2Fcategories&post=28416"},{"taxonomy":"post_tag","embeddable":true,"href":"https:\/\/atecordoba.org\/index.php?rest_route=%2Fwp%2Fv2%2Ftags&post=28416"}],"curies":[{"name":"wp","href":"https:\/\/api.w.org\/{rel}","templated":true}]}}