{"id":28410,"date":"2021-10-06T12:09:06","date_gmt":"2021-10-06T15:09:06","guid":{"rendered":"https:\/\/atecordoba.org\/?p=28410"},"modified":"2021-10-06T12:10:59","modified_gmt":"2021-10-06T15:10:59","slug":"rio-cuarto-taller-de-capacitacion-para-delegados-del-estado-provincial-y-nacional","status":"publish","type":"post","link":"https:\/\/atecordoba.org\/?p=28410","title":{"rendered":"R\u00edo Cuarto: taller de capacitaci\u00f3n para Delegados del Estado Provincial y Nacional"},"content":{"rendered":"\n<div class=\"wp-block-image\"><figure class=\"aligncenter size-large is-resized\"><img loading=\"lazy\" decoding=\"async\" src=\"https:\/\/atecordoba.org\/wp-content\/uploads\/2021\/10\/IMG-20211005-WA0158-1024x1024.jpg\" alt=\"\" class=\"wp-image-28411\" width=\"768\" height=\"768\" \/><\/figure><\/div>\n\n\n\n<p>Este jueves 7 de octubre tendr\u00e1 lugar una Jornada de Formaci\u00f3n para Delegados y Delegadas Provinciales y Nacionales en la seccional R\u00edo Cuarto.<\/p>\n\n\n\n<p>La actividad estar\u00e1 a cargo de C\u00e9sar Theaux, secretario de Formaci\u00f3n del Consejo Directivo Provincial (CDP), David Salto, secretario Gremial de ATE R\u00edo Tercero y trabajador de Fabricaciones Militares, y Julia Giuliani, secretaria de Prensa y Comunicaci\u00f3n del CDP. <\/p>\n\n\n\n<p>&#8220;Desde que iniciamos la gesti\u00f3n hicimos hincapi\u00e9 en la necesidad de formarnos de manera permanente&#8221;, dijo la secretaria General de ATE R\u00edo Cuarto, Rafaela Alcoba, al referirse a la actividad en una entrevista que concedi\u00f3 al programa radial Entre todos y todas, que la Secretar\u00eda de Prensa de ATE C\u00f3rdoba emite por GEN FM 107.5.<\/p>\n\n\n\n<div class=\"wp-block-image\"><figure class=\"alignright size-large is-resized\"><img loading=\"lazy\" decoding=\"async\" src=\"https:\/\/atecordoba.org\/wp-content\/uploads\/2021\/10\/05_10_Alcoba_Radio-1024x640.jpeg\" alt=\"\" class=\"wp-image-28412\" width=\"362\" height=\"226\" srcset=\"https:\/\/atecordoba.org\/wp-content\/uploads\/2021\/10\/05_10_Alcoba_Radio-1024x640.jpeg 1024w, https:\/\/atecordoba.org\/wp-content\/uploads\/2021\/10\/05_10_Alcoba_Radio-300x188.jpeg 300w, https:\/\/atecordoba.org\/wp-content\/uploads\/2021\/10\/05_10_Alcoba_Radio-768x480.jpeg 768w, https:\/\/atecordoba.org\/wp-content\/uploads\/2021\/10\/05_10_Alcoba_Radio-750x469.jpeg 750w, https:\/\/atecordoba.org\/wp-content\/uploads\/2021\/10\/05_10_Alcoba_Radio-1140x713.jpeg 1140w, https:\/\/atecordoba.org\/wp-content\/uploads\/2021\/10\/05_10_Alcoba_Radio.jpeg 1280w\" sizes=\"auto, (max-width: 362px) 100vw, 362px\" \/><\/figure><\/div>\n\n\n\n<p>&#8220;A trav\u00e9s de la CD provincial hicimos algunas instancias de formaci\u00f3n, primero para los sectores municipales y ahora avanzamos con sectores provinciales y nacionales&#8221;, agreg\u00f3. &nbsp;&#8220;Vamos a debatir los manuales, el rol del delegado, pero m\u00e1s all\u00e1 de lo te\u00f3rico, es una instancia que nos permite poder ver que hay una variedad de sectores nacionales y necesitamos hacer estos parate para analizar que est\u00e1 pasando&#8221;.<\/p>\n\n\n\n<p>En tal sentido, enumer\u00f3 a sectores nacionales como el Personal Civil de las FFAA, IOSFA, Universidad Nacional, PAMI, ANSES, Ministerio de Trabajo y SENASA, como algunos de los que estar\u00e1n presentes ma\u00f1ana.<\/p>\n\n\n\n<p>&#8220;Con la posibilidad de realizarlo de manera presencial, se puede hacer de manera m\u00e1s fluida y din\u00e1mica. El concepto principal es que aquellos que representen a trabajadores y trabajadoras en una paritaria, cualquier instancia de negociaci\u00f3n colectiva o mesa colectiva, tienen que contar con la formaci\u00f3n necesaria&#8221;, concluy\u00f3.<\/p>\n\n\n\n<p><\/p>\n\n\n\n<p><\/p>\n\n\n\n<p><\/p>\n","protected":false},"excerpt":{"rendered":"<p>Este jueves 7 de octubre tendr\u00e1 lugar una Jornada de Formaci\u00f3n para Delegados y Delegadas Provinciales y Nacionales en la seccional R\u00edo Cuarto. La actividad estar\u00e1 a cargo de C\u00e9sar Theaux, secretario de Formaci\u00f3n del Consejo Directivo Provincial (CDP), David Salto, secretario Gremial de ATE R\u00edo Tercero y trabajador de Fabricaciones Militares, y Julia Giuliani, [&hellip;]<\/p>\n","protected":false},"author":7,"featured_media":28411,"comment_status":"open","ping_status":"open","sticky":false,"template":"","format":"standard","meta":{"_exactmetrics_skip_tracking":false,"_exactmetrics_sitenote_active":false,"_exactmetrics_sitenote_note":"","_exactmetrics_sitenote_category":0,"jnews-multi-image_gallery":[],"jnews_single_post":{"subtitle":"El Taller ser\u00e1 presencial este jueves de 9 a 12 horas en la sede de ATE R\u00edo Cuarto, San Mart\u00edn 374.","format":"standard","video":"","gallery":"","source_name":"","source_url":"","via_name":"","via_url":"","override":[{"template":"1","single_blog_custom":"","parallax":"1","fullscreen":"1","layout":"right-sidebar","sidebar":"default-sidebar","second_sidebar":"default-sidebar","sticky_sidebar":"1","share_position":"top","share_float_style":"share-monocrhome","show_share_counter":"1","show_view_counter":"1","show_featured":"1","show_post_meta":"1","show_post_author":"1","show_post_author_image":"1","show_post_date":"1","post_date_format":"default","post_date_format_custom":"Y\/m\/d","show_post_category":"1","post_reading_time_wpm":"300","zoom_button_out_step":"2","zoom_button_in_step":"3","show_post_tag":"1","show_prev_next_post":"1","show_popup_post":"1","number_popup_post":"1"}],"image_override":[{"single_post_thumbnail_size":"crop-500","single_post_gallery_size":"crop-500"}],"trending_post_position":"meta","trending_post_label":"Trending","sponsored_post_label":"Sponsored by","sponsored_post_name":"","sponsored_post_url":"","sponsored_post_logo":"","sponsored_post_desc":""},"jnews_primary_category":{"id":""},"jnews_social_meta":[],"jnews_review":[],"enable_review":"","type":"","name":"","summary":"","brand":"","sku":"","good":[],"bad":[],"score_override":"","override_value":"","rating":[],"price":[],"jnews_override_counter":[],"jnews_post_split":[],"footnotes":""},"categories":[88,12],"tags":[431,29,31],"class_list":["post-28410","post","type-post","status-publish","format-standard","has-post-thumbnail","hentry","category-formacion","category-rio-cuarto","tag-delegados","tag-nacionales-2","tag-provinciales-2"],"jetpack_featured_media_url":"https:\/\/atecordoba.org\/wp-content\/uploads\/2021\/10\/IMG-20211005-WA0158-e1633532939203.jpg","_links":{"self":[{"href":"https:\/\/atecordoba.org\/index.php?rest_route=\/wp\/v2\/posts\/28410","targetHints":{"allow":["GET"]}}],"collection":[{"href":"https:\/\/atecordoba.org\/index.php?rest_route=\/wp\/v2\/posts"}],"about":[{"href":"https:\/\/atecordoba.org\/index.php?rest_route=\/wp\/v2\/types\/post"}],"author":[{"embeddable":true,"href":"https:\/\/atecordoba.org\/index.php?rest_route=\/wp\/v2\/users\/7"}],"replies":[{"embeddable":true,"href":"https:\/\/atecordoba.org\/index.php?rest_route=%2Fwp%2Fv2%2Fcomments&post=28410"}],"version-history":[{"count":2,"href":"https:\/\/atecordoba.org\/index.php?rest_route=\/wp\/v2\/posts\/28410\/revisions"}],"predecessor-version":[{"id":28415,"href":"https:\/\/atecordoba.org\/index.php?rest_route=\/wp\/v2\/posts\/28410\/revisions\/28415"}],"wp:featuredmedia":[{"embeddable":true,"href":"https:\/\/atecordoba.org\/index.php?rest_route=\/wp\/v2\/media\/28411"}],"wp:attachment":[{"href":"https:\/\/atecordoba.org\/index.php?rest_route=%2Fwp%2Fv2%2Fmedia&parent=28410"}],"wp:term":[{"taxonomy":"category","embeddable":true,"href":"https:\/\/atecordoba.org\/index.php?rest_route=%2Fwp%2Fv2%2Fcategories&post=28410"},{"taxonomy":"post_tag","embeddable":true,"href":"https:\/\/atecordoba.org\/index.php?rest_route=%2Fwp%2Fv2%2Ftags&post=28410"}],"curies":[{"name":"wp","href":"https:\/\/api.w.org\/{rel}","templated":true}]}}