{"id":28401,"date":"2021-10-05T12:51:32","date_gmt":"2021-10-05T15:51:32","guid":{"rendered":"https:\/\/atecordoba.org\/?p=28401"},"modified":"2021-10-05T13:38:44","modified_gmt":"2021-10-05T16:38:44","slug":"docentes-organizados-en-ate-se-reunieron-en-rio-cuarto","status":"publish","type":"post","link":"https:\/\/atecordoba.org\/?p=28401","title":{"rendered":"Docentes organizados en ATE se reunieron en R\u00edo Cuarto"},"content":{"rendered":"\n<div class=\"wp-block-image\"><figure class=\"aligncenter size-large is-resized\"><img loading=\"lazy\" decoding=\"async\" src=\"https:\/\/atecordoba.org\/wp-content\/uploads\/2021\/10\/IMG-20211005-WA0070-794x1024.jpg\" alt=\"\" class=\"wp-image-28402\" width=\"596\" height=\"768\" \/><\/figure><\/div>\n\n\n\n<p>Con el objetivo de continuar la senda de crecimiento organizativo que ATE tiene entre las y los docentes provinciales, hoy se concreto una reuni\u00f3n en R\u00edo Cuarto, con representantes de niveles inicial y medio, en la sede de la seccional, que estuvo encabezada por la secretaria General, Rafaela Alcoba.<\/p>\n\n\n\n<p>En la ocasi\u00f3n participaron compa\u00f1eros y compa\u00f1eras de C\u00f3rdoba Capital, Cosqu\u00edn y R\u00edo Cuarto. En las conclusiones del encuentro se acord\u00f3 mantener la campa\u00f1a de afiliaciones y sostener al difusi\u00f3n de las principales problem\u00e1ticas del sector.  <\/p>\n\n\n\n<p><\/p>\n","protected":false},"excerpt":{"rendered":"<p>Con el objetivo de continuar la senda de crecimiento organizativo que ATE tiene entre las y los docentes provinciales, hoy se concreto una reuni\u00f3n en R\u00edo Cuarto, con representantes de niveles inicial y medio, en la sede de la seccional, que estuvo encabezada por la secretaria General, Rafaela Alcoba. En la ocasi\u00f3n participaron compa\u00f1eros y [&hellip;]<\/p>\n","protected":false},"author":7,"featured_media":28402,"comment_status":"open","ping_status":"open","sticky":false,"template":"","format":"standard","meta":{"_exactmetrics_skip_tracking":false,"_exactmetrics_sitenote_active":false,"_exactmetrics_sitenote_note":"","_exactmetrics_sitenote_category":0,"jnews-multi-image_gallery":[],"jnews_single_post":{"subtitle":"ATE es la alternativa al gremio oficialista en el sector. ","format":"standard","video":"","gallery":"","source_name":"","source_url":"","via_name":"","via_url":"","override":[{"template":"1","single_blog_custom":"","parallax":"1","fullscreen":"1","layout":"right-sidebar","sidebar":"default-sidebar","second_sidebar":"default-sidebar","sticky_sidebar":"1","share_position":"top","share_float_style":"share-monocrhome","show_share_counter":"1","show_view_counter":"1","show_featured":"1","show_post_meta":"1","show_post_author":"1","show_post_author_image":"1","show_post_date":"1","post_date_format":"default","post_date_format_custom":"Y\/m\/d","show_post_category":"1","post_reading_time_wpm":"300","zoom_button_out_step":"2","zoom_button_in_step":"3","show_post_tag":"1","show_prev_next_post":"1","show_popup_post":"1","number_popup_post":"1"}],"image_override":[{"single_post_thumbnail_size":"crop-500","single_post_gallery_size":"crop-500"}],"trending_post_position":"meta","trending_post_label":"Trending","sponsored_post_label":"Sponsored by","sponsored_post_name":"","sponsored_post_url":"","sponsored_post_logo":"","sponsored_post_desc":""},"jnews_primary_category":{"id":""},"jnews_social_meta":[],"jnews_review":[],"enable_review":"","type":"","name":"","summary":"","brand":"","sku":"","good":[],"bad":[],"score_override":"","override_value":"","rating":[],"price":[],"jnews_override_counter":[],"jnews_post_split":[],"footnotes":""},"categories":[564],"tags":[],"class_list":["post-28401","post","type-post","status-publish","format-standard","has-post-thumbnail","hentry","category-educacion"],"jetpack_featured_media_url":"https:\/\/atecordoba.org\/wp-content\/uploads\/2021\/10\/IMG-20211005-WA0070-e1633449076107.jpg","_links":{"self":[{"href":"https:\/\/atecordoba.org\/index.php?rest_route=\/wp\/v2\/posts\/28401","targetHints":{"allow":["GET"]}}],"collection":[{"href":"https:\/\/atecordoba.org\/index.php?rest_route=\/wp\/v2\/posts"}],"about":[{"href":"https:\/\/atecordoba.org\/index.php?rest_route=\/wp\/v2\/types\/post"}],"author":[{"embeddable":true,"href":"https:\/\/atecordoba.org\/index.php?rest_route=\/wp\/v2\/users\/7"}],"replies":[{"embeddable":true,"href":"https:\/\/atecordoba.org\/index.php?rest_route=%2Fwp%2Fv2%2Fcomments&post=28401"}],"version-history":[{"count":3,"href":"https:\/\/atecordoba.org\/index.php?rest_route=\/wp\/v2\/posts\/28401\/revisions"}],"predecessor-version":[{"id":28407,"href":"https:\/\/atecordoba.org\/index.php?rest_route=\/wp\/v2\/posts\/28401\/revisions\/28407"}],"wp:featuredmedia":[{"embeddable":true,"href":"https:\/\/atecordoba.org\/index.php?rest_route=\/wp\/v2\/media\/28402"}],"wp:attachment":[{"href":"https:\/\/atecordoba.org\/index.php?rest_route=%2Fwp%2Fv2%2Fmedia&parent=28401"}],"wp:term":[{"taxonomy":"category","embeddable":true,"href":"https:\/\/atecordoba.org\/index.php?rest_route=%2Fwp%2Fv2%2Fcategories&post=28401"},{"taxonomy":"post_tag","embeddable":true,"href":"https:\/\/atecordoba.org\/index.php?rest_route=%2Fwp%2Fv2%2Ftags&post=28401"}],"curies":[{"name":"wp","href":"https:\/\/api.w.org\/{rel}","templated":true}]}}