{"id":28394,"date":"2021-10-05T11:44:38","date_gmt":"2021-10-05T14:44:38","guid":{"rendered":"https:\/\/atecordoba.org\/?p=28394"},"modified":"2021-10-05T12:34:14","modified_gmt":"2021-10-05T15:34:14","slug":"eleccion-de-delegados-y-delegadas-en-san-agustin","status":"publish","type":"post","link":"https:\/\/atecordoba.org\/?p=28394","title":{"rendered":"Elecci\u00f3n de delegados y delegadas en San Agust\u00edn"},"content":{"rendered":"\n<figure class=\"wp-block-gallery aligncenter columns-2 is-cropped wp-block-gallery-1 is-layout-flex wp-block-gallery-is-layout-flex\"><ul class=\"blocks-gallery-grid\"><li class=\"blocks-gallery-item\"><figure><img loading=\"lazy\" decoding=\"async\" width=\"768\" height=\"1024\" src=\"https:\/\/atecordoba.org\/wp-content\/uploads\/2021\/10\/IMG-20211005-WA0071-768x1024.jpg\" alt=\"\" data-id=\"28398\" data-full-url=\"https:\/\/atecordoba.org\/wp-content\/uploads\/2021\/10\/IMG-20211005-WA0071.jpg\" data-link=\"https:\/\/atecordoba.org\/?attachment_id=28398\" class=\"wp-image-28398\" srcset=\"https:\/\/atecordoba.org\/wp-content\/uploads\/2021\/10\/IMG-20211005-WA0071-768x1024.jpg 768w, https:\/\/atecordoba.org\/wp-content\/uploads\/2021\/10\/IMG-20211005-WA0071-225x300.jpg 225w, https:\/\/atecordoba.org\/wp-content\/uploads\/2021\/10\/IMG-20211005-WA0071-1152x1536.jpg 1152w, https:\/\/atecordoba.org\/wp-content\/uploads\/2021\/10\/IMG-20211005-WA0071-750x1000.jpg 750w, https:\/\/atecordoba.org\/wp-content\/uploads\/2021\/10\/IMG-20211005-WA0071-1140x1520.jpg 1140w, https:\/\/atecordoba.org\/wp-content\/uploads\/2021\/10\/IMG-20211005-WA0071.jpg 1200w\" sizes=\"auto, (max-width: 768px) 100vw, 768px\" \/><\/figure><\/li><li class=\"blocks-gallery-item\"><figure><img loading=\"lazy\" decoding=\"async\" width=\"768\" height=\"1024\" src=\"https:\/\/atecordoba.org\/wp-content\/uploads\/2021\/10\/IMG-20211005-WA0072-768x1024.jpg\" alt=\"\" data-id=\"28397\" data-full-url=\"https:\/\/atecordoba.org\/wp-content\/uploads\/2021\/10\/IMG-20211005-WA0072.jpg\" data-link=\"https:\/\/atecordoba.org\/?attachment_id=28397\" class=\"wp-image-28397\" \/><\/figure><\/li><\/ul><\/figure>\n\n\n\n<p>Desde las 8 de la ma\u00f1ana se est\u00e1 desarrollando en la localidad de San Agust\u00edn la elecci\u00f3n de delegados y delegadas municipales de ATE. Alrededor de 90 empadronados y empadronadas tienen la posibilidad de elegir a la compa\u00f1era Gabriela L\u00f3pez y los compa\u00f1eros V\u00edctor Tisera y Luis Etcheverry, que tendr\u00e1n tendr\u00e1n la responsabilidad de representar los derechos de los trabajadores durante los pr\u00f3ximos dos a\u00f1os. ATE tiene presencia en San Agust\u00edn desde hace ocho a\u00f1os y ya <a href=\"https:\/\/atecordoba.org\/?p=27307\">firm\u00f3 paritarias<\/a> con el Departamento Ejecutivo municipal, alcanzando una recomposici\u00f3n salarial del 47% para el 2021. <\/p>\n\n\n\n<p>El secretario General de ATE R\u00edo Tercero, Damian Albornoz, explic\u00f3 que la elecci\u00f3n &#8220;tiene que ver con una decisi\u00f3n pol\u00edtica de renovar los cuerpos de delegados de los 13 sectores que componen esta seccional antes de noviembre, una vez habilitada por el Ministerio de Trabajo cada elecci\u00f3n, para lograr la renovaci\u00f3n de los cargos de 37 delegados y delegadas&#8221;.<\/p>\n\n\n\n<p>El dirigente consider\u00f3 que &#8220;es una jornada muy importante porque consolidamos la presencia de ATE en San Agust\u00edn&#8221;, agreg\u00f3 Albornoz. <\/p>\n\n\n\n<p>La urna se ubic\u00f3 en la biblioteca municipal, a donde est\u00e1n concurriendo las y los compa\u00f1eros para ejercer su derecho al voto.<\/p>\n\n\n\n<p>A la hora del balance de la experiencia de ATE en San Agust\u00edn, el secretario Gremial de ATE R\u00edo Tercero, David Salto, record\u00f3 que en un principio &#8220;cost\u00f3 organizarse por la persecuci\u00f3n que implement\u00f3 la municipalidad, informada que ATE es un gremio combativo y a diferencia de los gremios municipales priorizamos la autonom\u00eda y la reivindicaci\u00f3n de derechos de las y los trabajadores&#8221;.<\/p>\n\n\n\n<p>Salto destac\u00f3 la &#8220;importancia de democratizar y poder elegir a quienes nos van a representar. Es sumamente importante porque las y los delegados son el nexo y los interlocutores entre las y los compa\u00f1eros con la patronal y son la primera l\u00ednea de batalla&#8221;.<\/p>\n\n\n\n<p>Del operativo electoral participaron adem\u00e1s el secretario de Organizaci\u00f3n, Juan Bazan, el ProGremial, Roberto Sosa, y la vocal de comisi\u00f3n directiva Teresa Barrios.<\/p>\n","protected":false},"excerpt":{"rendered":"<p>Desde las 8 de la ma\u00f1ana se est\u00e1 desarrollando en la localidad de San Agust\u00edn la elecci\u00f3n de delegados y delegadas municipales de ATE. Alrededor de 90 empadronados y empadronadas tienen la posibilidad de elegir a la compa\u00f1era Gabriela L\u00f3pez y los compa\u00f1eros V\u00edctor Tisera y Luis Etcheverry, que tendr\u00e1n tendr\u00e1n la responsabilidad de representar [&hellip;]<\/p>\n","protected":false},"author":7,"featured_media":28397,"comment_status":"open","ping_status":"open","sticky":false,"template":"","format":"standard","meta":{"_exactmetrics_skip_tracking":false,"_exactmetrics_sitenote_active":false,"_exactmetrics_sitenote_note":"","_exactmetrics_sitenote_category":0,"jnews-multi-image_gallery":[],"jnews_single_post":{"subtitle":"ATE lleva ocho a\u00f1os presente en la localidad representando a las y los municipales. ","format":"standard","video":"","gallery":"","source_name":"","source_url":"","via_name":"","via_url":"","override":[{"template":"1","single_blog_custom":"","parallax":"1","fullscreen":"1","layout":"right-sidebar","sidebar":"default-sidebar","second_sidebar":"default-sidebar","sticky_sidebar":"1","share_position":"top","share_float_style":"share-monocrhome","show_share_counter":"1","show_view_counter":"1","show_featured":"1","show_post_meta":"1","show_post_author":"1","show_post_author_image":"1","show_post_date":"1","post_date_format":"default","post_date_format_custom":"Y\/m\/d","show_post_category":"1","post_reading_time_wpm":"300","zoom_button_out_step":"2","zoom_button_in_step":"3","show_post_tag":"1","show_prev_next_post":"1","show_popup_post":"1","number_popup_post":"1"}],"image_override":[{"single_post_thumbnail_size":"crop-500","single_post_gallery_size":"crop-500"}],"trending_post_position":"meta","trending_post_label":"Trending","sponsored_post_label":"Sponsored by","sponsored_post_name":"","sponsored_post_url":"","sponsored_post_logo":"","sponsored_post_desc":""},"jnews_primary_category":{"id":""},"jnews_social_meta":[],"jnews_review":[],"enable_review":"","type":"","name":"","summary":"","brand":"","sku":"","good":[],"bad":[],"score_override":"","override_value":"","rating":[],"price":[],"jnews_override_counter":[],"jnews_post_split":[],"footnotes":""},"categories":[20,13],"tags":[445],"class_list":["post-28394","post","type-post","status-publish","format-standard","has-post-thumbnail","hentry","category-municipales","category-rio-tercero","tag-san-agustin"],"jetpack_featured_media_url":"https:\/\/atecordoba.org\/wp-content\/uploads\/2021\/10\/IMG-20211005-WA0072-e1633447508171.jpg","_links":{"self":[{"href":"https:\/\/atecordoba.org\/index.php?rest_route=\/wp\/v2\/posts\/28394","targetHints":{"allow":["GET"]}}],"collection":[{"href":"https:\/\/atecordoba.org\/index.php?rest_route=\/wp\/v2\/posts"}],"about":[{"href":"https:\/\/atecordoba.org\/index.php?rest_route=\/wp\/v2\/types\/post"}],"author":[{"embeddable":true,"href":"https:\/\/atecordoba.org\/index.php?rest_route=\/wp\/v2\/users\/7"}],"replies":[{"embeddable":true,"href":"https:\/\/atecordoba.org\/index.php?rest_route=%2Fwp%2Fv2%2Fcomments&post=28394"}],"version-history":[{"count":2,"href":"https:\/\/atecordoba.org\/index.php?rest_route=\/wp\/v2\/posts\/28394\/revisions"}],"predecessor-version":[{"id":28400,"href":"https:\/\/atecordoba.org\/index.php?rest_route=\/wp\/v2\/posts\/28394\/revisions\/28400"}],"wp:featuredmedia":[{"embeddable":true,"href":"https:\/\/atecordoba.org\/index.php?rest_route=\/wp\/v2\/media\/28397"}],"wp:attachment":[{"href":"https:\/\/atecordoba.org\/index.php?rest_route=%2Fwp%2Fv2%2Fmedia&parent=28394"}],"wp:term":[{"taxonomy":"category","embeddable":true,"href":"https:\/\/atecordoba.org\/index.php?rest_route=%2Fwp%2Fv2%2Fcategories&post=28394"},{"taxonomy":"post_tag","embeddable":true,"href":"https:\/\/atecordoba.org\/index.php?rest_route=%2Fwp%2Fv2%2Ftags&post=28394"}],"curies":[{"name":"wp","href":"https:\/\/api.w.org\/{rel}","templated":true}]}}