{"id":28387,"date":"2021-10-05T09:50:39","date_gmt":"2021-10-05T12:50:39","guid":{"rendered":"https:\/\/atecordoba.org\/?p=28387"},"modified":"2021-10-05T09:51:33","modified_gmt":"2021-10-05T12:51:33","slug":"las-varillas-ate-realizo-una-gran-asamblea-en-corralon-y-continua-creciendo-en-el-departamento-san-justo","status":"publish","type":"post","link":"https:\/\/atecordoba.org\/?p=28387","title":{"rendered":"Las Varillas: ATE realiz\u00f3 una gran asamblea en Corral\u00f3n y contin\u00faa creciendo en el Departamento San Justo"},"content":{"rendered":"\n<div class=\"wp-block-image\"><figure class=\"aligncenter size-large is-resized\"><img loading=\"lazy\" decoding=\"async\" src=\"https:\/\/atecordoba.org\/wp-content\/uploads\/2021\/10\/244637590_276663047792498_7883985098628065784_n.jpg\" alt=\"\" class=\"wp-image-28388\" width=\"720\" height=\"540\" \/><\/figure><\/div>\n\n\n\n<p>Durante la ma\u00f1ana de ayer, el secretario General de ATE San Francisco, Dar\u00edo Paredes, se aperson\u00f3 junto a dirigentes de la conducci\u00f3n de la seccional, para realizar la presentaci\u00f3n de ATE ante los trabajadores del Corral\u00f3n municipal de la localidad de Las Varillas. <\/p>\n\n\n\n<p>En la oportunidad, el dirigente inform\u00f3 a los compa\u00f1eros sobre la pol\u00edtica gremial que ATE lleva adelante para mejorar los salarios y las condiciones laborales del sector. <\/p>\n\n\n\n<p>Asimismo, Paredes detall\u00f3 las l\u00edneas de acci\u00f3n que ATE viene concretando en distintas localidades del Departamento San Justo, informando sobre los acuerdos salariales alcanzados y sobre el pase a planta permanente del personal precarizado, a partir de los planteos realizado antes los intendentes y jefes comunales, pol\u00edtica que nuestro sindicato fue llevando adelante a los largo y ancho del territorio provincial.<\/p>\n\n\n\n<p>A su vez, los trabajadores presentes trasladaron cu\u00e1les son los reclamos m\u00e1s urgentes en el sector. <\/p>\n\n\n\n<p>&#8220;Presentamos a ATE como la nueva alternativa gremial para el Departamento San Justo&#8221;, remarc\u00f3 Paredes.<\/p>\n\n\n\n<p>De esta forma, nuestro gremio contin\u00faa sosteniendo el crecimiento organizativo de las y los municipales de la regi\u00f3n.<\/p>\n\n\n\n<figure class=\"wp-block-gallery columns-4 is-cropped wp-block-gallery-1 is-layout-flex wp-block-gallery-is-layout-flex\"><ul class=\"blocks-gallery-grid\"><li class=\"blocks-gallery-item\"><figure><a href=\"https:\/\/atecordoba.org\/wp-content\/uploads\/2021\/10\/244421849_276662694459200_2802385891533942171_n.jpg\"><img loading=\"lazy\" decoding=\"async\" width=\"960\" height=\"720\" src=\"https:\/\/atecordoba.org\/wp-content\/uploads\/2021\/10\/244421849_276662694459200_2802385891533942171_n.jpg\" alt=\"\" data-id=\"28389\" data-full-url=\"https:\/\/atecordoba.org\/wp-content\/uploads\/2021\/10\/244421849_276662694459200_2802385891533942171_n.jpg\" data-link=\"https:\/\/atecordoba.org\/?attachment_id=28389\" class=\"wp-image-28389\" srcset=\"https:\/\/atecordoba.org\/wp-content\/uploads\/2021\/10\/244421849_276662694459200_2802385891533942171_n.jpg 960w, https:\/\/atecordoba.org\/wp-content\/uploads\/2021\/10\/244421849_276662694459200_2802385891533942171_n-300x225.jpg 300w, https:\/\/atecordoba.org\/wp-content\/uploads\/2021\/10\/244421849_276662694459200_2802385891533942171_n-768x576.jpg 768w, https:\/\/atecordoba.org\/wp-content\/uploads\/2021\/10\/244421849_276662694459200_2802385891533942171_n-750x563.jpg 750w\" sizes=\"auto, (max-width: 960px) 100vw, 960px\" \/><\/a><\/figure><\/li><li class=\"blocks-gallery-item\"><figure><a href=\"https:\/\/atecordoba.org\/wp-content\/uploads\/2021\/10\/244530395_276662647792538_2213984443079698669_n.jpg\"><img loading=\"lazy\" decoding=\"async\" width=\"960\" height=\"720\" src=\"https:\/\/atecordoba.org\/wp-content\/uploads\/2021\/10\/244530395_276662647792538_2213984443079698669_n.jpg\" alt=\"\" data-id=\"28390\" data-full-url=\"https:\/\/atecordoba.org\/wp-content\/uploads\/2021\/10\/244530395_276662647792538_2213984443079698669_n.jpg\" data-link=\"https:\/\/atecordoba.org\/?attachment_id=28390\" class=\"wp-image-28390\" srcset=\"https:\/\/atecordoba.org\/wp-content\/uploads\/2021\/10\/244530395_276662647792538_2213984443079698669_n.jpg 960w, https:\/\/atecordoba.org\/wp-content\/uploads\/2021\/10\/244530395_276662647792538_2213984443079698669_n-300x225.jpg 300w, https:\/\/atecordoba.org\/wp-content\/uploads\/2021\/10\/244530395_276662647792538_2213984443079698669_n-768x576.jpg 768w, https:\/\/atecordoba.org\/wp-content\/uploads\/2021\/10\/244530395_276662647792538_2213984443079698669_n-750x563.jpg 750w\" sizes=\"auto, (max-width: 960px) 100vw, 960px\" \/><\/a><\/figure><\/li><li class=\"blocks-gallery-item\"><figure><a href=\"https:\/\/atecordoba.org\/wp-content\/uploads\/2021\/10\/244581358_276662917792511_6937818856556730472_n.jpg\"><img loading=\"lazy\" decoding=\"async\" width=\"960\" height=\"720\" src=\"https:\/\/atecordoba.org\/wp-content\/uploads\/2021\/10\/244581358_276662917792511_6937818856556730472_n.jpg\" alt=\"\" data-id=\"28391\" data-full-url=\"https:\/\/atecordoba.org\/wp-content\/uploads\/2021\/10\/244581358_276662917792511_6937818856556730472_n.jpg\" data-link=\"https:\/\/atecordoba.org\/?attachment_id=28391\" class=\"wp-image-28391\" srcset=\"https:\/\/atecordoba.org\/wp-content\/uploads\/2021\/10\/244581358_276662917792511_6937818856556730472_n.jpg 960w, https:\/\/atecordoba.org\/wp-content\/uploads\/2021\/10\/244581358_276662917792511_6937818856556730472_n-300x225.jpg 300w, https:\/\/atecordoba.org\/wp-content\/uploads\/2021\/10\/244581358_276662917792511_6937818856556730472_n-768x576.jpg 768w, https:\/\/atecordoba.org\/wp-content\/uploads\/2021\/10\/244581358_276662917792511_6937818856556730472_n-750x563.jpg 750w\" sizes=\"auto, (max-width: 960px) 100vw, 960px\" \/><\/a><\/figure><\/li><li class=\"blocks-gallery-item\"><figure><a href=\"https:\/\/atecordoba.org\/wp-content\/uploads\/2021\/10\/244638908_276662807792522_1383677889984019184_n.jpg\"><img loading=\"lazy\" decoding=\"async\" width=\"960\" height=\"720\" src=\"https:\/\/atecordoba.org\/wp-content\/uploads\/2021\/10\/244638908_276662807792522_1383677889984019184_n.jpg\" alt=\"\" data-id=\"28392\" data-full-url=\"https:\/\/atecordoba.org\/wp-content\/uploads\/2021\/10\/244638908_276662807792522_1383677889984019184_n.jpg\" data-link=\"https:\/\/atecordoba.org\/?attachment_id=28392\" class=\"wp-image-28392\" srcset=\"https:\/\/atecordoba.org\/wp-content\/uploads\/2021\/10\/244638908_276662807792522_1383677889984019184_n.jpg 960w, https:\/\/atecordoba.org\/wp-content\/uploads\/2021\/10\/244638908_276662807792522_1383677889984019184_n-300x225.jpg 300w, https:\/\/atecordoba.org\/wp-content\/uploads\/2021\/10\/244638908_276662807792522_1383677889984019184_n-768x576.jpg 768w, https:\/\/atecordoba.org\/wp-content\/uploads\/2021\/10\/244638908_276662807792522_1383677889984019184_n-750x563.jpg 750w\" sizes=\"auto, (max-width: 960px) 100vw, 960px\" \/><\/a><\/figure><\/li><\/ul><\/figure>\n\n\n\n<p><\/p>\n","protected":false},"excerpt":{"rendered":"<p>Durante la ma\u00f1ana de ayer, el secretario General de ATE San Francisco, Dar\u00edo Paredes, se aperson\u00f3 junto a dirigentes de la conducci\u00f3n de la seccional, para realizar la presentaci\u00f3n de ATE ante los trabajadores del Corral\u00f3n municipal de la localidad de Las Varillas. En la oportunidad, el dirigente inform\u00f3 a los compa\u00f1eros sobre la pol\u00edtica [&hellip;]<\/p>\n","protected":false},"author":7,"featured_media":28388,"comment_status":"open","ping_status":"open","sticky":false,"template":"","format":"standard","meta":{"_exactmetrics_skip_tracking":false,"_exactmetrics_sitenote_active":false,"_exactmetrics_sitenote_note":"","_exactmetrics_sitenote_category":0,"jnews-multi-image_gallery":[],"jnews_single_post":{"subtitle":"Los trabajadores expresaron sus reclamos sobre salarios y condiciones laborales. ","format":"standard","video":"","gallery":"","source_name":"","source_url":"","via_name":"","via_url":"","override":[{"template":"1","single_blog_custom":"","parallax":"1","fullscreen":"1","layout":"right-sidebar","sidebar":"default-sidebar","second_sidebar":"default-sidebar","sticky_sidebar":"1","share_position":"top","share_float_style":"share-monocrhome","show_share_counter":"1","show_view_counter":"1","show_featured":"1","show_post_meta":"1","show_post_author":"1","show_post_author_image":"1","show_post_date":"1","post_date_format":"default","post_date_format_custom":"Y\/m\/d","show_post_category":"1","post_reading_time_wpm":"300","zoom_button_out_step":"2","zoom_button_in_step":"3","show_post_tag":"1","show_prev_next_post":"1","show_popup_post":"1","number_popup_post":"1"}],"image_override":[{"single_post_thumbnail_size":"crop-500","single_post_gallery_size":"crop-500"}],"trending_post_position":"meta","trending_post_label":"Trending","sponsored_post_label":"Sponsored by","sponsored_post_name":"","sponsored_post_url":"","sponsored_post_logo":"","sponsored_post_desc":""},"jnews_primary_category":{"id":""},"jnews_social_meta":[],"jnews_review":[],"enable_review":"","type":"","name":"","summary":"","brand":"","sku":"","good":[],"bad":[],"score_override":"","override_value":"","rating":[],"price":[],"jnews_override_counter":[],"jnews_post_split":[],"footnotes":""},"categories":[20,148],"tags":[706,936],"class_list":["post-28387","post","type-post","status-publish","format-standard","has-post-thumbnail","hentry","category-municipales","category-san-justo","tag-departamento-san-justo","tag-las-varillas"],"jetpack_featured_media_url":"https:\/\/atecordoba.org\/wp-content\/uploads\/2021\/10\/244637590_276663047792498_7883985098628065784_n-e1633438187850.jpg","_links":{"self":[{"href":"https:\/\/atecordoba.org\/index.php?rest_route=\/wp\/v2\/posts\/28387","targetHints":{"allow":["GET"]}}],"collection":[{"href":"https:\/\/atecordoba.org\/index.php?rest_route=\/wp\/v2\/posts"}],"about":[{"href":"https:\/\/atecordoba.org\/index.php?rest_route=\/wp\/v2\/types\/post"}],"author":[{"embeddable":true,"href":"https:\/\/atecordoba.org\/index.php?rest_route=\/wp\/v2\/users\/7"}],"replies":[{"embeddable":true,"href":"https:\/\/atecordoba.org\/index.php?rest_route=%2Fwp%2Fv2%2Fcomments&post=28387"}],"version-history":[{"count":1,"href":"https:\/\/atecordoba.org\/index.php?rest_route=\/wp\/v2\/posts\/28387\/revisions"}],"predecessor-version":[{"id":28393,"href":"https:\/\/atecordoba.org\/index.php?rest_route=\/wp\/v2\/posts\/28387\/revisions\/28393"}],"wp:featuredmedia":[{"embeddable":true,"href":"https:\/\/atecordoba.org\/index.php?rest_route=\/wp\/v2\/media\/28388"}],"wp:attachment":[{"href":"https:\/\/atecordoba.org\/index.php?rest_route=%2Fwp%2Fv2%2Fmedia&parent=28387"}],"wp:term":[{"taxonomy":"category","embeddable":true,"href":"https:\/\/atecordoba.org\/index.php?rest_route=%2Fwp%2Fv2%2Fcategories&post=28387"},{"taxonomy":"post_tag","embeddable":true,"href":"https:\/\/atecordoba.org\/index.php?rest_route=%2Fwp%2Fv2%2Ftags&post=28387"}],"curies":[{"name":"wp","href":"https:\/\/api.w.org\/{rel}","templated":true}]}}