{"id":28375,"date":"2021-10-01T12:56:41","date_gmt":"2021-10-01T15:56:41","guid":{"rendered":"https:\/\/atecordoba.org\/?p=28375"},"modified":"2021-10-01T13:35:21","modified_gmt":"2021-10-01T16:35:21","slug":"ffmm-nueva-reunion-de-trabajo-por-el-cct","status":"publish","type":"post","link":"https:\/\/atecordoba.org\/?p=28375","title":{"rendered":"FFMM: nueva reuni\u00f3n de trabajo por el CCT"},"content":{"rendered":"\n<div class=\"wp-block-image\"><figure class=\"aligncenter size-large is-resized\"><img loading=\"lazy\" decoding=\"async\" src=\"https:\/\/atecordoba.org\/wp-content\/uploads\/2021\/10\/IMG-20211001-WA0095-1024x576.jpg\" alt=\"\" class=\"wp-image-28377\" width=\"768\" height=\"432\" \/><\/figure><\/div>\n\n\n\n<p>En la Seccional ATE Villa Mar\u00eda, hoy se llev\u00f3 a cabo una nueva reuni\u00f3n de trabajo en el marco del desarrollo del borrador parea el Convenio Colectivo de Trabajo (CCT) sectorial de Fabricaciones Militares. Dirigentes de ATE de las seccionales Rio Tercero y Rosario abordaron junto a los due\u00f1os de casa la complejidad de detallar las tareas que realizan los trabajadores de las plantas en la cadena productiva. En representaci\u00f3n del Consejo Directivo Provincial (CDP) estuvo presente el secretario de Formaci\u00f3n Cesar Theaux, a su vez director del Departamento de DDHH y trabajador del Ministerio de Trabajo de la Naci\u00f3n. <\/p>\n\n\n\n<p>&#8220;Tenemos la esperanza que el Convenio se discuta con el gobierno nacional este a\u00f1o&#8221;, dijo Theaux. <\/p>\n\n\n\n<p>El dirigente explic\u00f3 que se estuvo realizando el el detalle de las \u00e1rea, actores y trabajos que realizan cada uno de los trabajadores de las distintas f\u00e1bricas para poder conveniarlos.<\/p>\n\n\n\n<p>&#8220;Luego de esto, se enviar\u00e1 el borrador a cada una de las f\u00e1bricas para que los compa\u00f1eros lo puedan revisar, en la semana del 18 a 20 de octubre. All\u00ed se ver\u00e1 si faltan tareas que no est\u00e9n registradas para ir terminando esta etapa&#8221;, concluy\u00f3 Theaux.<\/p>\n\n\n\n<p>El CCT es un viejo anhelo de las y los fabriqueros, que poco a poco, y como resultado de la convicci\u00f3n inquebrantable de ATE, cada d\u00eda est\u00e1 m\u00e1s cerca de concretarse. <\/p>\n","protected":false},"excerpt":{"rendered":"<p>En la Seccional ATE Villa Mar\u00eda, hoy se llev\u00f3 a cabo una nueva reuni\u00f3n de trabajo en el marco del desarrollo del borrador parea el Convenio Colectivo de Trabajo (CCT) sectorial de Fabricaciones Militares. Dirigentes de ATE de las seccionales Rio Tercero y Rosario abordaron junto a los due\u00f1os de casa la complejidad de detallar [&hellip;]<\/p>\n","protected":false},"author":7,"featured_media":28377,"comment_status":"open","ping_status":"open","sticky":false,"template":"","format":"standard","meta":{"_exactmetrics_skip_tracking":false,"_exactmetrics_sitenote_active":false,"_exactmetrics_sitenote_note":"","_exactmetrics_sitenote_category":0,"jnews-multi-image_gallery":[],"jnews_single_post":{"subtitle":"El secretario de Formaci\u00f3n del CDP, C\u00e9sar Theaux, particip\u00f3  de la actividad junto a compa\u00f1eros de las seccionales Villa Mar\u00eda, R\u00edo Tercero y Rosario. ","format":"standard","video":"","gallery":"","source_name":"","source_url":"","via_name":"","via_url":"","override":[{"template":"1","single_blog_custom":"","parallax":"1","fullscreen":"1","layout":"right-sidebar","sidebar":"default-sidebar","second_sidebar":"default-sidebar","sticky_sidebar":"1","share_position":"top","share_float_style":"share-monocrhome","show_share_counter":"1","show_view_counter":"1","show_featured":"1","show_post_meta":"1","show_post_author":"1","show_post_author_image":"1","show_post_date":"1","post_date_format":"default","post_date_format_custom":"Y\/m\/d","show_post_category":"1","post_reading_time_wpm":"300","zoom_button_out_step":"2","zoom_button_in_step":"3","show_post_tag":"1","show_prev_next_post":"1","show_popup_post":"1","number_popup_post":"1"}],"image_override":[{"single_post_thumbnail_size":"crop-500","single_post_gallery_size":"crop-500"}],"trending_post_position":"meta","trending_post_label":"Trending","sponsored_post_label":"Sponsored by","sponsored_post_name":"","sponsored_post_url":"","sponsored_post_logo":"","sponsored_post_desc":""},"jnews_primary_category":{"id":""},"jnews_social_meta":[],"jnews_review":[],"enable_review":"","type":"","name":"","summary":"","brand":"","sku":"","good":[],"bad":[],"score_override":"","override_value":"","rating":[],"price":[],"jnews_override_counter":[],"jnews_post_split":[],"footnotes":""},"categories":[18],"tags":[645,570],"class_list":["post-28375","post","type-post","status-publish","format-standard","has-post-thumbnail","hentry","category-nacionales","tag-convenio-colectivo-de-trabajo","tag-direccion-general-de-fabricaciones-militares"],"jetpack_featured_media_url":"https:\/\/atecordoba.org\/wp-content\/uploads\/2021\/10\/IMG-20211001-WA0095-e1633106073146.jpg","_links":{"self":[{"href":"https:\/\/atecordoba.org\/index.php?rest_route=\/wp\/v2\/posts\/28375","targetHints":{"allow":["GET"]}}],"collection":[{"href":"https:\/\/atecordoba.org\/index.php?rest_route=\/wp\/v2\/posts"}],"about":[{"href":"https:\/\/atecordoba.org\/index.php?rest_route=\/wp\/v2\/types\/post"}],"author":[{"embeddable":true,"href":"https:\/\/atecordoba.org\/index.php?rest_route=\/wp\/v2\/users\/7"}],"replies":[{"embeddable":true,"href":"https:\/\/atecordoba.org\/index.php?rest_route=%2Fwp%2Fv2%2Fcomments&post=28375"}],"version-history":[{"count":1,"href":"https:\/\/atecordoba.org\/index.php?rest_route=\/wp\/v2\/posts\/28375\/revisions"}],"predecessor-version":[{"id":28378,"href":"https:\/\/atecordoba.org\/index.php?rest_route=\/wp\/v2\/posts\/28375\/revisions\/28378"}],"wp:featuredmedia":[{"embeddable":true,"href":"https:\/\/atecordoba.org\/index.php?rest_route=\/wp\/v2\/media\/28377"}],"wp:attachment":[{"href":"https:\/\/atecordoba.org\/index.php?rest_route=%2Fwp%2Fv2%2Fmedia&parent=28375"}],"wp:term":[{"taxonomy":"category","embeddable":true,"href":"https:\/\/atecordoba.org\/index.php?rest_route=%2Fwp%2Fv2%2Fcategories&post=28375"},{"taxonomy":"post_tag","embeddable":true,"href":"https:\/\/atecordoba.org\/index.php?rest_route=%2Fwp%2Fv2%2Ftags&post=28375"}],"curies":[{"name":"wp","href":"https:\/\/api.w.org\/{rel}","templated":true}]}}