{"id":28371,"date":"2021-10-01T12:15:49","date_gmt":"2021-10-01T15:15:49","guid":{"rendered":"https:\/\/atecordoba.org\/?p=28371"},"modified":"2021-10-01T13:23:10","modified_gmt":"2021-10-01T16:23:10","slug":"la-libreria-el-espejo-prepara-una-intensa-gama-de-actividades-para-la-proxima-feria-del-libro-de-cordoba","status":"publish","type":"post","link":"https:\/\/atecordoba.org\/?p=28371","title":{"rendered":"La librer\u00eda El Espejo prepara una intensa gama de actividades para la pr\u00f3xima Feria del Libro de C\u00f3rdoba"},"content":{"rendered":"\n<div class=\"wp-block-image\"><figure class=\"aligncenter size-large is-resized\"><img loading=\"lazy\" decoding=\"async\" src=\"https:\/\/atecordoba.org\/wp-content\/uploads\/2021\/10\/Screenshot_20211001-105255-383-1-936x1024.png\" alt=\"\" class=\"wp-image-28372\" width=\"702\" height=\"768\" srcset=\"https:\/\/atecordoba.org\/wp-content\/uploads\/2021\/10\/Screenshot_20211001-105255-383-1-936x1024.png 936w, https:\/\/atecordoba.org\/wp-content\/uploads\/2021\/10\/Screenshot_20211001-105255-383-1-274x300.png 274w, https:\/\/atecordoba.org\/wp-content\/uploads\/2021\/10\/Screenshot_20211001-105255-383-1-768x840.png 768w, https:\/\/atecordoba.org\/wp-content\/uploads\/2021\/10\/Screenshot_20211001-105255-383-1-750x820.png 750w, https:\/\/atecordoba.org\/wp-content\/uploads\/2021\/10\/Screenshot_20211001-105255-383-1.png 1080w\" sizes=\"auto, (max-width: 702px) 100vw, 702px\" \/><\/figure><\/div>\n\n\n\n<p>En el marco del <a href=\"https:\/\/atecordoba.org\/?p=21867\">convenio<\/a> que el Consejo Directivo Provincial tiene vigente con la librer\u00eda El Espejo, de las m\u00e1s prestigiosas e importantes de C\u00f3rdoba Capital, ATE C\u00f3rdoba invita a las y los afiliados a disfrutar la amplia oferta de actividades que est\u00e1n programadas para la pr\u00f3xima Feria del Libro, que en su 35\u00b0 edici\u00f3n se desarrollar\u00e1 entre hoy 1\u00b0 de octubre y el  lunes 11 del corriente.<\/p>\n\n\n\n<p>En tal sentido, est\u00e1n previstas  10 actividades distintas que van desde el Rock, la mejor Ciencia Ficci\u00f3n, herramientas para acompa\u00f1ar a las Infancias o un Laboratorio de Escritura.<\/p>\n\n\n\n<p>Tambi\u00e9n se suma la presentaci\u00f3n del libro &#8220;El sue\u00f1o del tsunami&#8221; del escritor Mart\u00edn Cristal y la obra de la escritora Pilar Ordo\u00f1ez &#8220;Otras medidas&#8221;. El Espejo organiza un homenaje al gran Alejandro Schmidt y la presentaci\u00f3n del libro de Pascal Quignard. <\/p>\n\n\n\n<p>En tanto, para el domingo 10 se presenta en El Espejo la mejor revista de la historia argentina: la CRISIS, acto que se llevar\u00e1 a cabo en la propia librer\u00eda, Dean Funes 163 locales 4 y 5. Para la tarde est\u00e1 prevista la presentaci\u00f3n de la tradicional Agenda  de la Escuela &#8220;Alegr\u00eda Ahora&#8221;, en lo que la librer\u00eda espera que sea actividad m\u00e1s convocante de toda la Feria del libro de C\u00f3rdoba.<\/p>\n\n\n\n<p>Cabe recordar que las y los afiliados de ATE C\u00f3rdoba gozan del beneficio de un descuento del 10% para todas las compras realizadas en El Espejo. <\/p>\n","protected":false},"excerpt":{"rendered":"<p>En el marco del convenio que el Consejo Directivo Provincial tiene vigente con la librer\u00eda El Espejo, de las m\u00e1s prestigiosas e importantes de C\u00f3rdoba Capital, ATE C\u00f3rdoba invita a las y los afiliados a disfrutar la amplia oferta de actividades que est\u00e1n programadas para la pr\u00f3xima Feria del Libro, que en su 35\u00b0 edici\u00f3n [&hellip;]<\/p>\n","protected":false},"author":7,"featured_media":28373,"comment_status":"open","ping_status":"open","sticky":false,"template":"","format":"standard","meta":{"_exactmetrics_skip_tracking":false,"_exactmetrics_sitenote_active":false,"_exactmetrics_sitenote_note":"","_exactmetrics_sitenote_category":0,"jnews-multi-image_gallery":[],"jnews_single_post":{"subtitle":"Las y los afiliados de ATE C\u00f3rdoba est\u00e1n invitados a disfrutar de esta importante actividad cultural de C\u00f3rdoba Capital. ","format":"standard","video":"","gallery":"","source_name":"","source_url":"","via_name":"","via_url":"","override":[{"template":"1","single_blog_custom":"","parallax":"1","fullscreen":"1","layout":"right-sidebar","sidebar":"default-sidebar","second_sidebar":"default-sidebar","sticky_sidebar":"1","share_position":"top","share_float_style":"share-monocrhome","show_share_counter":"1","show_view_counter":"1","show_featured":"1","show_post_meta":"1","show_post_author":"1","show_post_author_image":"1","show_post_date":"1","post_date_format":"default","post_date_format_custom":"Y\/m\/d","show_post_category":"1","post_reading_time_wpm":"300","zoom_button_out_step":"2","zoom_button_in_step":"3","show_post_tag":"1","show_prev_next_post":"1","show_popup_post":"1","number_popup_post":"1"}],"image_override":[{"single_post_thumbnail_size":"crop-500","single_post_gallery_size":"crop-500"}],"trending_post_position":"meta","trending_post_label":"Trending","sponsored_post_label":"Sponsored by","sponsored_post_name":"","sponsored_post_url":"","sponsored_post_logo":"","sponsored_post_desc":""},"jnews_primary_category":{"id":""},"jnews_social_meta":[],"jnews_review":[],"enable_review":"","type":"","name":"","summary":"","brand":"","sku":"","good":[],"bad":[],"score_override":"","override_value":"","rating":[],"price":[],"jnews_override_counter":[],"jnews_post_split":[],"footnotes":""},"categories":[75],"tags":[],"class_list":["post-28371","post","type-post","status-publish","format-standard","has-post-thumbnail","hentry","category-accion-social"],"jetpack_featured_media_url":"https:\/\/atecordoba.org\/wp-content\/uploads\/2021\/10\/feria-del-libro-e1633101335647.jpg","_links":{"self":[{"href":"https:\/\/atecordoba.org\/index.php?rest_route=\/wp\/v2\/posts\/28371","targetHints":{"allow":["GET"]}}],"collection":[{"href":"https:\/\/atecordoba.org\/index.php?rest_route=\/wp\/v2\/posts"}],"about":[{"href":"https:\/\/atecordoba.org\/index.php?rest_route=\/wp\/v2\/types\/post"}],"author":[{"embeddable":true,"href":"https:\/\/atecordoba.org\/index.php?rest_route=\/wp\/v2\/users\/7"}],"replies":[{"embeddable":true,"href":"https:\/\/atecordoba.org\/index.php?rest_route=%2Fwp%2Fv2%2Fcomments&post=28371"}],"version-history":[{"count":2,"href":"https:\/\/atecordoba.org\/index.php?rest_route=\/wp\/v2\/posts\/28371\/revisions"}],"predecessor-version":[{"id":28379,"href":"https:\/\/atecordoba.org\/index.php?rest_route=\/wp\/v2\/posts\/28371\/revisions\/28379"}],"wp:featuredmedia":[{"embeddable":true,"href":"https:\/\/atecordoba.org\/index.php?rest_route=\/wp\/v2\/media\/28373"}],"wp:attachment":[{"href":"https:\/\/atecordoba.org\/index.php?rest_route=%2Fwp%2Fv2%2Fmedia&parent=28371"}],"wp:term":[{"taxonomy":"category","embeddable":true,"href":"https:\/\/atecordoba.org\/index.php?rest_route=%2Fwp%2Fv2%2Fcategories&post=28371"},{"taxonomy":"post_tag","embeddable":true,"href":"https:\/\/atecordoba.org\/index.php?rest_route=%2Fwp%2Fv2%2Ftags&post=28371"}],"curies":[{"name":"wp","href":"https:\/\/api.w.org\/{rel}","templated":true}]}}