{"id":2837,"date":"2013-06-04T18:21:32","date_gmt":"2013-06-04T21:21:32","guid":{"rendered":"http:\/\/www.atecordoba.org\/?p=2837"},"modified":"2013-06-04T18:21:32","modified_gmt":"2013-06-04T21:21:32","slug":"homenaje-al-cordobazo-trabajadores-debatieron-en-ate-historia-y-presente-del-movimiento-obrero","status":"publish","type":"post","link":"https:\/\/atecordoba.org\/?p=2837","title":{"rendered":"Homenaje al Cordobazo: trabajadores debatieron en ATE historia y presente del movimiento obrero"},"content":{"rendered":"<p><em>El viernes 31 de mayo se realiz\u00f3 en el sal\u00f3n de ATE un homenaje a la gesta hist\u00f3rica del movimiento obrero cordob\u00e9s, organizado por la Secretar\u00eda de Formaci\u00f3n y compa\u00f1eros de la Corriente Clasista y Combativa. Alrededor de 70 compa\u00f1eros de distintas organizaciones pol\u00edticas, sociales y p\u00fablico en general participaron del debate.<\/em><\/p>\n<p><a href=\"http:\/\/www.atecordoba.org\/wp-content\/uploads\/2013\/06\/foto-1.jpg\"><img loading=\"lazy\" decoding=\"async\" class=\"aligncenter size-full wp-image-2838\" title=\"foto 1\" src=\"http:\/\/www.atecordoba.org\/wp-content\/uploads\/2013\/06\/foto-1.jpg\" alt=\"\" width=\"800\" height=\"600\" \/><\/a><\/p>\n<p>El objetivo de la charla-conferencia fue debatir acerca del Cordobazo como proceso hist\u00f3rico y su relaci\u00f3n con el actual situaci\u00f3n de la clase trabajadora. Como expositores se hicieron presentes para compartir sus experiencias, el\u00a0 compa\u00f1ero Taurino Atencio ex delegado de Luz y Fuerza y compa\u00f1ero de Agust\u00edn Tosco, la compa\u00f1era Soledad Garc\u00eda ex delgada docente durante el Cordobazo y actual secretaria Adjunta de CTA provincia y el compa\u00f1ero Gerardo \u201cTito\u201d\u00a0 Luna ex delegado de SMATA C\u00f3rdoba durante los a\u00f1os 60 y 70.<\/p>\n<p><a href=\"http:\/\/www.atecordoba.org\/wp-content\/uploads\/2013\/06\/foto-7.jpg\"><img loading=\"lazy\" decoding=\"async\" class=\"alignleft size-medium wp-image-2839\" title=\"foto 7\" src=\"http:\/\/www.atecordoba.org\/wp-content\/uploads\/2013\/06\/foto-7-300x225.jpg\" alt=\"\" width=\"300\" height=\"225\" \/><\/a>El encuentro se inici\u00f3 con una muestra interactiva de videos del Cordobazo y la lectura del comunicado de Rodolfo Walsh que relataba los hechos desde la tribuna del peri\u00f3dico de la CGT de los Argentinos.<\/p>\n<p>A su turno, Taurino Atencio hizo un repaso de acontecimientos, hechos y procesos que fueron construyendo la gesta hist\u00f3rica de la clase trabajadora en el a\u00f1o 69. Es as\u00ed que acontecimientos como el fusilamiento de Valle, la persecuci\u00f3n de la Libertadora, la represi\u00f3n sobre dirigentes gremiales y pol\u00edticos, la conformaci\u00f3n de un gremialismo m\u00e1s combativo, tanto en lo pol\u00edtico como en lo reivindicativo gremial. Tambi\u00e9n refiri\u00f3 sobre antecedentes como el congreso de la La Falda y posteriormente Huerta grande; la construcci\u00f3n de la CGT de Los Argentinos tambi\u00e9n fue abordado por el ex delegado de Luz y Fuerza, como una instancia\u00a0 de impugnaci\u00f3n a un sindicalismo que basaba su existencia en la negociaci\u00f3n y prebendas con el poder existente. Es as\u00ed que el Cordobazo no solo asesta un golpe popular a la dictadura de Ongan\u00eda, tambi\u00e9n pone en cuesti\u00f3n la legitimidad de una burocracia sindical que estaba en los niveles centrales\u00a0 de las conducciones de las centrales obreras nacionales.<\/p>\n<p>Luego la compa\u00f1era Garc\u00eda, hizo un recorrido por las consecuencias del Cordobazo posteriores a esa gesta popular destacando que fue un hecho hist\u00f3rica de la clase trabajadora, \u00a0no espontaneo como lo muestra muchas veces la historia oficial, principalmente la de los grandes medios, sino parte de un proceso hist\u00f3rico que fue planificado y pensado por una dirigencia sindical consustanciada con los intereses de clase.<a href=\"http:\/\/www.atecordoba.org\/wp-content\/uploads\/2013\/06\/foto-61.jpg\"><img loading=\"lazy\" decoding=\"async\" class=\"alignleft size-medium wp-image-2840\" title=\"foto 6\" src=\"http:\/\/www.atecordoba.org\/wp-content\/uploads\/2013\/06\/foto-61-300x225.jpg\" alt=\"\" width=\"300\" height=\"225\" \/><\/a><\/p>\n<p>A su vez la secretaria Adjunta de la CTA Provincia\u00a0 destac\u00f3 el rol de la mujer trabajadora durante esas jornadas y su contribuci\u00f3n a la configuraci\u00f3n de una estructura gremial por fuera de la burocracia sindical \u201cparticipacionista\u201d que pugnaba por el di\u00e1logo y acuerdos con poder establecido tanto en lo pol\u00edtico como econ\u00f3mico.<\/p>\n<p>Por \u00faltimo el Gerardo \u201cTito\u201d Luna ex delegado de SMATA C\u00f3rdoba \u00a0ubic\u00f3 al movimiento obrero de la \u00e9poca dentro del contexto internacional se\u00f1alando que se viv\u00edan momentos de luchas emancipatorias y tambi\u00e9n de manifestaciones profundas de cambios soci-pol\u00edticos, \u201cse ve\u00eda al mundo luminoso\u201d, luminoso el mayo franc\u00e9s, luminosa la revoluci\u00f3n cubana, luminoso las revoluciones en \u00c1frica, luminoso un futuro que se hacia presente en nuestro pa\u00eds en el Rosariazo, en las manifestaciones estudiantiles y su fuerte lazo de unidad con el movimiento obrero.<\/p>\n<p>Luego de la exposici\u00f3n se realiz\u00f3 un debate con el aporte de compa\u00f1eros y compa\u00f1eros presentes, destacando la participaci\u00f3n y presencia del legislador Santiago Clavijo y el hijo de Agust\u00edn Tosco, H\u00e9ctor Tosco\u00a0 entre otros dirigentes sociales y gremiales.<\/p>\n\n","protected":false},"excerpt":{"rendered":"<p>El viernes 31 de mayo se realiz\u00f3 en el sal\u00f3n de ATE un homenaje a la gesta hist\u00f3rica del movimiento obrero cordob\u00e9s, organizado por la Secretar\u00eda de Formaci\u00f3n y compa\u00f1eros de la Corriente Clasista y Combativa. Alrededor de 70 compa\u00f1eros de distintas organizaciones pol\u00edticas, sociales y p\u00fablico en general participaron del debate. El objetivo de [&hellip;]<\/p>\n","protected":false},"author":1,"featured_media":19220,"comment_status":"open","ping_status":"open","sticky":false,"template":"","format":"standard","meta":{"_exactmetrics_skip_tracking":false,"_exactmetrics_sitenote_active":false,"_exactmetrics_sitenote_note":"","_exactmetrics_sitenote_category":0,"jnews-multi-image_gallery":[],"jnews_single_post":[],"jnews_primary_category":[],"jnews_social_meta":[],"jnews_review":[],"enable_review":"","type":"","name":"","summary":"","brand":"","sku":"","good":[],"bad":[],"score_override":"","override_value":"","rating":[],"price":[],"jnews_override_counter":[],"jnews_post_split":[],"footnotes":""},"categories":[88],"tags":[],"class_list":["post-2837","post","type-post","status-publish","format-standard","has-post-thumbnail","hentry","category-formacion"],"jetpack_featured_media_url":"https:\/\/atecordoba.org\/wp-content\/uploads\/2020\/05\/logo-nuevochico-e1561581322808.png","_links":{"self":[{"href":"https:\/\/atecordoba.org\/index.php?rest_route=\/wp\/v2\/posts\/2837","targetHints":{"allow":["GET"]}}],"collection":[{"href":"https:\/\/atecordoba.org\/index.php?rest_route=\/wp\/v2\/posts"}],"about":[{"href":"https:\/\/atecordoba.org\/index.php?rest_route=\/wp\/v2\/types\/post"}],"author":[{"embeddable":true,"href":"https:\/\/atecordoba.org\/index.php?rest_route=\/wp\/v2\/users\/1"}],"replies":[{"embeddable":true,"href":"https:\/\/atecordoba.org\/index.php?rest_route=%2Fwp%2Fv2%2Fcomments&post=2837"}],"version-history":[{"count":0,"href":"https:\/\/atecordoba.org\/index.php?rest_route=\/wp\/v2\/posts\/2837\/revisions"}],"wp:featuredmedia":[{"embeddable":true,"href":"https:\/\/atecordoba.org\/index.php?rest_route=\/wp\/v2\/media\/19220"}],"wp:attachment":[{"href":"https:\/\/atecordoba.org\/index.php?rest_route=%2Fwp%2Fv2%2Fmedia&parent=2837"}],"wp:term":[{"taxonomy":"category","embeddable":true,"href":"https:\/\/atecordoba.org\/index.php?rest_route=%2Fwp%2Fv2%2Fcategories&post=2837"},{"taxonomy":"post_tag","embeddable":true,"href":"https:\/\/atecordoba.org\/index.php?rest_route=%2Fwp%2Fv2%2Ftags&post=2837"}],"curies":[{"name":"wp","href":"https:\/\/api.w.org\/{rel}","templated":true}]}}