{"id":28359,"date":"2021-09-29T14:17:39","date_gmt":"2021-09-29T17:17:39","guid":{"rendered":"https:\/\/atecordoba.org\/?p=28359"},"modified":"2021-09-29T14:18:20","modified_gmt":"2021-09-29T17:18:20","slug":"anac-la-larga-lucha-por-mejorar-las-condiciones-de-trabajo","status":"publish","type":"post","link":"https:\/\/atecordoba.org\/?p=28359","title":{"rendered":"ANAC: la larga lucha por mejorar las condiciones de trabajo"},"content":{"rendered":"\n<div class=\"wp-block-image\"><figure class=\"aligncenter size-large is-resized\"><img loading=\"lazy\" decoding=\"async\" src=\"https:\/\/atecordoba.org\/wp-content\/uploads\/2021\/09\/28_09_Arguello_ANAC-1024x542.jpeg\" alt=\"\" class=\"wp-image-28360\" width=\"768\" height=\"407\" srcset=\"https:\/\/atecordoba.org\/wp-content\/uploads\/2021\/09\/28_09_Arguello_ANAC-1024x542.jpeg 1024w, https:\/\/atecordoba.org\/wp-content\/uploads\/2021\/09\/28_09_Arguello_ANAC-300x159.jpeg 300w, https:\/\/atecordoba.org\/wp-content\/uploads\/2021\/09\/28_09_Arguello_ANAC-768x406.jpeg 768w, https:\/\/atecordoba.org\/wp-content\/uploads\/2021\/09\/28_09_Arguello_ANAC-750x397.jpeg 750w, https:\/\/atecordoba.org\/wp-content\/uploads\/2021\/09\/28_09_Arguello_ANAC-1140x603.jpeg 1140w, https:\/\/atecordoba.org\/wp-content\/uploads\/2021\/09\/28_09_Arguello_ANAC.jpeg 1280w\" sizes=\"auto, (max-width: 768px) 100vw, 768px\" \/><\/figure><\/div>\n\n\n\n<p>En charla realizada en el programa radial Entre Todos y Todas, que la Secretaria de Prensa de ATE C\u00f3rdoba emite por GENFM 107.5, la delegada de ATE ANAC, Carina Arg\u00fcello, explic\u00f3 la realidad del sector, el papel del organismo en la pandemia y la actualidad gremial de las y los trabajadores.<\/p>\n\n\n\n<p>&#8220;Durante esta pandemia estuvimos prestando servicio y contribuyendo al traslado de personal sanitario, al traslado de \u00f3rganos para trasplante o llevando a personal de las FFAA e insumos m\u00e9dicos, as\u00ed como garantizando el acceso de las vacunas en el aeropuerto Ezeiza, interviniendo en la seguridad operacional. Nunca dejamos de trabajar, si bien la aviaci\u00f3n comercial tuvo sus restricciones. Nuestra tarea sigui\u00f3 presente las 24 horas, los 365 d\u00edas del a\u00f1o&#8221;, relat\u00f3 Arg\u00fcello , que integra los equipos de sanidad del Aeropuerto C\u00f3rdoba.<\/p>\n\n\n\n<p>En tal sentido, la delegada dijo que, como en cada aeropuerto internacional, &#8220;en C\u00f3rdoba ANAC presta servicios de extinci\u00f3n de incendios, de sanidad aeron\u00e1utica que aborda el plan de emergencia ante alg\u00fan incidente o accidente a\u00e9reo y el servicio de fiscalizaci\u00f3n, encargado de ser los brazos ejecutores de la torre de control en todo lo referente al control de la actividad en plataforma&#8221;.<\/p>\n\n\n\n<p>Se trata de servicios de alto riesgo y con un papel fundamental para garantizar un servicio clave para el sistema de transporte nacional. Por eso la delegada sostiene que debe comenzar a tratarse el reclamo de ATE por un Convenio Colectivo de Trabajo sectorial. &#8220;No tenemos un convenio propio si bien en el 2019 logramos la incorporaci\u00f3n al CCT 214&#8221;. <\/p>\n\n\n\n<p>En el debe de la ANAC, Arg\u00fcello apunta a que &#8220;como muchos organismos nacionales nuestra tarea es esencial y falta personal, faltan mujeres y diversidades, faltan personas con discapacidades, son deudas que tienen que resolverse&#8221;.<\/p>\n\n\n\n<p>Por \u00faltimo, la delegada explic\u00f3 que durante este a\u00f1o &#8220;realizamos medidas de fuerza que lograron que las autoridades accedan a crear una Mesa T\u00e9cnica de relaciones laborales donde vamos a abordar la creaci\u00f3n de un plan de carrera para el sectorial. En septiembre tuvimos dos reuniones a trav\u00e9s de la coordinaci\u00f3n nacional y se est\u00e1 avanzando&#8221;. Mientras que en el plano salarial &#8220;nos incluye la paritaria nacional, pero por medio de la Mesa T\u00e9cnica estamos planteando que el CCT incluya escalafones propios por las caracter\u00edsticas particulares de la actividad&#8221;.<\/p>\n\n\n\n<p><\/p>\n","protected":false},"excerpt":{"rendered":"<p>En charla realizada en el programa radial Entre Todos y Todas, que la Secretaria de Prensa de ATE C\u00f3rdoba emite por GENFM 107.5, la delegada de ATE ANAC, Carina Arg\u00fcello, explic\u00f3 la realidad del sector, el papel del organismo en la pandemia y la actualidad gremial de las y los trabajadores. &#8220;Durante esta pandemia estuvimos [&hellip;]<\/p>\n","protected":false},"author":7,"featured_media":28361,"comment_status":"open","ping_status":"open","sticky":false,"template":"","format":"standard","meta":{"_exactmetrics_skip_tracking":false,"_exactmetrics_sitenote_active":false,"_exactmetrics_sitenote_note":"","_exactmetrics_sitenote_category":0,"jnews-multi-image_gallery":[],"jnews_single_post":{"subtitle":"Las y los trabajadores del organismo reclaman la creaci\u00f3n de un Convenio Colectivo de Trabajo sectorial. ","format":"standard","video":"","gallery":"","source_name":"","source_url":"","via_name":"","via_url":"","override":[{"template":"1","single_blog_custom":"","parallax":"1","fullscreen":"1","layout":"right-sidebar","sidebar":"default-sidebar","second_sidebar":"default-sidebar","sticky_sidebar":"1","share_position":"top","share_float_style":"share-monocrhome","show_share_counter":"1","show_view_counter":"1","show_featured":"1","show_post_meta":"1","show_post_author":"1","show_post_author_image":"1","show_post_date":"1","post_date_format":"default","post_date_format_custom":"Y\/m\/d","show_post_category":"1","post_reading_time_wpm":"300","zoom_button_out_step":"2","zoom_button_in_step":"3","show_post_tag":"1","show_prev_next_post":"1","show_popup_post":"1","number_popup_post":"1"}],"image_override":[{"single_post_thumbnail_size":"crop-500","single_post_gallery_size":"crop-500"}],"trending_post_position":"meta","trending_post_label":"Trending","sponsored_post_label":"Sponsored by","sponsored_post_name":"","sponsored_post_url":"","sponsored_post_logo":"","sponsored_post_desc":""},"jnews_primary_category":{"id":""},"jnews_social_meta":[],"jnews_review":[],"enable_review":"","type":"","name":"","summary":"","brand":"","sku":"","good":[],"bad":[],"score_override":"","override_value":"","rating":[],"price":[],"jnews_override_counter":[],"jnews_post_split":[],"footnotes":""},"categories":[18],"tags":[33],"class_list":["post-28359","post","type-post","status-publish","format-standard","has-post-thumbnail","hentry","category-nacionales","tag-anac"],"jetpack_featured_media_url":"https:\/\/atecordoba.org\/wp-content\/uploads\/2021\/09\/ANAC-e1632935847384.jpg","_links":{"self":[{"href":"https:\/\/atecordoba.org\/index.php?rest_route=\/wp\/v2\/posts\/28359","targetHints":{"allow":["GET"]}}],"collection":[{"href":"https:\/\/atecordoba.org\/index.php?rest_route=\/wp\/v2\/posts"}],"about":[{"href":"https:\/\/atecordoba.org\/index.php?rest_route=\/wp\/v2\/types\/post"}],"author":[{"embeddable":true,"href":"https:\/\/atecordoba.org\/index.php?rest_route=\/wp\/v2\/users\/7"}],"replies":[{"embeddable":true,"href":"https:\/\/atecordoba.org\/index.php?rest_route=%2Fwp%2Fv2%2Fcomments&post=28359"}],"version-history":[{"count":1,"href":"https:\/\/atecordoba.org\/index.php?rest_route=\/wp\/v2\/posts\/28359\/revisions"}],"predecessor-version":[{"id":28362,"href":"https:\/\/atecordoba.org\/index.php?rest_route=\/wp\/v2\/posts\/28359\/revisions\/28362"}],"wp:featuredmedia":[{"embeddable":true,"href":"https:\/\/atecordoba.org\/index.php?rest_route=\/wp\/v2\/media\/28361"}],"wp:attachment":[{"href":"https:\/\/atecordoba.org\/index.php?rest_route=%2Fwp%2Fv2%2Fmedia&parent=28359"}],"wp:term":[{"taxonomy":"category","embeddable":true,"href":"https:\/\/atecordoba.org\/index.php?rest_route=%2Fwp%2Fv2%2Fcategories&post=28359"},{"taxonomy":"post_tag","embeddable":true,"href":"https:\/\/atecordoba.org\/index.php?rest_route=%2Fwp%2Fv2%2Ftags&post=28359"}],"curies":[{"name":"wp","href":"https:\/\/api.w.org\/{rel}","templated":true}]}}